{"id":31121,"date":"2025-04-24T09:20:00","date_gmt":"2025-04-24T07:20:00","guid":{"rendered":"https:\/\/www.ladiagonale.net\/?p=31121"},"modified":"2025-04-25T01:40:54","modified_gmt":"2025-04-24T23:40:54","slug":"zakaria-ne-pense-pas-a-son-futur","status":"publish","type":"post","link":"https:\/\/www.ladiagonale.net\/index.php\/2025\/04\/24\/zakaria-ne-pense-pas-a-son-futur\/","title":{"rendered":"Zakaria ne pense pas \u00e0 son futur"},"content":{"rendered":"\n<p>Thiago Scuro l\u2019a dit, il esp\u00e8re <a href=\"https:\/\/www.ladiagonale.net\/index.php\/2025\/04\/19\/scuro-garder-zakaria-est-une-des-priorites\/\" target=\"_blank\" rel=\"noreferrer noopener\">voir rester Denis Zakaria<\/a> \u00e0 l\u2019AS Monaco la saison prochaine. Cela ne semble pas d\u00e9ranger le capitaine mon\u00e9gasque, qui ne semble pas se projeter ailleurs \u00e0 l\u2019heure actuelle, comme il l&rsquo;a confi\u00e9 dans <em>G\u00e9n\u00e9ration After<\/em> sur <em>RMC Sport<\/em> : \u00ab&nbsp;<em>Je suis dans ma deuxi\u00e8me ann\u00e9e \u00e0 Monaco, \u00e7a se passe tr\u00e8s bien ici, je suis vraiment tr\u00e8s heureux. Je ne me suis r\u00e9ellement pas pos\u00e9 la question sur mon futur. Je suis heureux ici et je n\u2019ai rien d\u2019autre \u00e0 dire.<\/em>&nbsp;\u00bb<\/p>\n\n\n\n<p>Le Suisse estime r\u00e9aliser une tr\u00e8s bonne saison en Principaut\u00e9 : \u00ab\u00a0<em>J\u2019ai toujours cette ambition de me dire que je peux toujours faire mieux et \u00eatre meilleur. Je pense qu\u2019il y a encore beaucoup de choses \u00e0 am\u00e9liorer mais c\u2019est une saison assez r\u00e9ussie dans l\u2019ensemble. (\u2026) Au niveau des stats (6 buts et 3 passes), c\u2019est ma meilleure saison, mais il y a des saisons o\u00f9 je me suis mieux senti, mais sinon c\u2019est une tr\u00e8s, tr\u00e8s bonne saison de ma part.<\/em>\u00a0\u00bb<\/p>\n\n\n\n<p>Cette saison, Denis Zakaria a disput\u00e9 30 rencontres, mais comme la saison pass\u00e9e, il a montr\u00e9 une certaine fragilit\u00e9 sur le plan physique, ce qui lui a co\u00fbt\u00e9 de nombreuses absences (9 matches), et par ricochet, port\u00e9 pr\u00e9judice \u00e0 l&rsquo;\u00e9quipe, qui n&rsquo;a pas eu le m\u00eame rendement sans lui : \u00ab <em>Je ne pense pas qu\u2019il y ait une r\u00e9elle d\u00e9pendance<\/em> \u00bb, a-t-il balay\u00e9.<\/p>\n\n\n","protected":false},"excerpt":{"rendered":"<p>Thiago Scuro l\u2019a dit, il esp\u00e8re voir rester Denis Zakaria \u00e0 l\u2019AS Monaco la saison prochaine. Cela ne semble pas d\u00e9ranger le capitaine mon\u00e9gasque, qui ne semble pas se projeter ailleurs \u00e0 l\u2019heure actuelle, comme il l&rsquo;a confi\u00e9 dans G\u00e9n\u00e9ration After sur RMC Sport : \u00ab&nbsp;Je suis dans ma deuxi\u00e8me ann\u00e9e \u00e0 Monaco, \u00e7a se [&#8230;]\n","protected":false},"author":2,"featured_media":0,"comment_status":"open","ping_status":"open","sticky":false,"template":"","format":"standard","meta":[],"categories":[6],"tags":[86,631],"yoast_head":"<!-- This site is optimized with the Yoast SEO plugin v19.8 - https:\/\/yoast.com\/wordpress\/plugins\/seo\/ -->\n<title>Zakaria ne pense pas \u00e0 son futur - La Diagonale<\/title>\n<meta name=\"robots\" content=\"index, follow, max-snippet:-1, max-image-preview:large, max-video-preview:-1\" \/>\n<link rel=\"canonical\" href=\"https:\/\/www.ladiagonale.net\/index.php\/2025\/04\/24\/zakaria-ne-pense-pas-a-son-futur\/\" \/>\n<meta property=\"og:locale\" content=\"fr_FR\" \/>\n<meta property=\"og:type\" content=\"article\" \/>\n<meta property=\"og:title\" content=\"Zakaria ne pense pas \u00e0 son futur - La Diagonale\" \/>\n<meta property=\"og:description\" content=\"Thiago Scuro l\u2019a dit, il esp\u00e8re voir rester Denis Zakaria \u00e0 l\u2019AS Monaco la saison prochaine. Cela ne semble pas d\u00e9ranger le capitaine mon\u00e9gasque, qui ne semble pas se projeter ailleurs \u00e0 l\u2019heure actuelle, comme il l&rsquo;a confi\u00e9 dans G\u00e9n\u00e9ration After sur RMC Sport : \u00ab&nbsp;Je suis dans ma deuxi\u00e8me ann\u00e9e \u00e0 Monaco, \u00e7a se [...]\" \/>\n<meta property=\"og:url\" content=\"https:\/\/www.ladiagonale.net\/index.php\/2025\/04\/24\/zakaria-ne-pense-pas-a-son-futur\/\" \/>\n<meta property=\"og:site_name\" content=\"La Diagonale\" \/>\n<meta property=\"article:published_time\" content=\"2025-04-24T07:20:00+00:00\" \/>\n<meta property=\"article:modified_time\" content=\"2025-04-24T23:40:54+00:00\" \/>\n<meta property=\"og:image\" content=\"https:\/\/www.ladiagonale.net\/wp-content\/uploads\/2024\/09\/zakaria.png\" \/>\n\t<meta property=\"og:image:width\" content=\"1160\" \/>\n\t<meta property=\"og:image:height\" content=\"650\" \/>\n\t<meta property=\"og:image:type\" content=\"image\/png\" \/>\n<meta name=\"author\" content=\"Damien Dellerba\" \/>\n<meta name=\"twitter:card\" content=\"summary_large_image\" \/>\n<meta name=\"twitter:image\" content=\"https:\/\/www.ladiagonale.net\/wp-content\/uploads\/2024\/09\/zakaria.png\" \/>\n<meta name=\"twitter:label1\" content=\"\u00c9crit par\" \/>\n\t<meta name=\"twitter:data1\" content=\"Damien Dellerba\" \/>\n\t<meta name=\"twitter:label2\" content=\"Dur\u00e9e de lecture estim\u00e9e\" \/>\n\t<meta name=\"twitter:data2\" content=\"2 minutes\" \/>\n<script type=\"application\/ld+json\" class=\"yoast-schema-graph\">{\"@context\":\"https:\/\/schema.org\",\"@graph\":[{\"@type\":\"WebPage\",\"@id\":\"https:\/\/www.ladiagonale.net\/index.php\/2025\/04\/24\/zakaria-ne-pense-pas-a-son-futur\/\",\"url\":\"https:\/\/www.ladiagonale.net\/index.php\/2025\/04\/24\/zakaria-ne-pense-pas-a-son-futur\/\",\"name\":\"Zakaria ne pense pas \u00e0 son futur - La Diagonale\",\"isPartOf\":{\"@id\":\"https:\/\/www.ladiagonale.net\/#website\"},\"datePublished\":\"2025-04-24T07:20:00+00:00\",\"dateModified\":\"2025-04-24T23:40:54+00:00\",\"author\":{\"@id\":\"https:\/\/www.ladiagonale.net\/#\/schema\/person\/79ff1e7b0853ed01b2aa26e64ad300bf\"},\"breadcrumb\":{\"@id\":\"https:\/\/www.ladiagonale.net\/index.php\/2025\/04\/24\/zakaria-ne-pense-pas-a-son-futur\/#breadcrumb\"},\"inLanguage\":\"fr-FR\",\"potentialAction\":[{\"@type\":\"ReadAction\",\"target\":[\"https:\/\/www.ladiagonale.net\/index.php\/2025\/04\/24\/zakaria-ne-pense-pas-a-son-futur\/\"]}]},{\"@type\":\"BreadcrumbList\",\"@id\":\"https:\/\/www.ladiagonale.net\/index.php\/2025\/04\/24\/zakaria-ne-pense-pas-a-son-futur\/#breadcrumb\",\"itemListElement\":[{\"@type\":\"ListItem\",\"position\":1,\"name\":\"Accueil\",\"item\":\"https:\/\/www.ladiagonale.net\/\"},{\"@type\":\"ListItem\",\"position\":2,\"name\":\"Zakaria ne pense pas \u00e0 son futur\"}]},{\"@type\":\"WebSite\",\"@id\":\"https:\/\/www.ladiagonale.net\/#website\",\"url\":\"https:\/\/www.ladiagonale.net\/\",\"name\":\"La Diagonale\",\"description\":\"Le site des supporters de l&#039;AS Monaco FC\",\"potentialAction\":[{\"@type\":\"SearchAction\",\"target\":{\"@type\":\"EntryPoint\",\"urlTemplate\":\"https:\/\/www.ladiagonale.net\/?s={search_term_string}\"},\"query-input\":\"required name=search_term_string\"}],\"inLanguage\":\"fr-FR\"},{\"@type\":\"Person\",\"@id\":\"https:\/\/www.ladiagonale.net\/#\/schema\/person\/79ff1e7b0853ed01b2aa26e64ad300bf\",\"name\":\"Damien Dellerba\",\"image\":{\"@type\":\"ImageObject\",\"inLanguage\":\"fr-FR\",\"@id\":\"https:\/\/www.ladiagonale.net\/#\/schema\/person\/image\/\",\"url\":\"https:\/\/secure.gravatar.com\/avatar\/c7850e06d3ff63cdbaee88b7fc16e2f0?s=96&d=mm&r=g\",\"contentUrl\":\"https:\/\/secure.gravatar.com\/avatar\/c7850e06d3ff63cdbaee88b7fc16e2f0?s=96&d=mm&r=g\",\"caption\":\"Damien Dellerba\"},\"url\":\"https:\/\/www.ladiagonale.net\/index.php\/author\/damien\/\"}]}<\/script>\n<!-- \/ Yoast SEO plugin. -->","yoast_head_json":{"title":"Zakaria ne pense pas \u00e0 son futur - La Diagonale","robots":{"index":"index","follow":"follow","max-snippet":"max-snippet:-1","max-image-preview":"max-image-preview:large","max-video-preview":"max-video-preview:-1"},"canonical":"https:\/\/www.ladiagonale.net\/index.php\/2025\/04\/24\/zakaria-ne-pense-pas-a-son-futur\/","og_locale":"fr_FR","og_type":"article","og_title":"Zakaria ne pense pas \u00e0 son futur - La Diagonale","og_description":"Thiago Scuro l\u2019a dit, il esp\u00e8re voir rester Denis Zakaria \u00e0 l\u2019AS Monaco la saison prochaine. Cela ne semble pas d\u00e9ranger le capitaine mon\u00e9gasque, qui ne semble pas se projeter ailleurs \u00e0 l\u2019heure actuelle, comme il l&rsquo;a confi\u00e9 dans G\u00e9n\u00e9ration After sur RMC Sport : \u00ab&nbsp;Je suis dans ma deuxi\u00e8me ann\u00e9e \u00e0 Monaco, \u00e7a se [...]","og_url":"https:\/\/www.ladiagonale.net\/index.php\/2025\/04\/24\/zakaria-ne-pense-pas-a-son-futur\/","og_site_name":"La Diagonale","article_published_time":"2025-04-24T07:20:00+00:00","article_modified_time":"2025-04-24T23:40:54+00:00","og_image":[{"width":1160,"height":650,"url":"https:\/\/www.ladiagonale.net\/wp-content\/uploads\/2024\/09\/zakaria.png","type":"image\/png"}],"author":"Damien Dellerba","twitter_card":"summary_large_image","twitter_image":"https:\/\/www.ladiagonale.net\/wp-content\/uploads\/2024\/09\/zakaria.png","twitter_misc":{"\u00c9crit par":"Damien Dellerba","Dur\u00e9e de lecture estim\u00e9e":"2 minutes"},"schema":{"@context":"https:\/\/schema.org","@graph":[{"@type":"WebPage","@id":"https:\/\/www.ladiagonale.net\/index.php\/2025\/04\/24\/zakaria-ne-pense-pas-a-son-futur\/","url":"https:\/\/www.ladiagonale.net\/index.php\/2025\/04\/24\/zakaria-ne-pense-pas-a-son-futur\/","name":"Zakaria ne pense pas \u00e0 son futur - La Diagonale","isPartOf":{"@id":"https:\/\/www.ladiagonale.net\/#website"},"datePublished":"2025-04-24T07:20:00+00:00","dateModified":"2025-04-24T23:40:54+00:00","author":{"@id":"https:\/\/www.ladiagonale.net\/#\/schema\/person\/79ff1e7b0853ed01b2aa26e64ad300bf"},"breadcrumb":{"@id":"https:\/\/www.ladiagonale.net\/index.php\/2025\/04\/24\/zakaria-ne-pense-pas-a-son-futur\/#breadcrumb"},"inLanguage":"fr-FR","potentialAction":[{"@type":"ReadAction","target":["https:\/\/www.ladiagonale.net\/index.php\/2025\/04\/24\/zakaria-ne-pense-pas-a-son-futur\/"]}]},{"@type":"BreadcrumbList","@id":"https:\/\/www.ladiagonale.net\/index.php\/2025\/04\/24\/zakaria-ne-pense-pas-a-son-futur\/#breadcrumb","itemListElement":[{"@type":"ListItem","position":1,"name":"Accueil","item":"https:\/\/www.ladiagonale.net\/"},{"@type":"ListItem","position":2,"name":"Zakaria ne pense pas \u00e0 son futur"}]},{"@type":"WebSite","@id":"https:\/\/www.ladiagonale.net\/#website","url":"https:\/\/www.ladiagonale.net\/","name":"La Diagonale","description":"Le site des supporters de l&#039;AS Monaco FC","potentialAction":[{"@type":"SearchAction","target":{"@type":"EntryPoint","urlTemplate":"https:\/\/www.ladiagonale.net\/?s={search_term_string}"},"query-input":"required name=search_term_string"}],"inLanguage":"fr-FR"},{"@type":"Person","@id":"https:\/\/www.ladiagonale.net\/#\/schema\/person\/79ff1e7b0853ed01b2aa26e64ad300bf","name":"Damien Dellerba","image":{"@type":"ImageObject","inLanguage":"fr-FR","@id":"https:\/\/www.ladiagonale.net\/#\/schema\/person\/image\/","url":"https:\/\/secure.gravatar.com\/avatar\/c7850e06d3ff63cdbaee88b7fc16e2f0?s=96&d=mm&r=g","contentUrl":"https:\/\/secure.gravatar.com\/avatar\/c7850e06d3ff63cdbaee88b7fc16e2f0?s=96&d=mm&r=g","caption":"Damien Dellerba"},"url":"https:\/\/www.ladiagonale.net\/index.php\/author\/damien\/"}]}},"_links":{"self":[{"href":"https:\/\/www.ladiagonale.net\/index.php\/wp-json\/wp\/v2\/posts\/31121"}],"collection":[{"href":"https:\/\/www.ladiagonale.net\/index.php\/wp-json\/wp\/v2\/posts"}],"about":[{"href":"https:\/\/www.ladiagonale.net\/index.php\/wp-json\/wp\/v2\/types\/post"}],"author":[{"embeddable":true,"href":"https:\/\/www.ladiagonale.net\/index.php\/wp-json\/wp\/v2\/users\/2"}],"replies":[{"embeddable":true,"href":"https:\/\/www.ladiagonale.net\/index.php\/wp-json\/wp\/v2\/comments?post=31121"}],"version-history":[{"count":2,"href":"https:\/\/www.ladiagonale.net\/index.php\/wp-json\/wp\/v2\/posts\/31121\/revisions"}],"predecessor-version":[{"id":31146,"href":"https:\/\/www.ladiagonale.net\/index.php\/wp-json\/wp\/v2\/posts\/31121\/revisions\/31146"}],"wp:attachment":[{"href":"https:\/\/www.ladiagonale.net\/index.php\/wp-json\/wp\/v2\/media?parent=31121"}],"wp:term":[{"taxonomy":"category","embeddable":true,"href":"https:\/\/www.ladiagonale.net\/index.php\/wp-json\/wp\/v2\/categories?post=31121"},{"taxonomy":"post_tag","embeddable":true,"href":"https:\/\/www.ladiagonale.net\/index.php\/wp-json\/wp\/v2\/tags?post=31121"}],"curies":[{"name":"wp","href":"https:\/\/api.w.org\/{rel}","templated":true}]}}