{"id":31123,"date":"2025-04-24T23:24:10","date_gmt":"2025-04-24T21:24:10","guid":{"rendered":"https:\/\/www.ladiagonale.net\/?p=31123"},"modified":"2025-04-25T01:52:06","modified_gmt":"2025-04-24T23:52:06","slug":"akliouche-biereth-embolo-quel-monegasque-sera-le-plus-decisif-cette-saison","status":"publish","type":"post","link":"https:\/\/www.ladiagonale.net\/index.php\/2025\/04\/24\/akliouche-biereth-embolo-quel-monegasque-sera-le-plus-decisif-cette-saison\/","title":{"rendered":"Akliouche, Biereth, Embolo,\u2026 : quel Mon\u00e9gasque sera le plus d\u00e9cisif cette saison ?"},"content":{"rendered":"\n<p>Il ne reste plus que quatre matches \u00e0 disputer dans cette saison. Quatre matches pour l&rsquo;AS Monaco pour essayer de conserver sa place sur le podium, directement qualificative pour la Ligue des champions. Les Rouge et Blanc ont inscrit 78 buts toutes comp\u00e9titions confondues cette saison, dont 57 en championnat, alors qu&rsquo;ils en avaient mis 68 la saison pr\u00e9c\u00e9dente en L1. Pour d\u00e9passer ce total, il faudra marquer trois buts par match en moyenne, ce qui ne sera pas \u00e9vident en raison des oppositions \u00e0 venir (Lyon et Lens, apr\u00e8s Le Havre et Saint-\u00c9tienne).<\/p>\n\n\n\n<p>Cette saison, les Mon\u00e9gasques ont notamment pay\u00e9 le d\u00e9part de Wissam Ben Yedder, impliqu\u00e9 sur 23 buts en 2023-2024 (20 buts, 3 passes), et qui n&rsquo;a pas \u00e9t\u00e9 compens\u00e9 l&rsquo;\u00e9t\u00e9 dernier. L&rsquo;arriv\u00e9e de Mika Biereth au cours de l&rsquo;hiver a redonn\u00e9 du mordant \u00e0 l&rsquo;attaque as\u00e9miste et a eu le m\u00e9rite d&rsquo;entra\u00eener plusieurs joueurs dans son sillage. Le titre de meilleur buteur de l&rsquo;effectif ne devrait pas lui \u00e9chapper et il est \u00e0 peu pr\u00e8s assur\u00e9 d&rsquo;avoir le meilleur ratio en \u00e9tant d\u00e9cisif toutes les 79 minutes (Ilenikhena l&rsquo;est toutes les 105 minutes).<\/p>\n\n\n\n<p>Cinq joueurs sont en tout cas impliqu\u00e9s sur plus de 10 buts, comme la saison derni\u00e8re. De la liste de la saison pass\u00e9e, outre Ben Yedder, Folarin Balogun <em>(8 buts, 3 passes)<\/em> et Aleksandr Golovin <em>(6 buts, 6 passes)<\/em> ont disparu. Le premier pour une longue blessure \u00e0 l&rsquo;\u00e9paule gauche et le second par manque de performance. Ils ont \u00e9t\u00e9 remplac\u00e9s par Breel Embolo et Eliesse Ben Seghir qui sortent tous deux d&rsquo;une saison blanche ou presque l&rsquo;an pass\u00e9. Tour d&rsquo;horizon des joueurs qui ont le plus pes\u00e9 cette saison.<\/p>\n\n\n\n<div class=\"wp-block-media-text alignwide is-stacked-on-mobile\" style=\"grid-template-columns:35% auto\"><figure class=\"wp-block-media-text__media\"><img loading=\"lazy\" width=\"400\" height=\"400\" src=\"https:\/\/www.ladiagonale.net\/wp-content\/uploads\/2025\/04\/akliouche-carre.png\" alt=\"\" class=\"wp-image-31127 size-full\" srcset=\"https:\/\/www.ladiagonale.net\/wp-content\/uploads\/2025\/04\/akliouche-carre.png 400w, https:\/\/www.ladiagonale.net\/wp-content\/uploads\/2025\/04\/akliouche-carre-300x300.png 300w, https:\/\/www.ladiagonale.net\/wp-content\/uploads\/2025\/04\/akliouche-carre-150x150.png 150w, https:\/\/www.ladiagonale.net\/wp-content\/uploads\/2025\/04\/akliouche-carre-128x128.png 128w, https:\/\/www.ladiagonale.net\/wp-content\/uploads\/2025\/04\/akliouche-carre-32x32.png 32w\" sizes=\"(max-width: 400px) 100vw, 400px\" \/><\/figure><div class=\"wp-block-media-text__content\">\n<p style=\"font-size:17px\"><strong>Akliouche au point mort (6 buts, 10 passes)<\/strong><\/p>\n\n\n\n<p style=\"font-size:16px\">L\u2019international Espoirs est pour l\u2019instant le joueur le plus d\u00e9cisif de l\u2019effectif, avec six buts et dix passes. Il peut potentiellement le rester mais il lui faudra retrouver des couleurs sur les rencontres restantes. Depuis le match de Nice <em>(2-1, le 29 mars)<\/em>, et son doubl\u00e9 de passes d\u00e9cisives, celui qui est annonc\u00e9 sur le d\u00e9part cet \u00e9t\u00e9 a encha\u00een\u00e9 trois contre-performances. Le titre de meilleur passeur en L1 (actuellement \u00e0 8, \u00e0 deux longueurs de Bradley Barcola) est un objectif r\u00e9aliste, mais pour cela, il faudra remettre de l\u2019essence dans le moteur et bien finir la saison.<\/p>\n\n\n\n<p style=\"font-size:16px\"><em>Son total en 23-24 : 8 buts, 4 passes<\/em><\/p>\n<\/div><\/div>\n\n\n\n<div style=\"height:41px\" aria-hidden=\"true\" class=\"wp-block-spacer\"><\/div>\n\n\n\n<div class=\"wp-block-media-text alignwide is-stacked-on-mobile\" style=\"grid-template-columns:35% auto\"><figure class=\"wp-block-media-text__media\"><img loading=\"lazy\" width=\"400\" height=\"400\" src=\"https:\/\/www.ladiagonale.net\/wp-content\/uploads\/2025\/04\/Biereth-carre.png\" alt=\"\" class=\"wp-image-31128 size-full\" srcset=\"https:\/\/www.ladiagonale.net\/wp-content\/uploads\/2025\/04\/Biereth-carre.png 400w, https:\/\/www.ladiagonale.net\/wp-content\/uploads\/2025\/04\/Biereth-carre-300x300.png 300w, https:\/\/www.ladiagonale.net\/wp-content\/uploads\/2025\/04\/Biereth-carre-150x150.png 150w, https:\/\/www.ladiagonale.net\/wp-content\/uploads\/2025\/04\/Biereth-carre-128x128.png 128w, https:\/\/www.ladiagonale.net\/wp-content\/uploads\/2025\/04\/Biereth-carre-32x32.png 32w\" sizes=\"(max-width: 400px) 100vw, 400px\" \/><\/figure><div class=\"wp-block-media-text__content\">\n<p style=\"font-size:17px\"><strong>Biereth muet depuis trois rencontres (12 buts, 3 passes)<\/strong><\/p>\n\n\n\n<p style=\"font-size:16px\">Il sera quoi qu\u2019il en soit la sensation de cette saison. Arriv\u00e9 en janvier, le buteur danois a rapidement fait parler la poudre en calant trois tripl\u00e9s contre Auxerre, Nantes et Reims. Depuis, Biereth a un peu ralenti le rythme et il traverse une p\u00e9riode de mutisme qui dure depuis trois rencontres, ce qui ne lui \u00e9tait pas encore arriv\u00e9 cette ann\u00e9e. Mais \u00e0 l\u2019image de son but refus\u00e9 contre Strasbourg, pour une position de hors-jeu de Caio Henrique, il ne semble pas \u00e9prouver de difficult\u00e9 particuli\u00e8re ni manquer de confiance. On peut imaginer qu\u2019il pourra retrouver le chemin du but rapidement et tenter de d\u00e9passer Akliouche.<\/p>\n<\/div><\/div>\n\n\n\n<div style=\"height:41px\" aria-hidden=\"true\" class=\"wp-block-spacer\"><\/div>\n\n\n\n<div class=\"wp-block-media-text alignwide is-stacked-on-mobile\" style=\"grid-template-columns:35% auto\"><figure class=\"wp-block-media-text__media\"><img loading=\"lazy\" width=\"400\" height=\"400\" src=\"https:\/\/www.ladiagonale.net\/wp-content\/uploads\/2025\/04\/Embolo-carre.png\" alt=\"\" class=\"wp-image-31129 size-full\" srcset=\"https:\/\/www.ladiagonale.net\/wp-content\/uploads\/2025\/04\/Embolo-carre.png 400w, https:\/\/www.ladiagonale.net\/wp-content\/uploads\/2025\/04\/Embolo-carre-300x300.png 300w, https:\/\/www.ladiagonale.net\/wp-content\/uploads\/2025\/04\/Embolo-carre-150x150.png 150w, https:\/\/www.ladiagonale.net\/wp-content\/uploads\/2025\/04\/Embolo-carre-128x128.png 128w, https:\/\/www.ladiagonale.net\/wp-content\/uploads\/2025\/04\/Embolo-carre-32x32.png 32w\" sizes=\"(max-width: 400px) 100vw, 400px\" \/><\/figure><div class=\"wp-block-media-text__content\">\n<p style=\"font-size:17px\"><strong>Embolo s\u2019est r\u00e9invent\u00e9 (7 buts, 7 passes)<\/strong><\/p>\n\n\n\n<p style=\"font-size:16px\">D\u00e9cisif \u00e0 14 reprises cette saison, Breel Embolo pr\u00e9sente le bilan le plus \u00e9quilibr\u00e9 de l\u2019effectif, avec un nombre \u00e9quivalent de buts et de passes d\u00e9cisives. Dans un r\u00f4le d\u2019attaquant de soutien, voire de num\u00e9ro 10 avec l\u2019arriv\u00e9e de Mika Biereth, le Suisse s\u2019est montr\u00e9 utile pour d\u00e9livrer des passes d\u00e9cisives et faire jouer ses co\u00e9quipiers. En n\u2019ayant plus tout seul la responsabilit\u00e9 de marquer les buts de son \u00e9quipe, il s\u2019est sans doute un peu lib\u00e9r\u00e9 d\u2019un poids. Tr\u00e8s maladroit dans la surface, il a connu un regain d\u2019efficacit\u00e9 et marqu\u00e9 contre Nice et Marseille. Mais son bilan reste quand m\u00eame mauvais de ce point de vue, avec 6 buts \u00e0 peine pour 10,05 xG (buts attendus) sur la seule Ligue 1.<\/p>\n\n\n\n<p style=\"font-size:16px\"><em>Son total en 23-24 : 1 but<\/em><\/p>\n<\/div><\/div>\n\n\n\n<div style=\"height:41px\" aria-hidden=\"true\" class=\"wp-block-spacer\"><\/div>\n\n\n\n<div class=\"wp-block-media-text alignwide is-stacked-on-mobile\" style=\"grid-template-columns:35% auto\"><figure class=\"wp-block-media-text__media\"><img loading=\"lazy\" width=\"400\" height=\"400\" src=\"https:\/\/www.ladiagonale.net\/wp-content\/uploads\/2025\/04\/Ben-Seghir.png\" alt=\"\" class=\"wp-image-31126 size-full\" srcset=\"https:\/\/www.ladiagonale.net\/wp-content\/uploads\/2025\/04\/Ben-Seghir.png 400w, https:\/\/www.ladiagonale.net\/wp-content\/uploads\/2025\/04\/Ben-Seghir-300x300.png 300w, https:\/\/www.ladiagonale.net\/wp-content\/uploads\/2025\/04\/Ben-Seghir-150x150.png 150w, https:\/\/www.ladiagonale.net\/wp-content\/uploads\/2025\/04\/Ben-Seghir-128x128.png 128w, https:\/\/www.ladiagonale.net\/wp-content\/uploads\/2025\/04\/Ben-Seghir-32x32.png 32w\" sizes=\"(max-width: 400px) 100vw, 400px\" \/><\/figure><div class=\"wp-block-media-text__content\">\n<p style=\"font-size:17px\"><strong>Ben Seghir, pour sortir enfin du banc (9 buts, 4 passes)<\/strong><\/p>\n\n\n\n<p style=\"font-size:16px\">L\u2019international marocain s\u2019\u00e9tait fix\u00e9 pour objectif d\u2019atteindre les dix buts et les dix passes d\u00e9cisives pour sa premi\u00e8re saison compl\u00e8te. Il ne fait que peu de doutes qu\u2019il n\u2019y parviendra pas, mais les dix buts sont \u00e0 sa port\u00e9e puisqu\u2019il ne lui manque qu\u2019une r\u00e9alisation. Il n&rsquo;a pourtant plus \u00e9t\u00e9 d\u00e9cisif depuis mi-f\u00e9vrier et Benfica <em>(3-3, le 18 f\u00e9vrier)<\/em> et sa mise sur le banc. Il va donc devoir jouer beaucoup plus pour esp\u00e9rer repartir de l\u2019avant. Apr\u00e8s plusieurs entr\u00e9es en jeu tr\u00e8s insuffisantes, celle contre Strasbourg a \u00e9t\u00e9 meilleure et aurait pu le faire progresser vers son objectif. Elle pourrait cependant lui permettre de gagner du temps de jeu en vue des derni\u00e8res rencontres \u00e0 disputer.<\/p>\n\n\n\n<p style=\"font-size:16px\"><em>Son total en 23-24 : 2 buts, 1 passe<\/em><\/p>\n<\/div><\/div>\n\n\n\n<div style=\"height:41px\" aria-hidden=\"true\" class=\"wp-block-spacer\"><\/div>\n\n\n\n<div class=\"wp-block-media-text alignwide is-stacked-on-mobile\" style=\"grid-template-columns:35% auto\"><figure class=\"wp-block-media-text__media\"><img loading=\"lazy\" width=\"400\" height=\"400\" src=\"https:\/\/www.ladiagonale.net\/wp-content\/uploads\/2025\/04\/Minaminocarre.png\" alt=\"\" class=\"wp-image-31125 size-full\" srcset=\"https:\/\/www.ladiagonale.net\/wp-content\/uploads\/2025\/04\/Minaminocarre.png 400w, https:\/\/www.ladiagonale.net\/wp-content\/uploads\/2025\/04\/Minaminocarre-300x300.png 300w, https:\/\/www.ladiagonale.net\/wp-content\/uploads\/2025\/04\/Minaminocarre-150x150.png 150w, https:\/\/www.ladiagonale.net\/wp-content\/uploads\/2025\/04\/Minaminocarre-128x128.png 128w, https:\/\/www.ladiagonale.net\/wp-content\/uploads\/2025\/04\/Minaminocarre-32x32.png 32w\" sizes=\"(max-width: 400px) 100vw, 400px\" \/><\/figure><div class=\"wp-block-media-text__content\">\n<p style=\"font-size:17px\"><strong>Minamino a retrouv\u00e9 la lumi\u00e8re (8 buts, 4 passes)<\/strong><\/p>\n\n\n\n<p style=\"font-size:16px\">Longtemps bloqu\u00e9 \u00e0 trois buts et une passe d\u00e9cisive apr\u00e8s le mois d\u2019octobre et la rencontre contre l\u2019\u00c9toile Rouge Belgrade, le Japonais s\u2019est totalement relanc\u00e9 au cours du mois de f\u00e9vrier, en \u00e9tant trois fois d\u00e9cisif contre Nantes. Il a encha\u00een\u00e9 quatre autres buts, ce qui lui permet d\u2019\u00eatre impliqu\u00e9 sur 12 buts au total. S&rsquo;il part d&rsquo;un peu plus loin par rapport \u00e0 ses co\u00e9quipiers, il b\u00e9n\u00e9ficie d\u2019une confiance absolue de la part de son entra\u00eeneur qui lui permet d\u2019encha\u00eener les matches. De quoi se frayer un chemin vers la t\u00eate.<\/p>\n\n\n\n<p style=\"font-size:16px\"><em>Son total en 23-24 : 9 buts, 6 passes<\/em><\/p>\n<\/div><\/div>\n\n\n\n<div style=\"height:41px\" aria-hidden=\"true\" class=\"wp-block-spacer\"><\/div>\n\n\n","protected":false},"excerpt":{"rendered":"<p>Il ne reste plus que quatre matches \u00e0 disputer dans cette saison. Quatre matches pour l&rsquo;AS Monaco pour essayer de conserver sa place sur le podium, directement qualificative pour la Ligue des champions. Les Rouge et Blanc ont inscrit 78 buts toutes comp\u00e9titions confondues cette saison, dont 57 en championnat, alors qu&rsquo;ils en avaient mis [&#8230;]\n","protected":false},"author":2,"featured_media":31130,"comment_status":"open","ping_status":"open","sticky":false,"template":"","format":"standard","meta":[],"categories":[5,6],"tags":[86,161,286,190,965,164],"yoast_head":"<!-- This site is optimized with the Yoast SEO plugin v19.8 - https:\/\/yoast.com\/wordpress\/plugins\/seo\/ -->\n<title>Akliouche, Biereth, Embolo,\u2026 : quel Mon\u00e9gasque sera le plus d\u00e9cisif cette saison ? - La Diagonale<\/title>\n<meta name=\"robots\" content=\"index, follow, max-snippet:-1, max-image-preview:large, max-video-preview:-1\" \/>\n<link rel=\"canonical\" href=\"https:\/\/www.ladiagonale.net\/index.php\/2025\/04\/24\/akliouche-biereth-embolo-quel-monegasque-sera-le-plus-decisif-cette-saison\/\" \/>\n<meta property=\"og:locale\" content=\"fr_FR\" \/>\n<meta property=\"og:type\" content=\"article\" \/>\n<meta property=\"og:title\" content=\"Akliouche, Biereth, Embolo,\u2026 : quel Mon\u00e9gasque sera le plus d\u00e9cisif cette saison ? - La Diagonale\" \/>\n<meta property=\"og:description\" content=\"Il ne reste plus que quatre matches \u00e0 disputer dans cette saison. Quatre matches pour l&rsquo;AS Monaco pour essayer de conserver sa place sur le podium, directement qualificative pour la Ligue des champions. Les Rouge et Blanc ont inscrit 78 buts toutes comp\u00e9titions confondues cette saison, dont 57 en championnat, alors qu&rsquo;ils en avaient mis [...]\" \/>\n<meta property=\"og:url\" content=\"https:\/\/www.ladiagonale.net\/index.php\/2025\/04\/24\/akliouche-biereth-embolo-quel-monegasque-sera-le-plus-decisif-cette-saison\/\" \/>\n<meta property=\"og:site_name\" content=\"La Diagonale\" \/>\n<meta property=\"article:published_time\" content=\"2025-04-24T21:24:10+00:00\" \/>\n<meta property=\"article:modified_time\" content=\"2025-04-24T23:52:06+00:00\" \/>\n<meta property=\"og:image\" content=\"https:\/\/www.ladiagonale.net\/wp-content\/uploads\/2025\/04\/de\u0301cisif.png\" \/>\n\t<meta property=\"og:image:width\" content=\"1160\" \/>\n\t<meta property=\"og:image:height\" content=\"650\" \/>\n\t<meta property=\"og:image:type\" content=\"image\/png\" \/>\n<meta name=\"author\" content=\"Damien Dellerba\" \/>\n<meta name=\"twitter:card\" content=\"summary_large_image\" \/>\n<meta name=\"twitter:image\" content=\"https:\/\/www.ladiagonale.net\/wp-content\/uploads\/2025\/04\/de\u0301cisif.png\" \/>\n<meta name=\"twitter:label1\" content=\"\u00c9crit par\" \/>\n\t<meta name=\"twitter:data1\" content=\"Damien Dellerba\" \/>\n\t<meta name=\"twitter:label2\" content=\"Dur\u00e9e de lecture estim\u00e9e\" \/>\n\t<meta name=\"twitter:data2\" content=\"6 minutes\" \/>\n<script type=\"application\/ld+json\" class=\"yoast-schema-graph\">{\"@context\":\"https:\/\/schema.org\",\"@graph\":[{\"@type\":\"WebPage\",\"@id\":\"https:\/\/www.ladiagonale.net\/index.php\/2025\/04\/24\/akliouche-biereth-embolo-quel-monegasque-sera-le-plus-decisif-cette-saison\/\",\"url\":\"https:\/\/www.ladiagonale.net\/index.php\/2025\/04\/24\/akliouche-biereth-embolo-quel-monegasque-sera-le-plus-decisif-cette-saison\/\",\"name\":\"Akliouche, Biereth, Embolo,\u2026 : quel Mon\u00e9gasque sera le plus d\u00e9cisif cette saison ? - La Diagonale\",\"isPartOf\":{\"@id\":\"https:\/\/www.ladiagonale.net\/#website\"},\"datePublished\":\"2025-04-24T21:24:10+00:00\",\"dateModified\":\"2025-04-24T23:52:06+00:00\",\"author\":{\"@id\":\"https:\/\/www.ladiagonale.net\/#\/schema\/person\/79ff1e7b0853ed01b2aa26e64ad300bf\"},\"breadcrumb\":{\"@id\":\"https:\/\/www.ladiagonale.net\/index.php\/2025\/04\/24\/akliouche-biereth-embolo-quel-monegasque-sera-le-plus-decisif-cette-saison\/#breadcrumb\"},\"inLanguage\":\"fr-FR\",\"potentialAction\":[{\"@type\":\"ReadAction\",\"target\":[\"https:\/\/www.ladiagonale.net\/index.php\/2025\/04\/24\/akliouche-biereth-embolo-quel-monegasque-sera-le-plus-decisif-cette-saison\/\"]}]},{\"@type\":\"BreadcrumbList\",\"@id\":\"https:\/\/www.ladiagonale.net\/index.php\/2025\/04\/24\/akliouche-biereth-embolo-quel-monegasque-sera-le-plus-decisif-cette-saison\/#breadcrumb\",\"itemListElement\":[{\"@type\":\"ListItem\",\"position\":1,\"name\":\"Accueil\",\"item\":\"https:\/\/www.ladiagonale.net\/\"},{\"@type\":\"ListItem\",\"position\":2,\"name\":\"Akliouche, Biereth, Embolo,\u2026 : quel Mon\u00e9gasque sera le plus d\u00e9cisif cette saison ?\"}]},{\"@type\":\"WebSite\",\"@id\":\"https:\/\/www.ladiagonale.net\/#website\",\"url\":\"https:\/\/www.ladiagonale.net\/\",\"name\":\"La Diagonale\",\"description\":\"Le site des supporters de l&#039;AS Monaco FC\",\"potentialAction\":[{\"@type\":\"SearchAction\",\"target\":{\"@type\":\"EntryPoint\",\"urlTemplate\":\"https:\/\/www.ladiagonale.net\/?s={search_term_string}\"},\"query-input\":\"required name=search_term_string\"}],\"inLanguage\":\"fr-FR\"},{\"@type\":\"Person\",\"@id\":\"https:\/\/www.ladiagonale.net\/#\/schema\/person\/79ff1e7b0853ed01b2aa26e64ad300bf\",\"name\":\"Damien Dellerba\",\"image\":{\"@type\":\"ImageObject\",\"inLanguage\":\"fr-FR\",\"@id\":\"https:\/\/www.ladiagonale.net\/#\/schema\/person\/image\/\",\"url\":\"https:\/\/secure.gravatar.com\/avatar\/c7850e06d3ff63cdbaee88b7fc16e2f0?s=96&d=mm&r=g\",\"contentUrl\":\"https:\/\/secure.gravatar.com\/avatar\/c7850e06d3ff63cdbaee88b7fc16e2f0?s=96&d=mm&r=g\",\"caption\":\"Damien Dellerba\"},\"url\":\"https:\/\/www.ladiagonale.net\/index.php\/author\/damien\/\"}]}<\/script>\n<!-- \/ Yoast SEO plugin. -->","yoast_head_json":{"title":"Akliouche, Biereth, Embolo,\u2026 : quel Mon\u00e9gasque sera le plus d\u00e9cisif cette saison ? - La Diagonale","robots":{"index":"index","follow":"follow","max-snippet":"max-snippet:-1","max-image-preview":"max-image-preview:large","max-video-preview":"max-video-preview:-1"},"canonical":"https:\/\/www.ladiagonale.net\/index.php\/2025\/04\/24\/akliouche-biereth-embolo-quel-monegasque-sera-le-plus-decisif-cette-saison\/","og_locale":"fr_FR","og_type":"article","og_title":"Akliouche, Biereth, Embolo,\u2026 : quel Mon\u00e9gasque sera le plus d\u00e9cisif cette saison ? - La Diagonale","og_description":"Il ne reste plus que quatre matches \u00e0 disputer dans cette saison. Quatre matches pour l&rsquo;AS Monaco pour essayer de conserver sa place sur le podium, directement qualificative pour la Ligue des champions. Les Rouge et Blanc ont inscrit 78 buts toutes comp\u00e9titions confondues cette saison, dont 57 en championnat, alors qu&rsquo;ils en avaient mis [...]","og_url":"https:\/\/www.ladiagonale.net\/index.php\/2025\/04\/24\/akliouche-biereth-embolo-quel-monegasque-sera-le-plus-decisif-cette-saison\/","og_site_name":"La Diagonale","article_published_time":"2025-04-24T21:24:10+00:00","article_modified_time":"2025-04-24T23:52:06+00:00","og_image":[{"width":1160,"height":650,"url":"https:\/\/www.ladiagonale.net\/wp-content\/uploads\/2025\/04\/de\u0301cisif.png","type":"image\/png"}],"author":"Damien Dellerba","twitter_card":"summary_large_image","twitter_image":"https:\/\/www.ladiagonale.net\/wp-content\/uploads\/2025\/04\/de\u0301cisif.png","twitter_misc":{"\u00c9crit par":"Damien Dellerba","Dur\u00e9e de lecture estim\u00e9e":"6 minutes"},"schema":{"@context":"https:\/\/schema.org","@graph":[{"@type":"WebPage","@id":"https:\/\/www.ladiagonale.net\/index.php\/2025\/04\/24\/akliouche-biereth-embolo-quel-monegasque-sera-le-plus-decisif-cette-saison\/","url":"https:\/\/www.ladiagonale.net\/index.php\/2025\/04\/24\/akliouche-biereth-embolo-quel-monegasque-sera-le-plus-decisif-cette-saison\/","name":"Akliouche, Biereth, Embolo,\u2026 : quel Mon\u00e9gasque sera le plus d\u00e9cisif cette saison ? - La Diagonale","isPartOf":{"@id":"https:\/\/www.ladiagonale.net\/#website"},"datePublished":"2025-04-24T21:24:10+00:00","dateModified":"2025-04-24T23:52:06+00:00","author":{"@id":"https:\/\/www.ladiagonale.net\/#\/schema\/person\/79ff1e7b0853ed01b2aa26e64ad300bf"},"breadcrumb":{"@id":"https:\/\/www.ladiagonale.net\/index.php\/2025\/04\/24\/akliouche-biereth-embolo-quel-monegasque-sera-le-plus-decisif-cette-saison\/#breadcrumb"},"inLanguage":"fr-FR","potentialAction":[{"@type":"ReadAction","target":["https:\/\/www.ladiagonale.net\/index.php\/2025\/04\/24\/akliouche-biereth-embolo-quel-monegasque-sera-le-plus-decisif-cette-saison\/"]}]},{"@type":"BreadcrumbList","@id":"https:\/\/www.ladiagonale.net\/index.php\/2025\/04\/24\/akliouche-biereth-embolo-quel-monegasque-sera-le-plus-decisif-cette-saison\/#breadcrumb","itemListElement":[{"@type":"ListItem","position":1,"name":"Accueil","item":"https:\/\/www.ladiagonale.net\/"},{"@type":"ListItem","position":2,"name":"Akliouche, Biereth, Embolo,\u2026 : quel Mon\u00e9gasque sera le plus d\u00e9cisif cette saison ?"}]},{"@type":"WebSite","@id":"https:\/\/www.ladiagonale.net\/#website","url":"https:\/\/www.ladiagonale.net\/","name":"La Diagonale","description":"Le site des supporters de l&#039;AS Monaco FC","potentialAction":[{"@type":"SearchAction","target":{"@type":"EntryPoint","urlTemplate":"https:\/\/www.ladiagonale.net\/?s={search_term_string}"},"query-input":"required name=search_term_string"}],"inLanguage":"fr-FR"},{"@type":"Person","@id":"https:\/\/www.ladiagonale.net\/#\/schema\/person\/79ff1e7b0853ed01b2aa26e64ad300bf","name":"Damien Dellerba","image":{"@type":"ImageObject","inLanguage":"fr-FR","@id":"https:\/\/www.ladiagonale.net\/#\/schema\/person\/image\/","url":"https:\/\/secure.gravatar.com\/avatar\/c7850e06d3ff63cdbaee88b7fc16e2f0?s=96&d=mm&r=g","contentUrl":"https:\/\/secure.gravatar.com\/avatar\/c7850e06d3ff63cdbaee88b7fc16e2f0?s=96&d=mm&r=g","caption":"Damien Dellerba"},"url":"https:\/\/www.ladiagonale.net\/index.php\/author\/damien\/"}]}},"_links":{"self":[{"href":"https:\/\/www.ladiagonale.net\/index.php\/wp-json\/wp\/v2\/posts\/31123"}],"collection":[{"href":"https:\/\/www.ladiagonale.net\/index.php\/wp-json\/wp\/v2\/posts"}],"about":[{"href":"https:\/\/www.ladiagonale.net\/index.php\/wp-json\/wp\/v2\/types\/post"}],"author":[{"embeddable":true,"href":"https:\/\/www.ladiagonale.net\/index.php\/wp-json\/wp\/v2\/users\/2"}],"replies":[{"embeddable":true,"href":"https:\/\/www.ladiagonale.net\/index.php\/wp-json\/wp\/v2\/comments?post=31123"}],"version-history":[{"count":7,"href":"https:\/\/www.ladiagonale.net\/index.php\/wp-json\/wp\/v2\/posts\/31123\/revisions"}],"predecessor-version":[{"id":31149,"href":"https:\/\/www.ladiagonale.net\/index.php\/wp-json\/wp\/v2\/posts\/31123\/revisions\/31149"}],"wp:featuredmedia":[{"embeddable":true,"href":"https:\/\/www.ladiagonale.net\/index.php\/wp-json\/wp\/v2\/media\/31130"}],"wp:attachment":[{"href":"https:\/\/www.ladiagonale.net\/index.php\/wp-json\/wp\/v2\/media?parent=31123"}],"wp:term":[{"taxonomy":"category","embeddable":true,"href":"https:\/\/www.ladiagonale.net\/index.php\/wp-json\/wp\/v2\/categories?post=31123"},{"taxonomy":"post_tag","embeddable":true,"href":"https:\/\/www.ladiagonale.net\/index.php\/wp-json\/wp\/v2\/tags?post=31123"}],"curies":[{"name":"wp","href":"https:\/\/api.w.org\/{rel}","templated":true}]}}