{"id":31193,"date":"2025-04-27T16:09:45","date_gmt":"2025-04-27T14:09:45","guid":{"rendered":"https:\/\/www.ladiagonale.net\/?p=31193"},"modified":"2025-04-27T16:09:46","modified_gmt":"2025-04-27T14:09:46","slug":"ilenikhena-et-michal-buteurs-avec-le-groupe-elite-contre-nice","status":"publish","type":"post","link":"https:\/\/www.ladiagonale.net\/index.php\/2025\/04\/27\/ilenikhena-et-michal-buteurs-avec-le-groupe-elite-contre-nice\/","title":{"rendered":"Ilenikhena et Michal buteurs avec le Groupe \u00c9lite contre Nice"},"content":{"rendered":"\n<p>Le Groupe \u00c9lite a battu celui de l\u2019OGC Nice (3-1) en match amical, ce dimanche, gr\u00e2ce \u00e0 des r\u00e9alisations de George Ilenikhena, auteur d\u2019un doubl\u00e9, et un autre but de Lucas Michal. C\u2019est ce dernier qui a ouvert le score face au voisin ni\u00e7ois, servi par Kassoum Ouattara, lui aussi mis \u00e0 disposition de Djimi Traor\u00e9 par Adi H\u00fctter.&nbsp;<\/p>\n\n\n\n<p>La r\u00e9ponse ni\u00e7oise est arriv\u00e9e un quart d\u2019heure plus tard, mais George Ilenikhena a rapidement redonn\u00e9 l\u2019avantage aux siens d\u2019une frappe de loin en pleine lucarne. Le Nig\u00e9rian a fait encore plus fort juste apr\u00e8s la pause en marquant d\u2019un lob depuis le rond central pour faire le break.<\/p>\n\n\n\n<p>Les Mon\u00e9gasques s\u2019imposent avant d\u2019affronter la r\u00e9serve de Montpellier le 4 mai au stade Louis-II, en demi-finale du Challenge Espoirs.<\/p>\n\n\n\n<p class=\"has-text-align-right has-small-font-size\">Source : <em><a href=\"https:\/\/www.asmonaco.com\/le-groupe-elite-domine-logc-nice\/\" target=\"_blank\" rel=\"noreferrer noopener\">AS Monaco<\/a><\/em><\/p>\n\n\n","protected":false},"excerpt":{"rendered":"<p>Le Groupe \u00c9lite a battu celui de l\u2019OGC Nice (3-1) en match amical, ce dimanche, gr\u00e2ce \u00e0 des r\u00e9alisations de George Ilenikhena, auteur d\u2019un doubl\u00e9, et un autre but de Lucas Michal. C\u2019est ce dernier qui a ouvert le score face au voisin ni\u00e7ois, servi par Kassoum Ouattara, lui aussi mis \u00e0 disposition de Djimi [&#8230;]\n","protected":false},"author":2,"featured_media":0,"comment_status":"open","ping_status":"open","sticky":false,"template":"","format":"standard","meta":[],"categories":[1],"tags":[76,86,890,228,543],"yoast_head":"<!-- This site is optimized with the Yoast SEO plugin v19.8 - https:\/\/yoast.com\/wordpress\/plugins\/seo\/ -->\n<title>Ilenikhena et Michal buteurs avec le Groupe \u00c9lite contre Nice - La Diagonale<\/title>\n<meta name=\"robots\" content=\"index, follow, max-snippet:-1, max-image-preview:large, max-video-preview:-1\" \/>\n<link rel=\"canonical\" href=\"https:\/\/www.ladiagonale.net\/index.php\/2025\/04\/27\/ilenikhena-et-michal-buteurs-avec-le-groupe-elite-contre-nice\/\" \/>\n<meta property=\"og:locale\" content=\"fr_FR\" \/>\n<meta property=\"og:type\" content=\"article\" \/>\n<meta property=\"og:title\" content=\"Ilenikhena et Michal buteurs avec le Groupe \u00c9lite contre Nice - La Diagonale\" \/>\n<meta property=\"og:description\" content=\"Le Groupe \u00c9lite a battu celui de l\u2019OGC Nice (3-1) en match amical, ce dimanche, gr\u00e2ce \u00e0 des r\u00e9alisations de George Ilenikhena, auteur d\u2019un doubl\u00e9, et un autre but de Lucas Michal. C\u2019est ce dernier qui a ouvert le score face au voisin ni\u00e7ois, servi par Kassoum Ouattara, lui aussi mis \u00e0 disposition de Djimi [...]\" \/>\n<meta property=\"og:url\" content=\"https:\/\/www.ladiagonale.net\/index.php\/2025\/04\/27\/ilenikhena-et-michal-buteurs-avec-le-groupe-elite-contre-nice\/\" \/>\n<meta property=\"og:site_name\" content=\"La Diagonale\" \/>\n<meta property=\"article:published_time\" content=\"2025-04-27T14:09:45+00:00\" \/>\n<meta property=\"article:modified_time\" content=\"2025-04-27T14:09:46+00:00\" \/>\n<meta property=\"og:image\" content=\"https:\/\/www.ladiagonale.net\/wp-content\/uploads\/2025\/02\/Ilenikhena-Nantes.png\" \/>\n\t<meta property=\"og:image:width\" content=\"1160\" \/>\n\t<meta property=\"og:image:height\" content=\"650\" \/>\n\t<meta property=\"og:image:type\" content=\"image\/png\" \/>\n<meta name=\"author\" content=\"Damien Dellerba\" \/>\n<meta name=\"twitter:card\" content=\"summary_large_image\" \/>\n<meta name=\"twitter:image\" content=\"https:\/\/www.ladiagonale.net\/wp-content\/uploads\/2025\/02\/Ilenikhena-Nantes.png\" \/>\n<meta name=\"twitter:label1\" content=\"\u00c9crit par\" \/>\n\t<meta name=\"twitter:data1\" content=\"Damien Dellerba\" \/>\n\t<meta name=\"twitter:label2\" content=\"Dur\u00e9e de lecture estim\u00e9e\" \/>\n\t<meta name=\"twitter:data2\" content=\"1 minute\" \/>\n<script type=\"application\/ld+json\" class=\"yoast-schema-graph\">{\"@context\":\"https:\/\/schema.org\",\"@graph\":[{\"@type\":\"WebPage\",\"@id\":\"https:\/\/www.ladiagonale.net\/index.php\/2025\/04\/27\/ilenikhena-et-michal-buteurs-avec-le-groupe-elite-contre-nice\/\",\"url\":\"https:\/\/www.ladiagonale.net\/index.php\/2025\/04\/27\/ilenikhena-et-michal-buteurs-avec-le-groupe-elite-contre-nice\/\",\"name\":\"Ilenikhena et Michal buteurs avec le Groupe \u00c9lite contre Nice - La Diagonale\",\"isPartOf\":{\"@id\":\"https:\/\/www.ladiagonale.net\/#website\"},\"datePublished\":\"2025-04-27T14:09:45+00:00\",\"dateModified\":\"2025-04-27T14:09:46+00:00\",\"author\":{\"@id\":\"https:\/\/www.ladiagonale.net\/#\/schema\/person\/79ff1e7b0853ed01b2aa26e64ad300bf\"},\"breadcrumb\":{\"@id\":\"https:\/\/www.ladiagonale.net\/index.php\/2025\/04\/27\/ilenikhena-et-michal-buteurs-avec-le-groupe-elite-contre-nice\/#breadcrumb\"},\"inLanguage\":\"fr-FR\",\"potentialAction\":[{\"@type\":\"ReadAction\",\"target\":[\"https:\/\/www.ladiagonale.net\/index.php\/2025\/04\/27\/ilenikhena-et-michal-buteurs-avec-le-groupe-elite-contre-nice\/\"]}]},{\"@type\":\"BreadcrumbList\",\"@id\":\"https:\/\/www.ladiagonale.net\/index.php\/2025\/04\/27\/ilenikhena-et-michal-buteurs-avec-le-groupe-elite-contre-nice\/#breadcrumb\",\"itemListElement\":[{\"@type\":\"ListItem\",\"position\":1,\"name\":\"Accueil\",\"item\":\"https:\/\/www.ladiagonale.net\/\"},{\"@type\":\"ListItem\",\"position\":2,\"name\":\"Ilenikhena et Michal buteurs avec le Groupe \u00c9lite contre Nice\"}]},{\"@type\":\"WebSite\",\"@id\":\"https:\/\/www.ladiagonale.net\/#website\",\"url\":\"https:\/\/www.ladiagonale.net\/\",\"name\":\"La Diagonale\",\"description\":\"Le site des supporters de l&#039;AS Monaco FC\",\"potentialAction\":[{\"@type\":\"SearchAction\",\"target\":{\"@type\":\"EntryPoint\",\"urlTemplate\":\"https:\/\/www.ladiagonale.net\/?s={search_term_string}\"},\"query-input\":\"required name=search_term_string\"}],\"inLanguage\":\"fr-FR\"},{\"@type\":\"Person\",\"@id\":\"https:\/\/www.ladiagonale.net\/#\/schema\/person\/79ff1e7b0853ed01b2aa26e64ad300bf\",\"name\":\"Damien Dellerba\",\"image\":{\"@type\":\"ImageObject\",\"inLanguage\":\"fr-FR\",\"@id\":\"https:\/\/www.ladiagonale.net\/#\/schema\/person\/image\/\",\"url\":\"https:\/\/secure.gravatar.com\/avatar\/c7850e06d3ff63cdbaee88b7fc16e2f0?s=96&d=mm&r=g\",\"contentUrl\":\"https:\/\/secure.gravatar.com\/avatar\/c7850e06d3ff63cdbaee88b7fc16e2f0?s=96&d=mm&r=g\",\"caption\":\"Damien Dellerba\"},\"url\":\"https:\/\/www.ladiagonale.net\/index.php\/author\/damien\/\"}]}<\/script>\n<!-- \/ Yoast SEO plugin. -->","yoast_head_json":{"title":"Ilenikhena et Michal buteurs avec le Groupe \u00c9lite contre Nice - La Diagonale","robots":{"index":"index","follow":"follow","max-snippet":"max-snippet:-1","max-image-preview":"max-image-preview:large","max-video-preview":"max-video-preview:-1"},"canonical":"https:\/\/www.ladiagonale.net\/index.php\/2025\/04\/27\/ilenikhena-et-michal-buteurs-avec-le-groupe-elite-contre-nice\/","og_locale":"fr_FR","og_type":"article","og_title":"Ilenikhena et Michal buteurs avec le Groupe \u00c9lite contre Nice - La Diagonale","og_description":"Le Groupe \u00c9lite a battu celui de l\u2019OGC Nice (3-1) en match amical, ce dimanche, gr\u00e2ce \u00e0 des r\u00e9alisations de George Ilenikhena, auteur d\u2019un doubl\u00e9, et un autre but de Lucas Michal. C\u2019est ce dernier qui a ouvert le score face au voisin ni\u00e7ois, servi par Kassoum Ouattara, lui aussi mis \u00e0 disposition de Djimi [...]","og_url":"https:\/\/www.ladiagonale.net\/index.php\/2025\/04\/27\/ilenikhena-et-michal-buteurs-avec-le-groupe-elite-contre-nice\/","og_site_name":"La Diagonale","article_published_time":"2025-04-27T14:09:45+00:00","article_modified_time":"2025-04-27T14:09:46+00:00","og_image":[{"width":1160,"height":650,"url":"https:\/\/www.ladiagonale.net\/wp-content\/uploads\/2025\/02\/Ilenikhena-Nantes.png","type":"image\/png"}],"author":"Damien Dellerba","twitter_card":"summary_large_image","twitter_image":"https:\/\/www.ladiagonale.net\/wp-content\/uploads\/2025\/02\/Ilenikhena-Nantes.png","twitter_misc":{"\u00c9crit par":"Damien Dellerba","Dur\u00e9e de lecture estim\u00e9e":"1 minute"},"schema":{"@context":"https:\/\/schema.org","@graph":[{"@type":"WebPage","@id":"https:\/\/www.ladiagonale.net\/index.php\/2025\/04\/27\/ilenikhena-et-michal-buteurs-avec-le-groupe-elite-contre-nice\/","url":"https:\/\/www.ladiagonale.net\/index.php\/2025\/04\/27\/ilenikhena-et-michal-buteurs-avec-le-groupe-elite-contre-nice\/","name":"Ilenikhena et Michal buteurs avec le Groupe \u00c9lite contre Nice - La Diagonale","isPartOf":{"@id":"https:\/\/www.ladiagonale.net\/#website"},"datePublished":"2025-04-27T14:09:45+00:00","dateModified":"2025-04-27T14:09:46+00:00","author":{"@id":"https:\/\/www.ladiagonale.net\/#\/schema\/person\/79ff1e7b0853ed01b2aa26e64ad300bf"},"breadcrumb":{"@id":"https:\/\/www.ladiagonale.net\/index.php\/2025\/04\/27\/ilenikhena-et-michal-buteurs-avec-le-groupe-elite-contre-nice\/#breadcrumb"},"inLanguage":"fr-FR","potentialAction":[{"@type":"ReadAction","target":["https:\/\/www.ladiagonale.net\/index.php\/2025\/04\/27\/ilenikhena-et-michal-buteurs-avec-le-groupe-elite-contre-nice\/"]}]},{"@type":"BreadcrumbList","@id":"https:\/\/www.ladiagonale.net\/index.php\/2025\/04\/27\/ilenikhena-et-michal-buteurs-avec-le-groupe-elite-contre-nice\/#breadcrumb","itemListElement":[{"@type":"ListItem","position":1,"name":"Accueil","item":"https:\/\/www.ladiagonale.net\/"},{"@type":"ListItem","position":2,"name":"Ilenikhena et Michal buteurs avec le Groupe \u00c9lite contre Nice"}]},{"@type":"WebSite","@id":"https:\/\/www.ladiagonale.net\/#website","url":"https:\/\/www.ladiagonale.net\/","name":"La Diagonale","description":"Le site des supporters de l&#039;AS Monaco FC","potentialAction":[{"@type":"SearchAction","target":{"@type":"EntryPoint","urlTemplate":"https:\/\/www.ladiagonale.net\/?s={search_term_string}"},"query-input":"required name=search_term_string"}],"inLanguage":"fr-FR"},{"@type":"Person","@id":"https:\/\/www.ladiagonale.net\/#\/schema\/person\/79ff1e7b0853ed01b2aa26e64ad300bf","name":"Damien Dellerba","image":{"@type":"ImageObject","inLanguage":"fr-FR","@id":"https:\/\/www.ladiagonale.net\/#\/schema\/person\/image\/","url":"https:\/\/secure.gravatar.com\/avatar\/c7850e06d3ff63cdbaee88b7fc16e2f0?s=96&d=mm&r=g","contentUrl":"https:\/\/secure.gravatar.com\/avatar\/c7850e06d3ff63cdbaee88b7fc16e2f0?s=96&d=mm&r=g","caption":"Damien Dellerba"},"url":"https:\/\/www.ladiagonale.net\/index.php\/author\/damien\/"}]}},"_links":{"self":[{"href":"https:\/\/www.ladiagonale.net\/index.php\/wp-json\/wp\/v2\/posts\/31193"}],"collection":[{"href":"https:\/\/www.ladiagonale.net\/index.php\/wp-json\/wp\/v2\/posts"}],"about":[{"href":"https:\/\/www.ladiagonale.net\/index.php\/wp-json\/wp\/v2\/types\/post"}],"author":[{"embeddable":true,"href":"https:\/\/www.ladiagonale.net\/index.php\/wp-json\/wp\/v2\/users\/2"}],"replies":[{"embeddable":true,"href":"https:\/\/www.ladiagonale.net\/index.php\/wp-json\/wp\/v2\/comments?post=31193"}],"version-history":[{"count":1,"href":"https:\/\/www.ladiagonale.net\/index.php\/wp-json\/wp\/v2\/posts\/31193\/revisions"}],"predecessor-version":[{"id":31194,"href":"https:\/\/www.ladiagonale.net\/index.php\/wp-json\/wp\/v2\/posts\/31193\/revisions\/31194"}],"wp:attachment":[{"href":"https:\/\/www.ladiagonale.net\/index.php\/wp-json\/wp\/v2\/media?parent=31193"}],"wp:term":[{"taxonomy":"category","embeddable":true,"href":"https:\/\/www.ladiagonale.net\/index.php\/wp-json\/wp\/v2\/categories?post=31193"},{"taxonomy":"post_tag","embeddable":true,"href":"https:\/\/www.ladiagonale.net\/index.php\/wp-json\/wp\/v2\/tags?post=31193"}],"curies":[{"name":"wp","href":"https:\/\/api.w.org\/{rel}","templated":true}]}}