{"id":31195,"date":"2025-04-28T14:59:10","date_gmt":"2025-04-28T12:59:10","guid":{"rendered":"https:\/\/www.ladiagonale.net\/?p=31195"},"modified":"2025-07-08T02:14:11","modified_gmt":"2025-07-08T00:14:11","slug":"plus-indispensable-pour-hutter-ben-seghir-se-questionnerait-sur-son-avenir","status":"publish","type":"post","link":"https:\/\/www.ladiagonale.net\/index.php\/2025\/04\/28\/plus-indispensable-pour-hutter-ben-seghir-se-questionnerait-sur-son-avenir\/","title":{"rendered":"Plus indispensable pour H\u00fctter, Ben Seghir se questionnerait sur son avenir"},"content":{"rendered":"\n\n\n<p>Accroch\u00e9 au Havre (1-1) samedi, l\u2019AS Monaco n\u2019a plus forc\u00e9ment son destin en mains pour la Ligue des champions, \u00e0 trois journ\u00e9es de la fin, et cela peut g\u00e9n\u00e9rer des crispations en interne. Selon <em>L\u2019\u00c9quipe<\/em>, il y en aurait concernant Eliesse Ben Seghir. L\u2019international marocain a \u00e9t\u00e9 titularis\u00e9 par Adi H\u00fctter le week-end dernier, r\u00e9compensant des entr\u00e9es positives contre Brest et Strasbourg, mais le milieu offensif a d\u00e9\u00e7u une fois de plus et H\u00fctter l\u2019a sorti \u00e0 la pause sans m\u00e9nagement. Le lien entre les deux hommes serait devenu fragile et cela pousserait Ben Seghir \u00e0 se questionner sur son avenir.<\/p>\n\n\n\n<p>Le quotidien \u00e9voque des int\u00e9r\u00eats de la part de grosses \u00e9curies europ\u00e9ennes, telles que Manchester City, \u00e9galement <a href=\"https:\/\/www.ladiagonale.net\/index.php\/2025\/04\/12\/une-lutte-entre-le-psg-et-city-pour-akliouche\/\" target=\"_blank\" rel=\"noreferrer noopener\">int\u00e9ress\u00e9 par Maghnes Akliouche<\/a>, Liverpool, le Bayern Munich et le Bayer Leverkusen. Ces clubs auraient pris des renseignements concernant le joueur de 20 ans, m\u00eame si l\u2019ASM, qui a donn\u00e9 un <a href=\"https:\/\/www.ladiagonale.net\/index.php\/2025\/04\/19\/monaco-voudrait-au-moins-70-millions-pour-akliouche\/\" target=\"_blank\" rel=\"noreferrer noopener\">bon de sortie \u00e0 Akliouche<\/a>, ne semble pas dispos\u00e9e \u00e0 se s\u00e9parer de son autre p\u00e9pite, sous contrat jusqu&rsquo;en 2027. Reste que du c\u00f4t\u00e9 du joueur, qui estime manquer de consid\u00e9ration de la part de son entra\u00eeneur, la porte ne serait pas totalement ferm\u00e9e concernant un d\u00e9part lors du prochain mercato.<\/p>\n\n\n\n<p>Cette saison, Eliesse Ben Seghir a \u00e9t\u00e9 pourtant r\u00e9guli\u00e8rement utilis\u00e9 par le technicien autrichien et n&rsquo;a rat\u00e9 qu&rsquo;un seul match sur les 44 rencontres disput\u00e9es par le club de la Principaut\u00e9. Mais son temps de jeu s&rsquo;est \u00e9tiol\u00e9 par rapport au d\u00e9but de saison, de m\u00eame que ses performances, et il n&rsquo;a que tr\u00e8s rarement \u00e9t\u00e9 titularis\u00e9 au cours des derniers mois. De quoi frustrer le joueur form\u00e9 au club, m\u00eame si un proche de son entourage, cit\u00e9 par <em>L&rsquo;\u00c9quipe<\/em>, conc\u00e8de des probl\u00e8mes pour savoir \u00ab\u00a0<em>comment se comporter dans la difficult\u00e9<\/em>\u00a0\u00bb.<\/p>\n","protected":false},"excerpt":{"rendered":"<p>Accroch\u00e9 au Havre (1-1) samedi, l\u2019AS Monaco n\u2019a plus forc\u00e9ment son destin en mains pour la Ligue des champions, \u00e0 trois journ\u00e9es de la fin, et cela peut g\u00e9n\u00e9rer des crispations en interne. Selon L\u2019\u00c9quipe, il y en aurait concernant Eliesse Ben Seghir. L\u2019international marocain a \u00e9t\u00e9 titularis\u00e9 par Adi H\u00fctter le week-end dernier, r\u00e9compensant [&#8230;]\n","protected":false},"author":2,"featured_media":0,"comment_status":"open","ping_status":"open","sticky":false,"template":"","format":"standard","meta":[],"categories":[6,1086],"tags":[576,86,286,111,110],"yoast_head":"<!-- This site is optimized with the Yoast SEO plugin v19.8 - https:\/\/yoast.com\/wordpress\/plugins\/seo\/ -->\n<title>Plus indispensable pour H\u00fctter, Ben Seghir se questionnerait sur son avenir - La Diagonale<\/title>\n<meta name=\"robots\" content=\"index, follow, max-snippet:-1, max-image-preview:large, max-video-preview:-1\" \/>\n<link rel=\"canonical\" href=\"https:\/\/www.ladiagonale.net\/index.php\/2025\/04\/28\/plus-indispensable-pour-hutter-ben-seghir-se-questionnerait-sur-son-avenir\/\" \/>\n<meta property=\"og:locale\" content=\"fr_FR\" \/>\n<meta property=\"og:type\" content=\"article\" \/>\n<meta property=\"og:title\" content=\"Plus indispensable pour H\u00fctter, Ben Seghir se questionnerait sur son avenir - La Diagonale\" \/>\n<meta property=\"og:description\" content=\"Accroch\u00e9 au Havre (1-1) samedi, l\u2019AS Monaco n\u2019a plus forc\u00e9ment son destin en mains pour la Ligue des champions, \u00e0 trois journ\u00e9es de la fin, et cela peut g\u00e9n\u00e9rer des crispations en interne. Selon L\u2019\u00c9quipe, il y en aurait concernant Eliesse Ben Seghir. L\u2019international marocain a \u00e9t\u00e9 titularis\u00e9 par Adi H\u00fctter le week-end dernier, r\u00e9compensant [...]\" \/>\n<meta property=\"og:url\" content=\"https:\/\/www.ladiagonale.net\/index.php\/2025\/04\/28\/plus-indispensable-pour-hutter-ben-seghir-se-questionnerait-sur-son-avenir\/\" \/>\n<meta property=\"og:site_name\" content=\"La Diagonale\" \/>\n<meta property=\"article:published_time\" content=\"2025-04-28T12:59:10+00:00\" \/>\n<meta property=\"article:modified_time\" content=\"2025-07-08T00:14:11+00:00\" \/>\n<meta property=\"og:image\" content=\"https:\/\/www.ladiagonale.net\/wp-content\/uploads\/2024\/12\/HutterBS.png\" \/>\n\t<meta property=\"og:image:width\" content=\"1160\" \/>\n\t<meta property=\"og:image:height\" content=\"650\" \/>\n\t<meta property=\"og:image:type\" content=\"image\/png\" \/>\n<meta name=\"author\" content=\"Damien Dellerba\" \/>\n<meta name=\"twitter:card\" content=\"summary_large_image\" \/>\n<meta name=\"twitter:image\" content=\"https:\/\/www.ladiagonale.net\/wp-content\/uploads\/2024\/12\/HutterBS.png\" \/>\n<meta name=\"twitter:label1\" content=\"\u00c9crit par\" \/>\n\t<meta name=\"twitter:data1\" content=\"Damien Dellerba\" \/>\n\t<meta name=\"twitter:label2\" content=\"Dur\u00e9e de lecture estim\u00e9e\" \/>\n\t<meta name=\"twitter:data2\" content=\"2 minutes\" \/>\n<script type=\"application\/ld+json\" class=\"yoast-schema-graph\">{\"@context\":\"https:\/\/schema.org\",\"@graph\":[{\"@type\":\"WebPage\",\"@id\":\"https:\/\/www.ladiagonale.net\/index.php\/2025\/04\/28\/plus-indispensable-pour-hutter-ben-seghir-se-questionnerait-sur-son-avenir\/\",\"url\":\"https:\/\/www.ladiagonale.net\/index.php\/2025\/04\/28\/plus-indispensable-pour-hutter-ben-seghir-se-questionnerait-sur-son-avenir\/\",\"name\":\"Plus indispensable pour H\u00fctter, Ben Seghir se questionnerait sur son avenir - La Diagonale\",\"isPartOf\":{\"@id\":\"https:\/\/www.ladiagonale.net\/#website\"},\"datePublished\":\"2025-04-28T12:59:10+00:00\",\"dateModified\":\"2025-07-08T00:14:11+00:00\",\"author\":{\"@id\":\"https:\/\/www.ladiagonale.net\/#\/schema\/person\/79ff1e7b0853ed01b2aa26e64ad300bf\"},\"breadcrumb\":{\"@id\":\"https:\/\/www.ladiagonale.net\/index.php\/2025\/04\/28\/plus-indispensable-pour-hutter-ben-seghir-se-questionnerait-sur-son-avenir\/#breadcrumb\"},\"inLanguage\":\"fr-FR\",\"potentialAction\":[{\"@type\":\"ReadAction\",\"target\":[\"https:\/\/www.ladiagonale.net\/index.php\/2025\/04\/28\/plus-indispensable-pour-hutter-ben-seghir-se-questionnerait-sur-son-avenir\/\"]}]},{\"@type\":\"BreadcrumbList\",\"@id\":\"https:\/\/www.ladiagonale.net\/index.php\/2025\/04\/28\/plus-indispensable-pour-hutter-ben-seghir-se-questionnerait-sur-son-avenir\/#breadcrumb\",\"itemListElement\":[{\"@type\":\"ListItem\",\"position\":1,\"name\":\"Accueil\",\"item\":\"https:\/\/www.ladiagonale.net\/\"},{\"@type\":\"ListItem\",\"position\":2,\"name\":\"Plus indispensable pour H\u00fctter, Ben Seghir se questionnerait sur son avenir\"}]},{\"@type\":\"WebSite\",\"@id\":\"https:\/\/www.ladiagonale.net\/#website\",\"url\":\"https:\/\/www.ladiagonale.net\/\",\"name\":\"La Diagonale\",\"description\":\"Le site des supporters de l&#039;AS Monaco FC\",\"potentialAction\":[{\"@type\":\"SearchAction\",\"target\":{\"@type\":\"EntryPoint\",\"urlTemplate\":\"https:\/\/www.ladiagonale.net\/?s={search_term_string}\"},\"query-input\":\"required name=search_term_string\"}],\"inLanguage\":\"fr-FR\"},{\"@type\":\"Person\",\"@id\":\"https:\/\/www.ladiagonale.net\/#\/schema\/person\/79ff1e7b0853ed01b2aa26e64ad300bf\",\"name\":\"Damien Dellerba\",\"image\":{\"@type\":\"ImageObject\",\"inLanguage\":\"fr-FR\",\"@id\":\"https:\/\/www.ladiagonale.net\/#\/schema\/person\/image\/\",\"url\":\"https:\/\/secure.gravatar.com\/avatar\/c7850e06d3ff63cdbaee88b7fc16e2f0?s=96&d=mm&r=g\",\"contentUrl\":\"https:\/\/secure.gravatar.com\/avatar\/c7850e06d3ff63cdbaee88b7fc16e2f0?s=96&d=mm&r=g\",\"caption\":\"Damien Dellerba\"},\"url\":\"https:\/\/www.ladiagonale.net\/index.php\/author\/damien\/\"}]}<\/script>\n<!-- \/ Yoast SEO plugin. -->","yoast_head_json":{"title":"Plus indispensable pour H\u00fctter, Ben Seghir se questionnerait sur son avenir - La Diagonale","robots":{"index":"index","follow":"follow","max-snippet":"max-snippet:-1","max-image-preview":"max-image-preview:large","max-video-preview":"max-video-preview:-1"},"canonical":"https:\/\/www.ladiagonale.net\/index.php\/2025\/04\/28\/plus-indispensable-pour-hutter-ben-seghir-se-questionnerait-sur-son-avenir\/","og_locale":"fr_FR","og_type":"article","og_title":"Plus indispensable pour H\u00fctter, Ben Seghir se questionnerait sur son avenir - La Diagonale","og_description":"Accroch\u00e9 au Havre (1-1) samedi, l\u2019AS Monaco n\u2019a plus forc\u00e9ment son destin en mains pour la Ligue des champions, \u00e0 trois journ\u00e9es de la fin, et cela peut g\u00e9n\u00e9rer des crispations en interne. Selon L\u2019\u00c9quipe, il y en aurait concernant Eliesse Ben Seghir. L\u2019international marocain a \u00e9t\u00e9 titularis\u00e9 par Adi H\u00fctter le week-end dernier, r\u00e9compensant [...]","og_url":"https:\/\/www.ladiagonale.net\/index.php\/2025\/04\/28\/plus-indispensable-pour-hutter-ben-seghir-se-questionnerait-sur-son-avenir\/","og_site_name":"La Diagonale","article_published_time":"2025-04-28T12:59:10+00:00","article_modified_time":"2025-07-08T00:14:11+00:00","og_image":[{"width":1160,"height":650,"url":"https:\/\/www.ladiagonale.net\/wp-content\/uploads\/2024\/12\/HutterBS.png","type":"image\/png"}],"author":"Damien Dellerba","twitter_card":"summary_large_image","twitter_image":"https:\/\/www.ladiagonale.net\/wp-content\/uploads\/2024\/12\/HutterBS.png","twitter_misc":{"\u00c9crit par":"Damien Dellerba","Dur\u00e9e de lecture estim\u00e9e":"2 minutes"},"schema":{"@context":"https:\/\/schema.org","@graph":[{"@type":"WebPage","@id":"https:\/\/www.ladiagonale.net\/index.php\/2025\/04\/28\/plus-indispensable-pour-hutter-ben-seghir-se-questionnerait-sur-son-avenir\/","url":"https:\/\/www.ladiagonale.net\/index.php\/2025\/04\/28\/plus-indispensable-pour-hutter-ben-seghir-se-questionnerait-sur-son-avenir\/","name":"Plus indispensable pour H\u00fctter, Ben Seghir se questionnerait sur son avenir - La Diagonale","isPartOf":{"@id":"https:\/\/www.ladiagonale.net\/#website"},"datePublished":"2025-04-28T12:59:10+00:00","dateModified":"2025-07-08T00:14:11+00:00","author":{"@id":"https:\/\/www.ladiagonale.net\/#\/schema\/person\/79ff1e7b0853ed01b2aa26e64ad300bf"},"breadcrumb":{"@id":"https:\/\/www.ladiagonale.net\/index.php\/2025\/04\/28\/plus-indispensable-pour-hutter-ben-seghir-se-questionnerait-sur-son-avenir\/#breadcrumb"},"inLanguage":"fr-FR","potentialAction":[{"@type":"ReadAction","target":["https:\/\/www.ladiagonale.net\/index.php\/2025\/04\/28\/plus-indispensable-pour-hutter-ben-seghir-se-questionnerait-sur-son-avenir\/"]}]},{"@type":"BreadcrumbList","@id":"https:\/\/www.ladiagonale.net\/index.php\/2025\/04\/28\/plus-indispensable-pour-hutter-ben-seghir-se-questionnerait-sur-son-avenir\/#breadcrumb","itemListElement":[{"@type":"ListItem","position":1,"name":"Accueil","item":"https:\/\/www.ladiagonale.net\/"},{"@type":"ListItem","position":2,"name":"Plus indispensable pour H\u00fctter, Ben Seghir se questionnerait sur son avenir"}]},{"@type":"WebSite","@id":"https:\/\/www.ladiagonale.net\/#website","url":"https:\/\/www.ladiagonale.net\/","name":"La Diagonale","description":"Le site des supporters de l&#039;AS Monaco FC","potentialAction":[{"@type":"SearchAction","target":{"@type":"EntryPoint","urlTemplate":"https:\/\/www.ladiagonale.net\/?s={search_term_string}"},"query-input":"required name=search_term_string"}],"inLanguage":"fr-FR"},{"@type":"Person","@id":"https:\/\/www.ladiagonale.net\/#\/schema\/person\/79ff1e7b0853ed01b2aa26e64ad300bf","name":"Damien Dellerba","image":{"@type":"ImageObject","inLanguage":"fr-FR","@id":"https:\/\/www.ladiagonale.net\/#\/schema\/person\/image\/","url":"https:\/\/secure.gravatar.com\/avatar\/c7850e06d3ff63cdbaee88b7fc16e2f0?s=96&d=mm&r=g","contentUrl":"https:\/\/secure.gravatar.com\/avatar\/c7850e06d3ff63cdbaee88b7fc16e2f0?s=96&d=mm&r=g","caption":"Damien Dellerba"},"url":"https:\/\/www.ladiagonale.net\/index.php\/author\/damien\/"}]}},"_links":{"self":[{"href":"https:\/\/www.ladiagonale.net\/index.php\/wp-json\/wp\/v2\/posts\/31195"}],"collection":[{"href":"https:\/\/www.ladiagonale.net\/index.php\/wp-json\/wp\/v2\/posts"}],"about":[{"href":"https:\/\/www.ladiagonale.net\/index.php\/wp-json\/wp\/v2\/types\/post"}],"author":[{"embeddable":true,"href":"https:\/\/www.ladiagonale.net\/index.php\/wp-json\/wp\/v2\/users\/2"}],"replies":[{"embeddable":true,"href":"https:\/\/www.ladiagonale.net\/index.php\/wp-json\/wp\/v2\/comments?post=31195"}],"version-history":[{"count":5,"href":"https:\/\/www.ladiagonale.net\/index.php\/wp-json\/wp\/v2\/posts\/31195\/revisions"}],"predecessor-version":[{"id":31202,"href":"https:\/\/www.ladiagonale.net\/index.php\/wp-json\/wp\/v2\/posts\/31195\/revisions\/31202"}],"wp:attachment":[{"href":"https:\/\/www.ladiagonale.net\/index.php\/wp-json\/wp\/v2\/media?parent=31195"}],"wp:term":[{"taxonomy":"category","embeddable":true,"href":"https:\/\/www.ladiagonale.net\/index.php\/wp-json\/wp\/v2\/categories?post=31195"},{"taxonomy":"post_tag","embeddable":true,"href":"https:\/\/www.ladiagonale.net\/index.php\/wp-json\/wp\/v2\/tags?post=31195"}],"curies":[{"name":"wp","href":"https:\/\/api.w.org\/{rel}","templated":true}]}}