{"id":31209,"date":"2025-04-29T19:51:38","date_gmt":"2025-04-29T17:51:38","guid":{"rendered":"https:\/\/www.ladiagonale.net\/?p=31209"},"modified":"2025-07-08T02:14:11","modified_gmt":"2025-07-08T00:14:11","slug":"dier-sur-le-point-de-sengager-avec-monaco","status":"publish","type":"post","link":"https:\/\/www.ladiagonale.net\/index.php\/2025\/04\/29\/dier-sur-le-point-de-sengager-avec-monaco\/","title":{"rendered":"Dier sur le point de s\u2019engager avec Monaco ?"},"content":{"rendered":"\n<p>Le mercato d\u2019\u00e9t\u00e9 n\u2019est pas encore ouvert mais l\u2019AS Monaco semble d\u00e9j\u00e0 sur le point de finaliser un premier dossier. Selon <em>L\u2019\u00c9quipe<\/em>, le club de la Principaut\u00e9 serait proche de signer Eric Dier, le d\u00e9fenseur central du Bayern Munich, \u00e9galement capable de jouer comme milieu de terrain d\u00e9fensif. \u00c2g\u00e9 de 31 ans, l\u2019Anglais arrive en fin de contrat en Bavi\u00e8re et peut donc s\u2019engager librement sur le Rocher. <\/p>\n\n\n\n<p>Si le club de la Principaut\u00e9 n\u2019a pas souhait\u00e9 faire de commentaires et que le quotidien n&rsquo;a pas obtenu d&rsquo;informations sur la dur\u00e9e du bail, le journaliste italien Fabrizio Romano indique qu&rsquo;il pourrait s&rsquo;agir d&rsquo;un contrat de deux ans, jusqu&rsquo;en 2027, avec une option pour prolonger.<\/p>\n\n\n\n<p>Dans quelques semaines, Dier va mettre un terme \u00e0 son aventure avec le Bayern Munich, qui aura dur\u00e9 un an et demi. Avec le leader de <em>Bundesliga<\/em>, il a jou\u00e9 45 rencontres au cours de cette p\u00e9riode, dont 25 lors de l&rsquo;exercice en cours. Fort d&rsquo;une longue carri\u00e8re au plus haut niveau, l&rsquo;international anglais (49 s\u00e9lections) a disput\u00e9 la bagatelle de 365 matches avec Tottenham. Il avait notamment crois\u00e9 la route de l&rsquo;ASM \u00e0 l&rsquo;occasion de la Ligue Europa 2015-2016 et de la Ligue des champions la saison suivante.<\/p>\n\n\n","protected":false},"excerpt":{"rendered":"<p>Le mercato d\u2019\u00e9t\u00e9 n\u2019est pas encore ouvert mais l\u2019AS Monaco semble d\u00e9j\u00e0 sur le point de finaliser un premier dossier. Selon L\u2019\u00c9quipe, le club de la Principaut\u00e9 serait proche de signer Eric Dier, le d\u00e9fenseur central du Bayern Munich, \u00e9galement capable de jouer comme milieu de terrain d\u00e9fensif. \u00c2g\u00e9 de 31 ans, l\u2019Anglais arrive en [&#8230;]\n","protected":false},"author":2,"featured_media":0,"comment_status":"open","ping_status":"open","sticky":false,"template":"","format":"standard","meta":[],"categories":[6,1086],"tags":[86,1026,111,110],"yoast_head":"<!-- This site is optimized with the Yoast SEO plugin v19.8 - https:\/\/yoast.com\/wordpress\/plugins\/seo\/ -->\n<title>Dier sur le point de s\u2019engager avec Monaco ? - La Diagonale<\/title>\n<meta name=\"robots\" content=\"index, follow, max-snippet:-1, max-image-preview:large, max-video-preview:-1\" \/>\n<link rel=\"canonical\" href=\"https:\/\/www.ladiagonale.net\/index.php\/2025\/04\/29\/dier-sur-le-point-de-sengager-avec-monaco\/\" \/>\n<meta property=\"og:locale\" content=\"fr_FR\" \/>\n<meta property=\"og:type\" content=\"article\" \/>\n<meta property=\"og:title\" content=\"Dier sur le point de s\u2019engager avec Monaco ? - La Diagonale\" \/>\n<meta property=\"og:description\" content=\"Le mercato d\u2019\u00e9t\u00e9 n\u2019est pas encore ouvert mais l\u2019AS Monaco semble d\u00e9j\u00e0 sur le point de finaliser un premier dossier. Selon L\u2019\u00c9quipe, le club de la Principaut\u00e9 serait proche de signer Eric Dier, le d\u00e9fenseur central du Bayern Munich, \u00e9galement capable de jouer comme milieu de terrain d\u00e9fensif. \u00c2g\u00e9 de 31 ans, l\u2019Anglais arrive en [...]\" \/>\n<meta property=\"og:url\" content=\"https:\/\/www.ladiagonale.net\/index.php\/2025\/04\/29\/dier-sur-le-point-de-sengager-avec-monaco\/\" \/>\n<meta property=\"og:site_name\" content=\"La Diagonale\" \/>\n<meta property=\"article:published_time\" content=\"2025-04-29T17:51:38+00:00\" \/>\n<meta property=\"article:modified_time\" content=\"2025-07-08T00:14:11+00:00\" \/>\n<meta property=\"og:image\" content=\"https:\/\/www.ladiagonale.net\/wp-content\/uploads\/2025\/04\/Dier.png\" \/>\n\t<meta property=\"og:image:width\" content=\"1160\" \/>\n\t<meta property=\"og:image:height\" content=\"650\" \/>\n\t<meta property=\"og:image:type\" content=\"image\/png\" \/>\n<meta name=\"author\" content=\"Damien Dellerba\" \/>\n<meta name=\"twitter:card\" content=\"summary_large_image\" \/>\n<meta name=\"twitter:image\" content=\"https:\/\/www.ladiagonale.net\/wp-content\/uploads\/2025\/04\/Dier.png\" \/>\n<meta name=\"twitter:label1\" content=\"\u00c9crit par\" \/>\n\t<meta name=\"twitter:data1\" content=\"Damien Dellerba\" \/>\n\t<meta name=\"twitter:label2\" content=\"Dur\u00e9e de lecture estim\u00e9e\" \/>\n\t<meta name=\"twitter:data2\" content=\"2 minutes\" \/>\n<script type=\"application\/ld+json\" class=\"yoast-schema-graph\">{\"@context\":\"https:\/\/schema.org\",\"@graph\":[{\"@type\":\"WebPage\",\"@id\":\"https:\/\/www.ladiagonale.net\/index.php\/2025\/04\/29\/dier-sur-le-point-de-sengager-avec-monaco\/\",\"url\":\"https:\/\/www.ladiagonale.net\/index.php\/2025\/04\/29\/dier-sur-le-point-de-sengager-avec-monaco\/\",\"name\":\"Dier sur le point de s\u2019engager avec Monaco ? - La Diagonale\",\"isPartOf\":{\"@id\":\"https:\/\/www.ladiagonale.net\/#website\"},\"datePublished\":\"2025-04-29T17:51:38+00:00\",\"dateModified\":\"2025-07-08T00:14:11+00:00\",\"author\":{\"@id\":\"https:\/\/www.ladiagonale.net\/#\/schema\/person\/79ff1e7b0853ed01b2aa26e64ad300bf\"},\"breadcrumb\":{\"@id\":\"https:\/\/www.ladiagonale.net\/index.php\/2025\/04\/29\/dier-sur-le-point-de-sengager-avec-monaco\/#breadcrumb\"},\"inLanguage\":\"fr-FR\",\"potentialAction\":[{\"@type\":\"ReadAction\",\"target\":[\"https:\/\/www.ladiagonale.net\/index.php\/2025\/04\/29\/dier-sur-le-point-de-sengager-avec-monaco\/\"]}]},{\"@type\":\"BreadcrumbList\",\"@id\":\"https:\/\/www.ladiagonale.net\/index.php\/2025\/04\/29\/dier-sur-le-point-de-sengager-avec-monaco\/#breadcrumb\",\"itemListElement\":[{\"@type\":\"ListItem\",\"position\":1,\"name\":\"Accueil\",\"item\":\"https:\/\/www.ladiagonale.net\/\"},{\"@type\":\"ListItem\",\"position\":2,\"name\":\"Dier sur le point de s\u2019engager avec Monaco ?\"}]},{\"@type\":\"WebSite\",\"@id\":\"https:\/\/www.ladiagonale.net\/#website\",\"url\":\"https:\/\/www.ladiagonale.net\/\",\"name\":\"La Diagonale\",\"description\":\"Le site des supporters de l&#039;AS Monaco FC\",\"potentialAction\":[{\"@type\":\"SearchAction\",\"target\":{\"@type\":\"EntryPoint\",\"urlTemplate\":\"https:\/\/www.ladiagonale.net\/?s={search_term_string}\"},\"query-input\":\"required name=search_term_string\"}],\"inLanguage\":\"fr-FR\"},{\"@type\":\"Person\",\"@id\":\"https:\/\/www.ladiagonale.net\/#\/schema\/person\/79ff1e7b0853ed01b2aa26e64ad300bf\",\"name\":\"Damien Dellerba\",\"image\":{\"@type\":\"ImageObject\",\"inLanguage\":\"fr-FR\",\"@id\":\"https:\/\/www.ladiagonale.net\/#\/schema\/person\/image\/\",\"url\":\"https:\/\/secure.gravatar.com\/avatar\/c7850e06d3ff63cdbaee88b7fc16e2f0?s=96&d=mm&r=g\",\"contentUrl\":\"https:\/\/secure.gravatar.com\/avatar\/c7850e06d3ff63cdbaee88b7fc16e2f0?s=96&d=mm&r=g\",\"caption\":\"Damien Dellerba\"},\"url\":\"https:\/\/www.ladiagonale.net\/index.php\/author\/damien\/\"}]}<\/script>\n<!-- \/ Yoast SEO plugin. -->","yoast_head_json":{"title":"Dier sur le point de s\u2019engager avec Monaco ? - La Diagonale","robots":{"index":"index","follow":"follow","max-snippet":"max-snippet:-1","max-image-preview":"max-image-preview:large","max-video-preview":"max-video-preview:-1"},"canonical":"https:\/\/www.ladiagonale.net\/index.php\/2025\/04\/29\/dier-sur-le-point-de-sengager-avec-monaco\/","og_locale":"fr_FR","og_type":"article","og_title":"Dier sur le point de s\u2019engager avec Monaco ? - La Diagonale","og_description":"Le mercato d\u2019\u00e9t\u00e9 n\u2019est pas encore ouvert mais l\u2019AS Monaco semble d\u00e9j\u00e0 sur le point de finaliser un premier dossier. Selon L\u2019\u00c9quipe, le club de la Principaut\u00e9 serait proche de signer Eric Dier, le d\u00e9fenseur central du Bayern Munich, \u00e9galement capable de jouer comme milieu de terrain d\u00e9fensif. \u00c2g\u00e9 de 31 ans, l\u2019Anglais arrive en [...]","og_url":"https:\/\/www.ladiagonale.net\/index.php\/2025\/04\/29\/dier-sur-le-point-de-sengager-avec-monaco\/","og_site_name":"La Diagonale","article_published_time":"2025-04-29T17:51:38+00:00","article_modified_time":"2025-07-08T00:14:11+00:00","og_image":[{"width":1160,"height":650,"url":"https:\/\/www.ladiagonale.net\/wp-content\/uploads\/2025\/04\/Dier.png","type":"image\/png"}],"author":"Damien Dellerba","twitter_card":"summary_large_image","twitter_image":"https:\/\/www.ladiagonale.net\/wp-content\/uploads\/2025\/04\/Dier.png","twitter_misc":{"\u00c9crit par":"Damien Dellerba","Dur\u00e9e de lecture estim\u00e9e":"2 minutes"},"schema":{"@context":"https:\/\/schema.org","@graph":[{"@type":"WebPage","@id":"https:\/\/www.ladiagonale.net\/index.php\/2025\/04\/29\/dier-sur-le-point-de-sengager-avec-monaco\/","url":"https:\/\/www.ladiagonale.net\/index.php\/2025\/04\/29\/dier-sur-le-point-de-sengager-avec-monaco\/","name":"Dier sur le point de s\u2019engager avec Monaco ? - La Diagonale","isPartOf":{"@id":"https:\/\/www.ladiagonale.net\/#website"},"datePublished":"2025-04-29T17:51:38+00:00","dateModified":"2025-07-08T00:14:11+00:00","author":{"@id":"https:\/\/www.ladiagonale.net\/#\/schema\/person\/79ff1e7b0853ed01b2aa26e64ad300bf"},"breadcrumb":{"@id":"https:\/\/www.ladiagonale.net\/index.php\/2025\/04\/29\/dier-sur-le-point-de-sengager-avec-monaco\/#breadcrumb"},"inLanguage":"fr-FR","potentialAction":[{"@type":"ReadAction","target":["https:\/\/www.ladiagonale.net\/index.php\/2025\/04\/29\/dier-sur-le-point-de-sengager-avec-monaco\/"]}]},{"@type":"BreadcrumbList","@id":"https:\/\/www.ladiagonale.net\/index.php\/2025\/04\/29\/dier-sur-le-point-de-sengager-avec-monaco\/#breadcrumb","itemListElement":[{"@type":"ListItem","position":1,"name":"Accueil","item":"https:\/\/www.ladiagonale.net\/"},{"@type":"ListItem","position":2,"name":"Dier sur le point de s\u2019engager avec Monaco ?"}]},{"@type":"WebSite","@id":"https:\/\/www.ladiagonale.net\/#website","url":"https:\/\/www.ladiagonale.net\/","name":"La Diagonale","description":"Le site des supporters de l&#039;AS Monaco FC","potentialAction":[{"@type":"SearchAction","target":{"@type":"EntryPoint","urlTemplate":"https:\/\/www.ladiagonale.net\/?s={search_term_string}"},"query-input":"required name=search_term_string"}],"inLanguage":"fr-FR"},{"@type":"Person","@id":"https:\/\/www.ladiagonale.net\/#\/schema\/person\/79ff1e7b0853ed01b2aa26e64ad300bf","name":"Damien Dellerba","image":{"@type":"ImageObject","inLanguage":"fr-FR","@id":"https:\/\/www.ladiagonale.net\/#\/schema\/person\/image\/","url":"https:\/\/secure.gravatar.com\/avatar\/c7850e06d3ff63cdbaee88b7fc16e2f0?s=96&d=mm&r=g","contentUrl":"https:\/\/secure.gravatar.com\/avatar\/c7850e06d3ff63cdbaee88b7fc16e2f0?s=96&d=mm&r=g","caption":"Damien Dellerba"},"url":"https:\/\/www.ladiagonale.net\/index.php\/author\/damien\/"}]}},"_links":{"self":[{"href":"https:\/\/www.ladiagonale.net\/index.php\/wp-json\/wp\/v2\/posts\/31209"}],"collection":[{"href":"https:\/\/www.ladiagonale.net\/index.php\/wp-json\/wp\/v2\/posts"}],"about":[{"href":"https:\/\/www.ladiagonale.net\/index.php\/wp-json\/wp\/v2\/types\/post"}],"author":[{"embeddable":true,"href":"https:\/\/www.ladiagonale.net\/index.php\/wp-json\/wp\/v2\/users\/2"}],"replies":[{"embeddable":true,"href":"https:\/\/www.ladiagonale.net\/index.php\/wp-json\/wp\/v2\/comments?post=31209"}],"version-history":[{"count":4,"href":"https:\/\/www.ladiagonale.net\/index.php\/wp-json\/wp\/v2\/posts\/31209\/revisions"}],"predecessor-version":[{"id":31221,"href":"https:\/\/www.ladiagonale.net\/index.php\/wp-json\/wp\/v2\/posts\/31209\/revisions\/31221"}],"wp:attachment":[{"href":"https:\/\/www.ladiagonale.net\/index.php\/wp-json\/wp\/v2\/media?parent=31209"}],"wp:term":[{"taxonomy":"category","embeddable":true,"href":"https:\/\/www.ladiagonale.net\/index.php\/wp-json\/wp\/v2\/categories?post=31209"},{"taxonomy":"post_tag","embeddable":true,"href":"https:\/\/www.ladiagonale.net\/index.php\/wp-json\/wp\/v2\/tags?post=31209"}],"curies":[{"name":"wp","href":"https:\/\/api.w.org\/{rel}","templated":true}]}}