{"id":31214,"date":"2025-04-30T00:06:08","date_gmt":"2025-04-29T22:06:08","guid":{"rendered":"https:\/\/www.ladiagonale.net\/?p=31214"},"modified":"2025-04-30T18:28:39","modified_gmt":"2025-04-30T16:28:39","slug":"rybolovlev-aurait-hausse-le-ton-a-la-turbie","status":"publish","type":"post","link":"https:\/\/www.ladiagonale.net\/index.php\/2025\/04\/30\/rybolovlev-aurait-hausse-le-ton-a-la-turbie\/","title":{"rendered":"Rybolovlev aurait hauss\u00e9 le ton \u00e0 La Turbie"},"content":{"rendered":"\n<p>L\u2019AS Monaco a fait une tr\u00e8s mauvaise op\u00e9ration le week-end dernier en ne battant pas Le Havre (1-1) et a perdu la troisi\u00e8me place du championnat. Une cause et une cons\u00e9quence qui n\u2019ont pas eu l\u2019air de plaire au pr\u00e9sident Dmitry Rybolovlev, qui se serait rendu \u00e0 La Turbie ce mardi pour parler au groupe. Selon <em>L\u2019\u00c9quipe<\/em>, le Russe aurait mis la pression aux joueurs, mais \u00e9galement au staff et au Directeur g\u00e9n\u00e9ral Thiago Scuro, rappelant la n\u00e9cessit\u00e9 d&rsquo;une qualification en Ligue des champions, principalement pour sa manne financi\u00e8re.<\/p>\n\n\n\n<p>Les Mon\u00e9gasques auront encore trois rencontres \u00e0 disputer dans ce sprint final. Face \u00e0 Saint-\u00c9tienne, qui lutte pour sa survie \u00e0 l&rsquo;instar du Havre, Lyon, un concurrent direct pour la C1, et Lens, qui ne joue plus rien mais contre qui les matches en baisser de rideau \u00e0 Bollaert ne rappellent pas que des bons souvenirs (2-2, en 2021-2022).<\/p>\n\n\n","protected":false},"excerpt":{"rendered":"<p>L\u2019AS Monaco a fait une tr\u00e8s mauvaise op\u00e9ration le week-end dernier en ne battant pas Le Havre (1-1) et a perdu la troisi\u00e8me place du championnat. Une cause et une cons\u00e9quence qui n\u2019ont pas eu l\u2019air de plaire au pr\u00e9sident Dmitry Rybolovlev, qui se serait rendu \u00e0 La Turbie ce mardi pour parler au groupe. [&#8230;]\n","protected":false},"author":2,"featured_media":0,"comment_status":"open","ping_status":"open","sticky":false,"template":"","format":"standard","meta":[],"categories":[6],"tags":[86,296,94],"yoast_head":"<!-- This site is optimized with the Yoast SEO plugin v19.8 - https:\/\/yoast.com\/wordpress\/plugins\/seo\/ -->\n<title>Rybolovlev aurait hauss\u00e9 le ton \u00e0 La Turbie - La Diagonale<\/title>\n<meta name=\"robots\" content=\"index, follow, max-snippet:-1, max-image-preview:large, max-video-preview:-1\" \/>\n<link rel=\"canonical\" href=\"https:\/\/www.ladiagonale.net\/index.php\/2025\/04\/30\/rybolovlev-aurait-hausse-le-ton-a-la-turbie\/\" \/>\n<meta property=\"og:locale\" content=\"fr_FR\" \/>\n<meta property=\"og:type\" content=\"article\" \/>\n<meta property=\"og:title\" content=\"Rybolovlev aurait hauss\u00e9 le ton \u00e0 La Turbie - La Diagonale\" \/>\n<meta property=\"og:description\" content=\"L\u2019AS Monaco a fait une tr\u00e8s mauvaise op\u00e9ration le week-end dernier en ne battant pas Le Havre (1-1) et a perdu la troisi\u00e8me place du championnat. Une cause et une cons\u00e9quence qui n\u2019ont pas eu l\u2019air de plaire au pr\u00e9sident Dmitry Rybolovlev, qui se serait rendu \u00e0 La Turbie ce mardi pour parler au groupe. [...]\" \/>\n<meta property=\"og:url\" content=\"https:\/\/www.ladiagonale.net\/index.php\/2025\/04\/30\/rybolovlev-aurait-hausse-le-ton-a-la-turbie\/\" \/>\n<meta property=\"og:site_name\" content=\"La Diagonale\" \/>\n<meta property=\"article:published_time\" content=\"2025-04-29T22:06:08+00:00\" \/>\n<meta property=\"article:modified_time\" content=\"2025-04-30T16:28:39+00:00\" \/>\n<meta property=\"og:image\" content=\"https:\/\/www.ladiagonale.net\/wp-content\/uploads\/2025\/04\/Rybo-Turbie.png\" \/>\n\t<meta property=\"og:image:width\" content=\"1160\" \/>\n\t<meta property=\"og:image:height\" content=\"650\" \/>\n\t<meta property=\"og:image:type\" content=\"image\/png\" \/>\n<meta name=\"author\" content=\"Damien Dellerba\" \/>\n<meta name=\"twitter:card\" content=\"summary_large_image\" \/>\n<meta name=\"twitter:label1\" content=\"\u00c9crit par\" \/>\n\t<meta name=\"twitter:data1\" content=\"Damien Dellerba\" \/>\n<script type=\"application\/ld+json\" class=\"yoast-schema-graph\">{\"@context\":\"https:\/\/schema.org\",\"@graph\":[{\"@type\":\"WebPage\",\"@id\":\"https:\/\/www.ladiagonale.net\/index.php\/2025\/04\/30\/rybolovlev-aurait-hausse-le-ton-a-la-turbie\/\",\"url\":\"https:\/\/www.ladiagonale.net\/index.php\/2025\/04\/30\/rybolovlev-aurait-hausse-le-ton-a-la-turbie\/\",\"name\":\"Rybolovlev aurait hauss\u00e9 le ton \u00e0 La Turbie - La Diagonale\",\"isPartOf\":{\"@id\":\"https:\/\/www.ladiagonale.net\/#website\"},\"datePublished\":\"2025-04-29T22:06:08+00:00\",\"dateModified\":\"2025-04-30T16:28:39+00:00\",\"author\":{\"@id\":\"https:\/\/www.ladiagonale.net\/#\/schema\/person\/79ff1e7b0853ed01b2aa26e64ad300bf\"},\"breadcrumb\":{\"@id\":\"https:\/\/www.ladiagonale.net\/index.php\/2025\/04\/30\/rybolovlev-aurait-hausse-le-ton-a-la-turbie\/#breadcrumb\"},\"inLanguage\":\"fr-FR\",\"potentialAction\":[{\"@type\":\"ReadAction\",\"target\":[\"https:\/\/www.ladiagonale.net\/index.php\/2025\/04\/30\/rybolovlev-aurait-hausse-le-ton-a-la-turbie\/\"]}]},{\"@type\":\"BreadcrumbList\",\"@id\":\"https:\/\/www.ladiagonale.net\/index.php\/2025\/04\/30\/rybolovlev-aurait-hausse-le-ton-a-la-turbie\/#breadcrumb\",\"itemListElement\":[{\"@type\":\"ListItem\",\"position\":1,\"name\":\"Accueil\",\"item\":\"https:\/\/www.ladiagonale.net\/\"},{\"@type\":\"ListItem\",\"position\":2,\"name\":\"Rybolovlev aurait hauss\u00e9 le ton \u00e0 La Turbie\"}]},{\"@type\":\"WebSite\",\"@id\":\"https:\/\/www.ladiagonale.net\/#website\",\"url\":\"https:\/\/www.ladiagonale.net\/\",\"name\":\"La Diagonale\",\"description\":\"Le site des supporters de l&#039;AS Monaco FC\",\"potentialAction\":[{\"@type\":\"SearchAction\",\"target\":{\"@type\":\"EntryPoint\",\"urlTemplate\":\"https:\/\/www.ladiagonale.net\/?s={search_term_string}\"},\"query-input\":\"required name=search_term_string\"}],\"inLanguage\":\"fr-FR\"},{\"@type\":\"Person\",\"@id\":\"https:\/\/www.ladiagonale.net\/#\/schema\/person\/79ff1e7b0853ed01b2aa26e64ad300bf\",\"name\":\"Damien Dellerba\",\"image\":{\"@type\":\"ImageObject\",\"inLanguage\":\"fr-FR\",\"@id\":\"https:\/\/www.ladiagonale.net\/#\/schema\/person\/image\/\",\"url\":\"https:\/\/secure.gravatar.com\/avatar\/c7850e06d3ff63cdbaee88b7fc16e2f0?s=96&d=mm&r=g\",\"contentUrl\":\"https:\/\/secure.gravatar.com\/avatar\/c7850e06d3ff63cdbaee88b7fc16e2f0?s=96&d=mm&r=g\",\"caption\":\"Damien Dellerba\"},\"url\":\"https:\/\/www.ladiagonale.net\/index.php\/author\/damien\/\"}]}<\/script>\n<!-- \/ Yoast SEO plugin. -->","yoast_head_json":{"title":"Rybolovlev aurait hauss\u00e9 le ton \u00e0 La Turbie - La Diagonale","robots":{"index":"index","follow":"follow","max-snippet":"max-snippet:-1","max-image-preview":"max-image-preview:large","max-video-preview":"max-video-preview:-1"},"canonical":"https:\/\/www.ladiagonale.net\/index.php\/2025\/04\/30\/rybolovlev-aurait-hausse-le-ton-a-la-turbie\/","og_locale":"fr_FR","og_type":"article","og_title":"Rybolovlev aurait hauss\u00e9 le ton \u00e0 La Turbie - La Diagonale","og_description":"L\u2019AS Monaco a fait une tr\u00e8s mauvaise op\u00e9ration le week-end dernier en ne battant pas Le Havre (1-1) et a perdu la troisi\u00e8me place du championnat. Une cause et une cons\u00e9quence qui n\u2019ont pas eu l\u2019air de plaire au pr\u00e9sident Dmitry Rybolovlev, qui se serait rendu \u00e0 La Turbie ce mardi pour parler au groupe. [...]","og_url":"https:\/\/www.ladiagonale.net\/index.php\/2025\/04\/30\/rybolovlev-aurait-hausse-le-ton-a-la-turbie\/","og_site_name":"La Diagonale","article_published_time":"2025-04-29T22:06:08+00:00","article_modified_time":"2025-04-30T16:28:39+00:00","og_image":[{"width":1160,"height":650,"url":"https:\/\/www.ladiagonale.net\/wp-content\/uploads\/2025\/04\/Rybo-Turbie.png","type":"image\/png"}],"author":"Damien Dellerba","twitter_card":"summary_large_image","twitter_misc":{"\u00c9crit par":"Damien Dellerba"},"schema":{"@context":"https:\/\/schema.org","@graph":[{"@type":"WebPage","@id":"https:\/\/www.ladiagonale.net\/index.php\/2025\/04\/30\/rybolovlev-aurait-hausse-le-ton-a-la-turbie\/","url":"https:\/\/www.ladiagonale.net\/index.php\/2025\/04\/30\/rybolovlev-aurait-hausse-le-ton-a-la-turbie\/","name":"Rybolovlev aurait hauss\u00e9 le ton \u00e0 La Turbie - La Diagonale","isPartOf":{"@id":"https:\/\/www.ladiagonale.net\/#website"},"datePublished":"2025-04-29T22:06:08+00:00","dateModified":"2025-04-30T16:28:39+00:00","author":{"@id":"https:\/\/www.ladiagonale.net\/#\/schema\/person\/79ff1e7b0853ed01b2aa26e64ad300bf"},"breadcrumb":{"@id":"https:\/\/www.ladiagonale.net\/index.php\/2025\/04\/30\/rybolovlev-aurait-hausse-le-ton-a-la-turbie\/#breadcrumb"},"inLanguage":"fr-FR","potentialAction":[{"@type":"ReadAction","target":["https:\/\/www.ladiagonale.net\/index.php\/2025\/04\/30\/rybolovlev-aurait-hausse-le-ton-a-la-turbie\/"]}]},{"@type":"BreadcrumbList","@id":"https:\/\/www.ladiagonale.net\/index.php\/2025\/04\/30\/rybolovlev-aurait-hausse-le-ton-a-la-turbie\/#breadcrumb","itemListElement":[{"@type":"ListItem","position":1,"name":"Accueil","item":"https:\/\/www.ladiagonale.net\/"},{"@type":"ListItem","position":2,"name":"Rybolovlev aurait hauss\u00e9 le ton \u00e0 La Turbie"}]},{"@type":"WebSite","@id":"https:\/\/www.ladiagonale.net\/#website","url":"https:\/\/www.ladiagonale.net\/","name":"La Diagonale","description":"Le site des supporters de l&#039;AS Monaco FC","potentialAction":[{"@type":"SearchAction","target":{"@type":"EntryPoint","urlTemplate":"https:\/\/www.ladiagonale.net\/?s={search_term_string}"},"query-input":"required name=search_term_string"}],"inLanguage":"fr-FR"},{"@type":"Person","@id":"https:\/\/www.ladiagonale.net\/#\/schema\/person\/79ff1e7b0853ed01b2aa26e64ad300bf","name":"Damien Dellerba","image":{"@type":"ImageObject","inLanguage":"fr-FR","@id":"https:\/\/www.ladiagonale.net\/#\/schema\/person\/image\/","url":"https:\/\/secure.gravatar.com\/avatar\/c7850e06d3ff63cdbaee88b7fc16e2f0?s=96&d=mm&r=g","contentUrl":"https:\/\/secure.gravatar.com\/avatar\/c7850e06d3ff63cdbaee88b7fc16e2f0?s=96&d=mm&r=g","caption":"Damien Dellerba"},"url":"https:\/\/www.ladiagonale.net\/index.php\/author\/damien\/"}]}},"_links":{"self":[{"href":"https:\/\/www.ladiagonale.net\/index.php\/wp-json\/wp\/v2\/posts\/31214"}],"collection":[{"href":"https:\/\/www.ladiagonale.net\/index.php\/wp-json\/wp\/v2\/posts"}],"about":[{"href":"https:\/\/www.ladiagonale.net\/index.php\/wp-json\/wp\/v2\/types\/post"}],"author":[{"embeddable":true,"href":"https:\/\/www.ladiagonale.net\/index.php\/wp-json\/wp\/v2\/users\/2"}],"replies":[{"embeddable":true,"href":"https:\/\/www.ladiagonale.net\/index.php\/wp-json\/wp\/v2\/comments?post=31214"}],"version-history":[{"count":3,"href":"https:\/\/www.ladiagonale.net\/index.php\/wp-json\/wp\/v2\/posts\/31214\/revisions"}],"predecessor-version":[{"id":31226,"href":"https:\/\/www.ladiagonale.net\/index.php\/wp-json\/wp\/v2\/posts\/31214\/revisions\/31226"}],"wp:attachment":[{"href":"https:\/\/www.ladiagonale.net\/index.php\/wp-json\/wp\/v2\/media?parent=31214"}],"wp:term":[{"taxonomy":"category","embeddable":true,"href":"https:\/\/www.ladiagonale.net\/index.php\/wp-json\/wp\/v2\/categories?post=31214"},{"taxonomy":"post_tag","embeddable":true,"href":"https:\/\/www.ladiagonale.net\/index.php\/wp-json\/wp\/v2\/tags?post=31214"}],"curies":[{"name":"wp","href":"https:\/\/api.w.org\/{rel}","templated":true}]}}