{"id":31222,"date":"2025-04-30T18:26:27","date_gmt":"2025-04-30T16:26:27","guid":{"rendered":"https:\/\/www.ladiagonale.net\/?p=31222"},"modified":"2025-04-30T18:26:28","modified_gmt":"2025-04-30T16:26:28","slug":"hutter-et-ben-seghir-nommes-pour-les-trophees-unfp","status":"publish","type":"post","link":"https:\/\/www.ladiagonale.net\/index.php\/2025\/04\/30\/hutter-et-ben-seghir-nommes-pour-les-trophees-unfp\/","title":{"rendered":"H\u00fctter et Ben Seghir nomm\u00e9s pour les troph\u00e9es UNFP"},"content":{"rendered":"\n<p>L\u2019AS Monaco ne sait pas encore si sa saison se terminera avec une qualification pour la Ligue des champions, mais le 4<sup>e<\/sup> de Ligue 1 pourrait potentiellement achever cet exercice avec deux r\u00e9compenses individuelles. L\u2019UNFP a notamment nomm\u00e9 Adi H\u00fctter pour le troph\u00e9e du meilleur entra\u00eeneur de la saison 2024-2025. Contrairement \u00e0 la saison derni\u00e8re, l\u2019Autrichien n\u2019a cette fois <a href=\"https:\/\/www.ladiagonale.net\/index.php\/2024\/05\/02\/hutter-reagit-aux-nominations-des-trophees-unfp\/\" target=\"_blank\" rel=\"noreferrer noopener\">pas \u00e9t\u00e9 \u00ab\u00a0oubli\u00e9\u00a0\u00bb par le syndicat<\/a>. Il sera en concurrence avec Luis Enrique (PSG), Bruno Genesio (Lille), Liam Rosenior (Strasbourg) et \u00c9ric Roy (Brest).<\/p>\n\n\n\n<p>Pour <a href=\"https:\/\/www.ladiagonale.net\/index.php\/2024\/05\/13\/pas-de-trophee-du-meilleur-espoir-pour-ben-seghir\/\" target=\"_blank\" rel=\"noreferrer noopener\">la troisi\u00e8me ann\u00e9e d\u2019affil\u00e9e<\/a>, Eliesse Ben Seghir tentera de remporter le troph\u00e9e UNFP du meilleur espoir de Ligue 1. Le jeune milieu offensif de 20 ans aura cependant de tr\u00e8s s\u00e9rieux clients face \u00e0 lui et sa bonne premi\u00e8re moiti\u00e9 de saison ne risque pas de peser bien lourd face aux Parisiens D\u00e9sir\u00e9 Dou\u00e9 et Joao Neves, auteurs d&rsquo;une saison de haut vol. Le Lillois Ayyoub Bouaddi, le Strasbourgeois Andrey Santos ont \u00e9galement \u00e9t\u00e9 nomm\u00e9s.<\/p>\n\n\n","protected":false},"excerpt":{"rendered":"<p>L\u2019AS Monaco ne sait pas encore si sa saison se terminera avec une qualification pour la Ligue des champions, mais le 4e de Ligue 1 pourrait potentiellement achever cet exercice avec deux r\u00e9compenses individuelles. L\u2019UNFP a notamment nomm\u00e9 Adi H\u00fctter pour le troph\u00e9e du meilleur entra\u00eeneur de la saison 2024-2025. Contrairement \u00e0 la saison derni\u00e8re, [&#8230;]\n","protected":false},"author":2,"featured_media":0,"comment_status":"open","ping_status":"open","sticky":false,"template":"","format":"standard","meta":[],"categories":[4,6],"tags":[576,86,94,1028,536,535],"yoast_head":"<!-- This site is optimized with the Yoast SEO plugin v19.8 - https:\/\/yoast.com\/wordpress\/plugins\/seo\/ -->\n<title>H\u00fctter et Ben Seghir nomm\u00e9s pour les troph\u00e9es UNFP - La Diagonale<\/title>\n<meta name=\"robots\" content=\"index, follow, max-snippet:-1, max-image-preview:large, max-video-preview:-1\" \/>\n<link rel=\"canonical\" href=\"https:\/\/www.ladiagonale.net\/index.php\/2025\/04\/30\/hutter-et-ben-seghir-nommes-pour-les-trophees-unfp\/\" \/>\n<meta property=\"og:locale\" content=\"fr_FR\" \/>\n<meta property=\"og:type\" content=\"article\" \/>\n<meta property=\"og:title\" content=\"H\u00fctter et Ben Seghir nomm\u00e9s pour les troph\u00e9es UNFP - La Diagonale\" \/>\n<meta property=\"og:description\" content=\"L\u2019AS Monaco ne sait pas encore si sa saison se terminera avec une qualification pour la Ligue des champions, mais le 4e de Ligue 1 pourrait potentiellement achever cet exercice avec deux r\u00e9compenses individuelles. L\u2019UNFP a notamment nomm\u00e9 Adi H\u00fctter pour le troph\u00e9e du meilleur entra\u00eeneur de la saison 2024-2025. Contrairement \u00e0 la saison derni\u00e8re, [...]\" \/>\n<meta property=\"og:url\" content=\"https:\/\/www.ladiagonale.net\/index.php\/2025\/04\/30\/hutter-et-ben-seghir-nommes-pour-les-trophees-unfp\/\" \/>\n<meta property=\"og:site_name\" content=\"La Diagonale\" \/>\n<meta property=\"article:published_time\" content=\"2025-04-30T16:26:27+00:00\" \/>\n<meta property=\"article:modified_time\" content=\"2025-04-30T16:26:28+00:00\" \/>\n<meta property=\"og:image\" content=\"https:\/\/www.ladiagonale.net\/wp-content\/uploads\/2024\/12\/HutterBS.png\" \/>\n\t<meta property=\"og:image:width\" content=\"1160\" \/>\n\t<meta property=\"og:image:height\" content=\"650\" \/>\n\t<meta property=\"og:image:type\" content=\"image\/png\" \/>\n<meta name=\"author\" content=\"Damien Dellerba\" \/>\n<meta name=\"twitter:card\" content=\"summary_large_image\" \/>\n<meta name=\"twitter:image\" content=\"https:\/\/www.ladiagonale.net\/wp-content\/uploads\/2024\/12\/HutterBS.png\" \/>\n<meta name=\"twitter:label1\" content=\"\u00c9crit par\" \/>\n\t<meta name=\"twitter:data1\" content=\"Damien Dellerba\" \/>\n\t<meta name=\"twitter:label2\" content=\"Dur\u00e9e de lecture estim\u00e9e\" \/>\n\t<meta name=\"twitter:data2\" content=\"1 minute\" \/>\n<script type=\"application\/ld+json\" class=\"yoast-schema-graph\">{\"@context\":\"https:\/\/schema.org\",\"@graph\":[{\"@type\":\"WebPage\",\"@id\":\"https:\/\/www.ladiagonale.net\/index.php\/2025\/04\/30\/hutter-et-ben-seghir-nommes-pour-les-trophees-unfp\/\",\"url\":\"https:\/\/www.ladiagonale.net\/index.php\/2025\/04\/30\/hutter-et-ben-seghir-nommes-pour-les-trophees-unfp\/\",\"name\":\"H\u00fctter et Ben Seghir nomm\u00e9s pour les troph\u00e9es UNFP - La Diagonale\",\"isPartOf\":{\"@id\":\"https:\/\/www.ladiagonale.net\/#website\"},\"datePublished\":\"2025-04-30T16:26:27+00:00\",\"dateModified\":\"2025-04-30T16:26:28+00:00\",\"author\":{\"@id\":\"https:\/\/www.ladiagonale.net\/#\/schema\/person\/79ff1e7b0853ed01b2aa26e64ad300bf\"},\"breadcrumb\":{\"@id\":\"https:\/\/www.ladiagonale.net\/index.php\/2025\/04\/30\/hutter-et-ben-seghir-nommes-pour-les-trophees-unfp\/#breadcrumb\"},\"inLanguage\":\"fr-FR\",\"potentialAction\":[{\"@type\":\"ReadAction\",\"target\":[\"https:\/\/www.ladiagonale.net\/index.php\/2025\/04\/30\/hutter-et-ben-seghir-nommes-pour-les-trophees-unfp\/\"]}]},{\"@type\":\"BreadcrumbList\",\"@id\":\"https:\/\/www.ladiagonale.net\/index.php\/2025\/04\/30\/hutter-et-ben-seghir-nommes-pour-les-trophees-unfp\/#breadcrumb\",\"itemListElement\":[{\"@type\":\"ListItem\",\"position\":1,\"name\":\"Accueil\",\"item\":\"https:\/\/www.ladiagonale.net\/\"},{\"@type\":\"ListItem\",\"position\":2,\"name\":\"H\u00fctter et Ben Seghir nomm\u00e9s pour les troph\u00e9es UNFP\"}]},{\"@type\":\"WebSite\",\"@id\":\"https:\/\/www.ladiagonale.net\/#website\",\"url\":\"https:\/\/www.ladiagonale.net\/\",\"name\":\"La Diagonale\",\"description\":\"Le site des supporters de l&#039;AS Monaco FC\",\"potentialAction\":[{\"@type\":\"SearchAction\",\"target\":{\"@type\":\"EntryPoint\",\"urlTemplate\":\"https:\/\/www.ladiagonale.net\/?s={search_term_string}\"},\"query-input\":\"required name=search_term_string\"}],\"inLanguage\":\"fr-FR\"},{\"@type\":\"Person\",\"@id\":\"https:\/\/www.ladiagonale.net\/#\/schema\/person\/79ff1e7b0853ed01b2aa26e64ad300bf\",\"name\":\"Damien Dellerba\",\"image\":{\"@type\":\"ImageObject\",\"inLanguage\":\"fr-FR\",\"@id\":\"https:\/\/www.ladiagonale.net\/#\/schema\/person\/image\/\",\"url\":\"https:\/\/secure.gravatar.com\/avatar\/c7850e06d3ff63cdbaee88b7fc16e2f0?s=96&d=mm&r=g\",\"contentUrl\":\"https:\/\/secure.gravatar.com\/avatar\/c7850e06d3ff63cdbaee88b7fc16e2f0?s=96&d=mm&r=g\",\"caption\":\"Damien Dellerba\"},\"url\":\"https:\/\/www.ladiagonale.net\/index.php\/author\/damien\/\"}]}<\/script>\n<!-- \/ Yoast SEO plugin. -->","yoast_head_json":{"title":"H\u00fctter et Ben Seghir nomm\u00e9s pour les troph\u00e9es UNFP - La Diagonale","robots":{"index":"index","follow":"follow","max-snippet":"max-snippet:-1","max-image-preview":"max-image-preview:large","max-video-preview":"max-video-preview:-1"},"canonical":"https:\/\/www.ladiagonale.net\/index.php\/2025\/04\/30\/hutter-et-ben-seghir-nommes-pour-les-trophees-unfp\/","og_locale":"fr_FR","og_type":"article","og_title":"H\u00fctter et Ben Seghir nomm\u00e9s pour les troph\u00e9es UNFP - La Diagonale","og_description":"L\u2019AS Monaco ne sait pas encore si sa saison se terminera avec une qualification pour la Ligue des champions, mais le 4e de Ligue 1 pourrait potentiellement achever cet exercice avec deux r\u00e9compenses individuelles. L\u2019UNFP a notamment nomm\u00e9 Adi H\u00fctter pour le troph\u00e9e du meilleur entra\u00eeneur de la saison 2024-2025. Contrairement \u00e0 la saison derni\u00e8re, [...]","og_url":"https:\/\/www.ladiagonale.net\/index.php\/2025\/04\/30\/hutter-et-ben-seghir-nommes-pour-les-trophees-unfp\/","og_site_name":"La Diagonale","article_published_time":"2025-04-30T16:26:27+00:00","article_modified_time":"2025-04-30T16:26:28+00:00","og_image":[{"width":1160,"height":650,"url":"https:\/\/www.ladiagonale.net\/wp-content\/uploads\/2024\/12\/HutterBS.png","type":"image\/png"}],"author":"Damien Dellerba","twitter_card":"summary_large_image","twitter_image":"https:\/\/www.ladiagonale.net\/wp-content\/uploads\/2024\/12\/HutterBS.png","twitter_misc":{"\u00c9crit par":"Damien Dellerba","Dur\u00e9e de lecture estim\u00e9e":"1 minute"},"schema":{"@context":"https:\/\/schema.org","@graph":[{"@type":"WebPage","@id":"https:\/\/www.ladiagonale.net\/index.php\/2025\/04\/30\/hutter-et-ben-seghir-nommes-pour-les-trophees-unfp\/","url":"https:\/\/www.ladiagonale.net\/index.php\/2025\/04\/30\/hutter-et-ben-seghir-nommes-pour-les-trophees-unfp\/","name":"H\u00fctter et Ben Seghir nomm\u00e9s pour les troph\u00e9es UNFP - La Diagonale","isPartOf":{"@id":"https:\/\/www.ladiagonale.net\/#website"},"datePublished":"2025-04-30T16:26:27+00:00","dateModified":"2025-04-30T16:26:28+00:00","author":{"@id":"https:\/\/www.ladiagonale.net\/#\/schema\/person\/79ff1e7b0853ed01b2aa26e64ad300bf"},"breadcrumb":{"@id":"https:\/\/www.ladiagonale.net\/index.php\/2025\/04\/30\/hutter-et-ben-seghir-nommes-pour-les-trophees-unfp\/#breadcrumb"},"inLanguage":"fr-FR","potentialAction":[{"@type":"ReadAction","target":["https:\/\/www.ladiagonale.net\/index.php\/2025\/04\/30\/hutter-et-ben-seghir-nommes-pour-les-trophees-unfp\/"]}]},{"@type":"BreadcrumbList","@id":"https:\/\/www.ladiagonale.net\/index.php\/2025\/04\/30\/hutter-et-ben-seghir-nommes-pour-les-trophees-unfp\/#breadcrumb","itemListElement":[{"@type":"ListItem","position":1,"name":"Accueil","item":"https:\/\/www.ladiagonale.net\/"},{"@type":"ListItem","position":2,"name":"H\u00fctter et Ben Seghir nomm\u00e9s pour les troph\u00e9es UNFP"}]},{"@type":"WebSite","@id":"https:\/\/www.ladiagonale.net\/#website","url":"https:\/\/www.ladiagonale.net\/","name":"La Diagonale","description":"Le site des supporters de l&#039;AS Monaco FC","potentialAction":[{"@type":"SearchAction","target":{"@type":"EntryPoint","urlTemplate":"https:\/\/www.ladiagonale.net\/?s={search_term_string}"},"query-input":"required name=search_term_string"}],"inLanguage":"fr-FR"},{"@type":"Person","@id":"https:\/\/www.ladiagonale.net\/#\/schema\/person\/79ff1e7b0853ed01b2aa26e64ad300bf","name":"Damien Dellerba","image":{"@type":"ImageObject","inLanguage":"fr-FR","@id":"https:\/\/www.ladiagonale.net\/#\/schema\/person\/image\/","url":"https:\/\/secure.gravatar.com\/avatar\/c7850e06d3ff63cdbaee88b7fc16e2f0?s=96&d=mm&r=g","contentUrl":"https:\/\/secure.gravatar.com\/avatar\/c7850e06d3ff63cdbaee88b7fc16e2f0?s=96&d=mm&r=g","caption":"Damien Dellerba"},"url":"https:\/\/www.ladiagonale.net\/index.php\/author\/damien\/"}]}},"_links":{"self":[{"href":"https:\/\/www.ladiagonale.net\/index.php\/wp-json\/wp\/v2\/posts\/31222"}],"collection":[{"href":"https:\/\/www.ladiagonale.net\/index.php\/wp-json\/wp\/v2\/posts"}],"about":[{"href":"https:\/\/www.ladiagonale.net\/index.php\/wp-json\/wp\/v2\/types\/post"}],"author":[{"embeddable":true,"href":"https:\/\/www.ladiagonale.net\/index.php\/wp-json\/wp\/v2\/users\/2"}],"replies":[{"embeddable":true,"href":"https:\/\/www.ladiagonale.net\/index.php\/wp-json\/wp\/v2\/comments?post=31222"}],"version-history":[{"count":1,"href":"https:\/\/www.ladiagonale.net\/index.php\/wp-json\/wp\/v2\/posts\/31222\/revisions"}],"predecessor-version":[{"id":31223,"href":"https:\/\/www.ladiagonale.net\/index.php\/wp-json\/wp\/v2\/posts\/31222\/revisions\/31223"}],"wp:attachment":[{"href":"https:\/\/www.ladiagonale.net\/index.php\/wp-json\/wp\/v2\/media?parent=31222"}],"wp:term":[{"taxonomy":"category","embeddable":true,"href":"https:\/\/www.ladiagonale.net\/index.php\/wp-json\/wp\/v2\/categories?post=31222"},{"taxonomy":"post_tag","embeddable":true,"href":"https:\/\/www.ladiagonale.net\/index.php\/wp-json\/wp\/v2\/tags?post=31222"}],"curies":[{"name":"wp","href":"https:\/\/api.w.org\/{rel}","templated":true}]}}