{"id":31238,"date":"2025-05-02T02:04:04","date_gmt":"2025-05-02T00:04:04","guid":{"rendered":"https:\/\/www.ladiagonale.net\/?p=31238"},"modified":"2025-05-02T02:04:06","modified_gmt":"2025-05-02T00:04:06","slug":"la-possible-arrivee-de-dier-ne-ferait-pas-lunanimite-dans-le-vestiaire","status":"publish","type":"post","link":"https:\/\/www.ladiagonale.net\/index.php\/2025\/05\/02\/la-possible-arrivee-de-dier-ne-ferait-pas-lunanimite-dans-le-vestiaire\/","title":{"rendered":"La possible arriv\u00e9e de Dier ne ferait pas l\u2019unanimit\u00e9 dans le vestiaire"},"content":{"rendered":"\n<p>Si l\u2019avenir de Wilfried Singo en Principaut\u00e9 <a href=\"https:\/\/www.ladiagonale.net\/index.php\/2025\/05\/01\/singo-serait-surveille-par-latletico-de-madrid\/\" target=\"_blank\" rel=\"noreferrer noopener\">s&rsquo;inscrit en pointill\u00e9<\/a>, l\u2019AS Monaco aurait d\u00e9j\u00e0 avanc\u00e9 sur son recrutement en charni\u00e8re. <em>L\u2019\u00c9quipe<\/em> avait r\u00e9v\u00e9l\u00e9 mardi que <a href=\"https:\/\/www.ladiagonale.net\/index.php\/2025\/04\/29\/dier-sur-le-point-de-sengager-avec-monaco\/\" target=\"_blank\" rel=\"noreferrer noopener\">la signature de l\u2019Anglais Eric Dier<\/a>, en fin de contrat avec le Bayern Munich, \u00e9tait quasiment acquise, mais ce qui ressemble \u00e0 une bonne pioche sur le papier, ne ferait pourtant pas l\u2019unanimit\u00e9 au sein du vestiaire. Toujours d\u2019apr\u00e8s le quotidien, l&rsquo;un des joueurs qui n&rsquo;aurait pas bien accueilli la nouvelle de ce recrutement serait le vice-capitaine Thilo Kehrer, avec lequel Dier se retrouverait en concurrence.<\/p>\n\n\n\n<p>Une information qui s&rsquo;inscrit dans <a href=\"https:\/\/www.ladiagonale.net\/index.php\/2025\/05\/02\/des-tensions-a-tous-les-niveaux-a-lasm\/\" target=\"_blank\" rel=\"noreferrer noopener\">un contexte de mini-crise<\/a> que traverse actuellement le club de la Principaut\u00e9 et qui dit beaucoup des fragilit\u00e9s collective et individuelle aper\u00e7ues au cours des derniers mois. Depuis quelques semaines, l&rsquo;ancien joueur du Paris Saint-Germain a montr\u00e9 des d\u00e9faillances sur le terrain et son entra\u00eeneur Adi H\u00fctter l&rsquo;avait d\u00e9fendu en invoquant une accumulation de matches et une certaine fatigue coupables. Inamovible depuis le d\u00e9but de saison, l&rsquo;Allemand a \u00e9t\u00e9 mis sur le banc contre Strasbourg le 19 avril.<\/p>\n\n\n\n<p>Sa prestation contre Le Havre avait \u00e9t\u00e9 inqui\u00e9tante et il ne devrait pas d\u00e9buter contre Saint-\u00c9tienne samedi, notamment \u00e0 cause d&rsquo;<a href=\"https:\/\/www.ladiagonale.net\/index.php\/2025\/05\/01\/saison-terminee-pour-golovin-kehrer-incertain\/\" target=\"_blank\" rel=\"noreferrer noopener\">un coup re\u00e7u \u00e0 un genou<\/a> qui l&rsquo;a emp\u00each\u00e9 de s&rsquo;entra\u00eener au cours des deux derniers jours.<\/p>\n","protected":false},"excerpt":{"rendered":"<p>Si l\u2019avenir de Wilfried Singo en Principaut\u00e9 s&rsquo;inscrit en pointill\u00e9, l\u2019AS Monaco aurait d\u00e9j\u00e0 avanc\u00e9 sur son recrutement en charni\u00e8re. L\u2019\u00c9quipe avait r\u00e9v\u00e9l\u00e9 mardi que la signature de l\u2019Anglais Eric Dier, en fin de contrat avec le Bayern Munich, \u00e9tait quasiment acquise, mais ce qui ressemble \u00e0 une bonne pioche sur le papier, ne ferait [&#8230;]\n","protected":false},"author":2,"featured_media":0,"comment_status":"closed","ping_status":"open","sticky":false,"template":"","format":"standard","meta":[],"categories":[6],"tags":[86,1026,756,110],"yoast_head":"<!-- This site is optimized with the Yoast SEO plugin v19.8 - https:\/\/yoast.com\/wordpress\/plugins\/seo\/ -->\n<title>La possible arriv\u00e9e de Dier ne ferait pas l\u2019unanimit\u00e9 dans le vestiaire - La Diagonale<\/title>\n<meta name=\"robots\" content=\"index, follow, max-snippet:-1, max-image-preview:large, max-video-preview:-1\" \/>\n<link rel=\"canonical\" href=\"https:\/\/www.ladiagonale.net\/index.php\/2025\/05\/02\/la-possible-arrivee-de-dier-ne-ferait-pas-lunanimite-dans-le-vestiaire\/\" \/>\n<meta property=\"og:locale\" content=\"fr_FR\" \/>\n<meta property=\"og:type\" content=\"article\" \/>\n<meta property=\"og:title\" content=\"La possible arriv\u00e9e de Dier ne ferait pas l\u2019unanimit\u00e9 dans le vestiaire - La Diagonale\" \/>\n<meta property=\"og:description\" content=\"Si l\u2019avenir de Wilfried Singo en Principaut\u00e9 s&rsquo;inscrit en pointill\u00e9, l\u2019AS Monaco aurait d\u00e9j\u00e0 avanc\u00e9 sur son recrutement en charni\u00e8re. L\u2019\u00c9quipe avait r\u00e9v\u00e9l\u00e9 mardi que la signature de l\u2019Anglais Eric Dier, en fin de contrat avec le Bayern Munich, \u00e9tait quasiment acquise, mais ce qui ressemble \u00e0 une bonne pioche sur le papier, ne ferait [...]\" \/>\n<meta property=\"og:url\" content=\"https:\/\/www.ladiagonale.net\/index.php\/2025\/05\/02\/la-possible-arrivee-de-dier-ne-ferait-pas-lunanimite-dans-le-vestiaire\/\" \/>\n<meta property=\"og:site_name\" content=\"La Diagonale\" \/>\n<meta property=\"article:published_time\" content=\"2025-05-02T00:04:04+00:00\" \/>\n<meta property=\"article:modified_time\" content=\"2025-05-02T00:04:06+00:00\" \/>\n<meta property=\"og:image\" content=\"https:\/\/www.ladiagonale.net\/wp-content\/uploads\/2025\/04\/Dier.png\" \/>\n\t<meta property=\"og:image:width\" content=\"1160\" \/>\n\t<meta property=\"og:image:height\" content=\"650\" \/>\n\t<meta property=\"og:image:type\" content=\"image\/png\" \/>\n<meta name=\"author\" content=\"Damien Dellerba\" \/>\n<meta name=\"twitter:card\" content=\"summary_large_image\" \/>\n<meta name=\"twitter:image\" content=\"https:\/\/www.ladiagonale.net\/wp-content\/uploads\/2025\/04\/Dier.png\" \/>\n<meta name=\"twitter:label1\" content=\"\u00c9crit par\" \/>\n\t<meta name=\"twitter:data1\" content=\"Damien Dellerba\" \/>\n\t<meta name=\"twitter:label2\" content=\"Dur\u00e9e de lecture estim\u00e9e\" \/>\n\t<meta name=\"twitter:data2\" content=\"2 minutes\" \/>\n<script type=\"application\/ld+json\" class=\"yoast-schema-graph\">{\"@context\":\"https:\/\/schema.org\",\"@graph\":[{\"@type\":\"WebPage\",\"@id\":\"https:\/\/www.ladiagonale.net\/index.php\/2025\/05\/02\/la-possible-arrivee-de-dier-ne-ferait-pas-lunanimite-dans-le-vestiaire\/\",\"url\":\"https:\/\/www.ladiagonale.net\/index.php\/2025\/05\/02\/la-possible-arrivee-de-dier-ne-ferait-pas-lunanimite-dans-le-vestiaire\/\",\"name\":\"La possible arriv\u00e9e de Dier ne ferait pas l\u2019unanimit\u00e9 dans le vestiaire - La Diagonale\",\"isPartOf\":{\"@id\":\"https:\/\/www.ladiagonale.net\/#website\"},\"datePublished\":\"2025-05-02T00:04:04+00:00\",\"dateModified\":\"2025-05-02T00:04:06+00:00\",\"author\":{\"@id\":\"https:\/\/www.ladiagonale.net\/#\/schema\/person\/79ff1e7b0853ed01b2aa26e64ad300bf\"},\"breadcrumb\":{\"@id\":\"https:\/\/www.ladiagonale.net\/index.php\/2025\/05\/02\/la-possible-arrivee-de-dier-ne-ferait-pas-lunanimite-dans-le-vestiaire\/#breadcrumb\"},\"inLanguage\":\"fr-FR\",\"potentialAction\":[{\"@type\":\"ReadAction\",\"target\":[\"https:\/\/www.ladiagonale.net\/index.php\/2025\/05\/02\/la-possible-arrivee-de-dier-ne-ferait-pas-lunanimite-dans-le-vestiaire\/\"]}]},{\"@type\":\"BreadcrumbList\",\"@id\":\"https:\/\/www.ladiagonale.net\/index.php\/2025\/05\/02\/la-possible-arrivee-de-dier-ne-ferait-pas-lunanimite-dans-le-vestiaire\/#breadcrumb\",\"itemListElement\":[{\"@type\":\"ListItem\",\"position\":1,\"name\":\"Accueil\",\"item\":\"https:\/\/www.ladiagonale.net\/\"},{\"@type\":\"ListItem\",\"position\":2,\"name\":\"La possible arriv\u00e9e de Dier ne ferait pas l\u2019unanimit\u00e9 dans le vestiaire\"}]},{\"@type\":\"WebSite\",\"@id\":\"https:\/\/www.ladiagonale.net\/#website\",\"url\":\"https:\/\/www.ladiagonale.net\/\",\"name\":\"La Diagonale\",\"description\":\"Le site des supporters de l&#039;AS Monaco FC\",\"potentialAction\":[{\"@type\":\"SearchAction\",\"target\":{\"@type\":\"EntryPoint\",\"urlTemplate\":\"https:\/\/www.ladiagonale.net\/?s={search_term_string}\"},\"query-input\":\"required name=search_term_string\"}],\"inLanguage\":\"fr-FR\"},{\"@type\":\"Person\",\"@id\":\"https:\/\/www.ladiagonale.net\/#\/schema\/person\/79ff1e7b0853ed01b2aa26e64ad300bf\",\"name\":\"Damien Dellerba\",\"image\":{\"@type\":\"ImageObject\",\"inLanguage\":\"fr-FR\",\"@id\":\"https:\/\/www.ladiagonale.net\/#\/schema\/person\/image\/\",\"url\":\"https:\/\/secure.gravatar.com\/avatar\/c7850e06d3ff63cdbaee88b7fc16e2f0?s=96&d=mm&r=g\",\"contentUrl\":\"https:\/\/secure.gravatar.com\/avatar\/c7850e06d3ff63cdbaee88b7fc16e2f0?s=96&d=mm&r=g\",\"caption\":\"Damien Dellerba\"},\"url\":\"https:\/\/www.ladiagonale.net\/index.php\/author\/damien\/\"}]}<\/script>\n<!-- \/ Yoast SEO plugin. -->","yoast_head_json":{"title":"La possible arriv\u00e9e de Dier ne ferait pas l\u2019unanimit\u00e9 dans le vestiaire - La Diagonale","robots":{"index":"index","follow":"follow","max-snippet":"max-snippet:-1","max-image-preview":"max-image-preview:large","max-video-preview":"max-video-preview:-1"},"canonical":"https:\/\/www.ladiagonale.net\/index.php\/2025\/05\/02\/la-possible-arrivee-de-dier-ne-ferait-pas-lunanimite-dans-le-vestiaire\/","og_locale":"fr_FR","og_type":"article","og_title":"La possible arriv\u00e9e de Dier ne ferait pas l\u2019unanimit\u00e9 dans le vestiaire - La Diagonale","og_description":"Si l\u2019avenir de Wilfried Singo en Principaut\u00e9 s&rsquo;inscrit en pointill\u00e9, l\u2019AS Monaco aurait d\u00e9j\u00e0 avanc\u00e9 sur son recrutement en charni\u00e8re. L\u2019\u00c9quipe avait r\u00e9v\u00e9l\u00e9 mardi que la signature de l\u2019Anglais Eric Dier, en fin de contrat avec le Bayern Munich, \u00e9tait quasiment acquise, mais ce qui ressemble \u00e0 une bonne pioche sur le papier, ne ferait [...]","og_url":"https:\/\/www.ladiagonale.net\/index.php\/2025\/05\/02\/la-possible-arrivee-de-dier-ne-ferait-pas-lunanimite-dans-le-vestiaire\/","og_site_name":"La Diagonale","article_published_time":"2025-05-02T00:04:04+00:00","article_modified_time":"2025-05-02T00:04:06+00:00","og_image":[{"width":1160,"height":650,"url":"https:\/\/www.ladiagonale.net\/wp-content\/uploads\/2025\/04\/Dier.png","type":"image\/png"}],"author":"Damien Dellerba","twitter_card":"summary_large_image","twitter_image":"https:\/\/www.ladiagonale.net\/wp-content\/uploads\/2025\/04\/Dier.png","twitter_misc":{"\u00c9crit par":"Damien Dellerba","Dur\u00e9e de lecture estim\u00e9e":"2 minutes"},"schema":{"@context":"https:\/\/schema.org","@graph":[{"@type":"WebPage","@id":"https:\/\/www.ladiagonale.net\/index.php\/2025\/05\/02\/la-possible-arrivee-de-dier-ne-ferait-pas-lunanimite-dans-le-vestiaire\/","url":"https:\/\/www.ladiagonale.net\/index.php\/2025\/05\/02\/la-possible-arrivee-de-dier-ne-ferait-pas-lunanimite-dans-le-vestiaire\/","name":"La possible arriv\u00e9e de Dier ne ferait pas l\u2019unanimit\u00e9 dans le vestiaire - La Diagonale","isPartOf":{"@id":"https:\/\/www.ladiagonale.net\/#website"},"datePublished":"2025-05-02T00:04:04+00:00","dateModified":"2025-05-02T00:04:06+00:00","author":{"@id":"https:\/\/www.ladiagonale.net\/#\/schema\/person\/79ff1e7b0853ed01b2aa26e64ad300bf"},"breadcrumb":{"@id":"https:\/\/www.ladiagonale.net\/index.php\/2025\/05\/02\/la-possible-arrivee-de-dier-ne-ferait-pas-lunanimite-dans-le-vestiaire\/#breadcrumb"},"inLanguage":"fr-FR","potentialAction":[{"@type":"ReadAction","target":["https:\/\/www.ladiagonale.net\/index.php\/2025\/05\/02\/la-possible-arrivee-de-dier-ne-ferait-pas-lunanimite-dans-le-vestiaire\/"]}]},{"@type":"BreadcrumbList","@id":"https:\/\/www.ladiagonale.net\/index.php\/2025\/05\/02\/la-possible-arrivee-de-dier-ne-ferait-pas-lunanimite-dans-le-vestiaire\/#breadcrumb","itemListElement":[{"@type":"ListItem","position":1,"name":"Accueil","item":"https:\/\/www.ladiagonale.net\/"},{"@type":"ListItem","position":2,"name":"La possible arriv\u00e9e de Dier ne ferait pas l\u2019unanimit\u00e9 dans le vestiaire"}]},{"@type":"WebSite","@id":"https:\/\/www.ladiagonale.net\/#website","url":"https:\/\/www.ladiagonale.net\/","name":"La Diagonale","description":"Le site des supporters de l&#039;AS Monaco FC","potentialAction":[{"@type":"SearchAction","target":{"@type":"EntryPoint","urlTemplate":"https:\/\/www.ladiagonale.net\/?s={search_term_string}"},"query-input":"required name=search_term_string"}],"inLanguage":"fr-FR"},{"@type":"Person","@id":"https:\/\/www.ladiagonale.net\/#\/schema\/person\/79ff1e7b0853ed01b2aa26e64ad300bf","name":"Damien Dellerba","image":{"@type":"ImageObject","inLanguage":"fr-FR","@id":"https:\/\/www.ladiagonale.net\/#\/schema\/person\/image\/","url":"https:\/\/secure.gravatar.com\/avatar\/c7850e06d3ff63cdbaee88b7fc16e2f0?s=96&d=mm&r=g","contentUrl":"https:\/\/secure.gravatar.com\/avatar\/c7850e06d3ff63cdbaee88b7fc16e2f0?s=96&d=mm&r=g","caption":"Damien Dellerba"},"url":"https:\/\/www.ladiagonale.net\/index.php\/author\/damien\/"}]}},"_links":{"self":[{"href":"https:\/\/www.ladiagonale.net\/index.php\/wp-json\/wp\/v2\/posts\/31238"}],"collection":[{"href":"https:\/\/www.ladiagonale.net\/index.php\/wp-json\/wp\/v2\/posts"}],"about":[{"href":"https:\/\/www.ladiagonale.net\/index.php\/wp-json\/wp\/v2\/types\/post"}],"author":[{"embeddable":true,"href":"https:\/\/www.ladiagonale.net\/index.php\/wp-json\/wp\/v2\/users\/2"}],"replies":[{"embeddable":true,"href":"https:\/\/www.ladiagonale.net\/index.php\/wp-json\/wp\/v2\/comments?post=31238"}],"version-history":[{"count":6,"href":"https:\/\/www.ladiagonale.net\/index.php\/wp-json\/wp\/v2\/posts\/31238\/revisions"}],"predecessor-version":[{"id":31251,"href":"https:\/\/www.ladiagonale.net\/index.php\/wp-json\/wp\/v2\/posts\/31238\/revisions\/31251"}],"wp:attachment":[{"href":"https:\/\/www.ladiagonale.net\/index.php\/wp-json\/wp\/v2\/media?parent=31238"}],"wp:term":[{"taxonomy":"category","embeddable":true,"href":"https:\/\/www.ladiagonale.net\/index.php\/wp-json\/wp\/v2\/categories?post=31238"},{"taxonomy":"post_tag","embeddable":true,"href":"https:\/\/www.ladiagonale.net\/index.php\/wp-json\/wp\/v2\/tags?post=31238"}],"curies":[{"name":"wp","href":"https:\/\/api.w.org\/{rel}","templated":true}]}}