{"id":31244,"date":"2025-05-02T00:34:00","date_gmt":"2025-05-01T22:34:00","guid":{"rendered":"https:\/\/www.ladiagonale.net\/?p=31244"},"modified":"2025-05-02T01:45:47","modified_gmt":"2025-05-01T23:45:47","slug":"des-tensions-a-tous-les-niveaux-a-lasm","status":"publish","type":"post","link":"https:\/\/www.ladiagonale.net\/index.php\/2025\/05\/02\/des-tensions-a-tous-les-niveaux-a-lasm\/","title":{"rendered":"Des tensions \u00e0 tous les niveaux \u00e0 l&rsquo;ASM ?"},"content":{"rendered":"\n\n\n<p>L\u2019AS Monaco, 4<sup>e<\/sup> de Ligue 1, risque de terminer bien mal cette saison du centenaire. Les r\u00e9sultats en dents de scie des derni\u00e8res semaines semblent avoir fragilis\u00e9 l\u2019\u00e9difice et remettent en question une potentielle participation \u00e0 la prochaine \u00e9dition de la Ligue des champions. Selon <em>L\u2019\u00c9quipe<\/em>, le groupe souffrirait de plusieurs maux et d\u2019une certaine forme d\u2019\u00a0\u00ab\u00a0<em>\u00e9parpillement<\/em>\u00a0\u00bb qui aurait pouss\u00e9 les dirigeants \u00e0 serrer la vis. <a href=\"https:\/\/www.ladiagonale.net\/index.php\/2025\/04\/30\/rybolovlev-aurait-hausse-le-ton-a-la-turbie\/\" target=\"_blank\" rel=\"noreferrer noopener\">La visite de Dmitry Rybolovlev<\/a> mardi s\u2019inscrivait dans cette optique et elle a aussi bien vis\u00e9 les joueurs que le staff. Thiago Scuro et Carlos Avina avaient \u00e9galement accord\u00e9 leurs violons avec le propri\u00e9taire et hauss\u00e9 le ton.<\/p>\n\n\n\n<p>Parmi les sujets \u00e0 discorde, celui du mercato. Alors que de nombreux joueurs disposent <a href=\"https:\/\/www.ladiagonale.net\/index.php\/2025\/05\/01\/singo-serait-surveille-par-latletico-de-madrid\/\" target=\"_blank\" rel=\"noreferrer noopener\">de bons de sortie<\/a> pour cet \u00e9t\u00e9, il leur aurait demand\u00e9 un dernier coup de collier pour esp\u00e9rer des d\u00e9parts dans de conditions satisfaisantes pour eux et dans des clubs plus attractifs. Les cas d\u2019Aleksandr Golovin et d\u2019Eliesse Ben Seghir, pas forc\u00e9ment candidats au d\u00e9part, seraient autant de cailloux dans les bottes des d\u00e9cideurs mon\u00e9gasques, le premier ressentant visiblement plus que jamais le mal du pays alors que le second s\u2019entendrait de moins en moins avec son entra\u00eeneur Adi H\u00fctter.<\/p>\n\n\n\n<p>Aussi, la gestion de ce dernier concernant certains joueurs nourrirait les crispations, rapporte le quotidien. Avec les retours de blessure de Folarin Balogun ou encore de Jordan Teze, plusieurs jeunes \u00e9l\u00e9ments ont disparu du groupe, tels que Lucas Michal ou Sa\u00efmon Bouabr\u00e9, sans parler d\u2019Edan Diop, toujours aucun match disput\u00e9 cette ann\u00e9e. Mais la gestion de George Ilenikhena, envoy\u00e9 avec le Groupe \u00c9lite \u00e0 plusieurs reprises ces derni\u00e8res semaines, comme Kassoum Ouattara, aurait entretenu cette frustration latente. Pour y faire face, les joueurs auraient d\u00e9jeun\u00e9 tous ensemble mercredi midi afin de souder leurs liens dans cette derni\u00e8re ligne droite. Une n\u00e9cessit\u00e9 pour \u00e9viter un final en eau de boudin.<\/p>\n\n\n\n<p class=\"has-text-align-right has-small-font-size\">Source : <em><a href=\"https:\/\/www.lequipe.fr\/Football\/Article\/Mise-sous-pression-par-les-dirigeants-mercato-deja-dans-les-tetes-des-tensions-apparaissent-a-monaco\/1558451\" target=\"_blank\" rel=\"noreferrer noopener\">L&rsquo;\u00c9quipe<\/a><\/em><\/p>\n","protected":false},"excerpt":{"rendered":"<p>L\u2019AS Monaco, 4e de Ligue 1, risque de terminer bien mal cette saison du centenaire. Les r\u00e9sultats en dents de scie des derni\u00e8res semaines semblent avoir fragilis\u00e9 l\u2019\u00e9difice et remettent en question une potentielle participation \u00e0 la prochaine \u00e9dition de la Ligue des champions. Selon L\u2019\u00c9quipe, le groupe souffrirait de plusieurs maux et d\u2019une certaine [&#8230;]\n","protected":false},"author":2,"featured_media":0,"comment_status":"open","ping_status":"open","sticky":false,"template":"","format":"standard","meta":[],"categories":[6],"tags":[86],"yoast_head":"<!-- This site is optimized with the Yoast SEO plugin v19.8 - https:\/\/yoast.com\/wordpress\/plugins\/seo\/ -->\n<title>Des tensions \u00e0 tous les niveaux \u00e0 l&#039;ASM ? - La Diagonale<\/title>\n<meta name=\"robots\" content=\"index, follow, max-snippet:-1, max-image-preview:large, max-video-preview:-1\" \/>\n<link rel=\"canonical\" href=\"https:\/\/www.ladiagonale.net\/index.php\/2025\/05\/02\/des-tensions-a-tous-les-niveaux-a-lasm\/\" \/>\n<meta property=\"og:locale\" content=\"fr_FR\" \/>\n<meta property=\"og:type\" content=\"article\" \/>\n<meta property=\"og:title\" content=\"Des tensions \u00e0 tous les niveaux \u00e0 l&#039;ASM ? - La Diagonale\" \/>\n<meta property=\"og:description\" content=\"L\u2019AS Monaco, 4e de Ligue 1, risque de terminer bien mal cette saison du centenaire. Les r\u00e9sultats en dents de scie des derni\u00e8res semaines semblent avoir fragilis\u00e9 l\u2019\u00e9difice et remettent en question une potentielle participation \u00e0 la prochaine \u00e9dition de la Ligue des champions. Selon L\u2019\u00c9quipe, le groupe souffrirait de plusieurs maux et d\u2019une certaine [...]\" \/>\n<meta property=\"og:url\" content=\"https:\/\/www.ladiagonale.net\/index.php\/2025\/05\/02\/des-tensions-a-tous-les-niveaux-a-lasm\/\" \/>\n<meta property=\"og:site_name\" content=\"La Diagonale\" \/>\n<meta property=\"article:published_time\" content=\"2025-05-01T22:34:00+00:00\" \/>\n<meta property=\"article:modified_time\" content=\"2025-05-01T23:45:47+00:00\" \/>\n<meta property=\"og:image\" content=\"https:\/\/www.ladiagonale.net\/wp-content\/uploads\/2025\/05\/groupe-entrai\u0302nement.png\" \/>\n\t<meta property=\"og:image:width\" content=\"1160\" \/>\n\t<meta property=\"og:image:height\" content=\"650\" \/>\n\t<meta property=\"og:image:type\" content=\"image\/png\" \/>\n<meta name=\"author\" content=\"Damien Dellerba\" \/>\n<meta name=\"twitter:card\" content=\"summary_large_image\" \/>\n<meta name=\"twitter:image\" content=\"https:\/\/www.ladiagonale.net\/wp-content\/uploads\/2025\/05\/groupe-entrai\u0302nement.png\" \/>\n<meta name=\"twitter:label1\" content=\"\u00c9crit par\" \/>\n\t<meta name=\"twitter:data1\" content=\"Damien Dellerba\" \/>\n\t<meta name=\"twitter:label2\" content=\"Dur\u00e9e de lecture estim\u00e9e\" \/>\n\t<meta name=\"twitter:data2\" content=\"2 minutes\" \/>\n<script type=\"application\/ld+json\" class=\"yoast-schema-graph\">{\"@context\":\"https:\/\/schema.org\",\"@graph\":[{\"@type\":\"WebPage\",\"@id\":\"https:\/\/www.ladiagonale.net\/index.php\/2025\/05\/02\/des-tensions-a-tous-les-niveaux-a-lasm\/\",\"url\":\"https:\/\/www.ladiagonale.net\/index.php\/2025\/05\/02\/des-tensions-a-tous-les-niveaux-a-lasm\/\",\"name\":\"Des tensions \u00e0 tous les niveaux \u00e0 l'ASM ? - La Diagonale\",\"isPartOf\":{\"@id\":\"https:\/\/www.ladiagonale.net\/#website\"},\"datePublished\":\"2025-05-01T22:34:00+00:00\",\"dateModified\":\"2025-05-01T23:45:47+00:00\",\"author\":{\"@id\":\"https:\/\/www.ladiagonale.net\/#\/schema\/person\/79ff1e7b0853ed01b2aa26e64ad300bf\"},\"breadcrumb\":{\"@id\":\"https:\/\/www.ladiagonale.net\/index.php\/2025\/05\/02\/des-tensions-a-tous-les-niveaux-a-lasm\/#breadcrumb\"},\"inLanguage\":\"fr-FR\",\"potentialAction\":[{\"@type\":\"ReadAction\",\"target\":[\"https:\/\/www.ladiagonale.net\/index.php\/2025\/05\/02\/des-tensions-a-tous-les-niveaux-a-lasm\/\"]}]},{\"@type\":\"BreadcrumbList\",\"@id\":\"https:\/\/www.ladiagonale.net\/index.php\/2025\/05\/02\/des-tensions-a-tous-les-niveaux-a-lasm\/#breadcrumb\",\"itemListElement\":[{\"@type\":\"ListItem\",\"position\":1,\"name\":\"Accueil\",\"item\":\"https:\/\/www.ladiagonale.net\/\"},{\"@type\":\"ListItem\",\"position\":2,\"name\":\"Des tensions \u00e0 tous les niveaux \u00e0 l&rsquo;ASM ?\"}]},{\"@type\":\"WebSite\",\"@id\":\"https:\/\/www.ladiagonale.net\/#website\",\"url\":\"https:\/\/www.ladiagonale.net\/\",\"name\":\"La Diagonale\",\"description\":\"Le site des supporters de l&#039;AS Monaco FC\",\"potentialAction\":[{\"@type\":\"SearchAction\",\"target\":{\"@type\":\"EntryPoint\",\"urlTemplate\":\"https:\/\/www.ladiagonale.net\/?s={search_term_string}\"},\"query-input\":\"required name=search_term_string\"}],\"inLanguage\":\"fr-FR\"},{\"@type\":\"Person\",\"@id\":\"https:\/\/www.ladiagonale.net\/#\/schema\/person\/79ff1e7b0853ed01b2aa26e64ad300bf\",\"name\":\"Damien Dellerba\",\"image\":{\"@type\":\"ImageObject\",\"inLanguage\":\"fr-FR\",\"@id\":\"https:\/\/www.ladiagonale.net\/#\/schema\/person\/image\/\",\"url\":\"https:\/\/secure.gravatar.com\/avatar\/c7850e06d3ff63cdbaee88b7fc16e2f0?s=96&d=mm&r=g\",\"contentUrl\":\"https:\/\/secure.gravatar.com\/avatar\/c7850e06d3ff63cdbaee88b7fc16e2f0?s=96&d=mm&r=g\",\"caption\":\"Damien Dellerba\"},\"url\":\"https:\/\/www.ladiagonale.net\/index.php\/author\/damien\/\"}]}<\/script>\n<!-- \/ Yoast SEO plugin. -->","yoast_head_json":{"title":"Des tensions \u00e0 tous les niveaux \u00e0 l'ASM ? - La Diagonale","robots":{"index":"index","follow":"follow","max-snippet":"max-snippet:-1","max-image-preview":"max-image-preview:large","max-video-preview":"max-video-preview:-1"},"canonical":"https:\/\/www.ladiagonale.net\/index.php\/2025\/05\/02\/des-tensions-a-tous-les-niveaux-a-lasm\/","og_locale":"fr_FR","og_type":"article","og_title":"Des tensions \u00e0 tous les niveaux \u00e0 l'ASM ? - La Diagonale","og_description":"L\u2019AS Monaco, 4e de Ligue 1, risque de terminer bien mal cette saison du centenaire. Les r\u00e9sultats en dents de scie des derni\u00e8res semaines semblent avoir fragilis\u00e9 l\u2019\u00e9difice et remettent en question une potentielle participation \u00e0 la prochaine \u00e9dition de la Ligue des champions. Selon L\u2019\u00c9quipe, le groupe souffrirait de plusieurs maux et d\u2019une certaine [...]","og_url":"https:\/\/www.ladiagonale.net\/index.php\/2025\/05\/02\/des-tensions-a-tous-les-niveaux-a-lasm\/","og_site_name":"La Diagonale","article_published_time":"2025-05-01T22:34:00+00:00","article_modified_time":"2025-05-01T23:45:47+00:00","og_image":[{"width":1160,"height":650,"url":"https:\/\/www.ladiagonale.net\/wp-content\/uploads\/2025\/05\/groupe-entrai\u0302nement.png","type":"image\/png"}],"author":"Damien Dellerba","twitter_card":"summary_large_image","twitter_image":"https:\/\/www.ladiagonale.net\/wp-content\/uploads\/2025\/05\/groupe-entrai\u0302nement.png","twitter_misc":{"\u00c9crit par":"Damien Dellerba","Dur\u00e9e de lecture estim\u00e9e":"2 minutes"},"schema":{"@context":"https:\/\/schema.org","@graph":[{"@type":"WebPage","@id":"https:\/\/www.ladiagonale.net\/index.php\/2025\/05\/02\/des-tensions-a-tous-les-niveaux-a-lasm\/","url":"https:\/\/www.ladiagonale.net\/index.php\/2025\/05\/02\/des-tensions-a-tous-les-niveaux-a-lasm\/","name":"Des tensions \u00e0 tous les niveaux \u00e0 l'ASM ? - La Diagonale","isPartOf":{"@id":"https:\/\/www.ladiagonale.net\/#website"},"datePublished":"2025-05-01T22:34:00+00:00","dateModified":"2025-05-01T23:45:47+00:00","author":{"@id":"https:\/\/www.ladiagonale.net\/#\/schema\/person\/79ff1e7b0853ed01b2aa26e64ad300bf"},"breadcrumb":{"@id":"https:\/\/www.ladiagonale.net\/index.php\/2025\/05\/02\/des-tensions-a-tous-les-niveaux-a-lasm\/#breadcrumb"},"inLanguage":"fr-FR","potentialAction":[{"@type":"ReadAction","target":["https:\/\/www.ladiagonale.net\/index.php\/2025\/05\/02\/des-tensions-a-tous-les-niveaux-a-lasm\/"]}]},{"@type":"BreadcrumbList","@id":"https:\/\/www.ladiagonale.net\/index.php\/2025\/05\/02\/des-tensions-a-tous-les-niveaux-a-lasm\/#breadcrumb","itemListElement":[{"@type":"ListItem","position":1,"name":"Accueil","item":"https:\/\/www.ladiagonale.net\/"},{"@type":"ListItem","position":2,"name":"Des tensions \u00e0 tous les niveaux \u00e0 l&rsquo;ASM ?"}]},{"@type":"WebSite","@id":"https:\/\/www.ladiagonale.net\/#website","url":"https:\/\/www.ladiagonale.net\/","name":"La Diagonale","description":"Le site des supporters de l&#039;AS Monaco FC","potentialAction":[{"@type":"SearchAction","target":{"@type":"EntryPoint","urlTemplate":"https:\/\/www.ladiagonale.net\/?s={search_term_string}"},"query-input":"required name=search_term_string"}],"inLanguage":"fr-FR"},{"@type":"Person","@id":"https:\/\/www.ladiagonale.net\/#\/schema\/person\/79ff1e7b0853ed01b2aa26e64ad300bf","name":"Damien Dellerba","image":{"@type":"ImageObject","inLanguage":"fr-FR","@id":"https:\/\/www.ladiagonale.net\/#\/schema\/person\/image\/","url":"https:\/\/secure.gravatar.com\/avatar\/c7850e06d3ff63cdbaee88b7fc16e2f0?s=96&d=mm&r=g","contentUrl":"https:\/\/secure.gravatar.com\/avatar\/c7850e06d3ff63cdbaee88b7fc16e2f0?s=96&d=mm&r=g","caption":"Damien Dellerba"},"url":"https:\/\/www.ladiagonale.net\/index.php\/author\/damien\/"}]}},"_links":{"self":[{"href":"https:\/\/www.ladiagonale.net\/index.php\/wp-json\/wp\/v2\/posts\/31244"}],"collection":[{"href":"https:\/\/www.ladiagonale.net\/index.php\/wp-json\/wp\/v2\/posts"}],"about":[{"href":"https:\/\/www.ladiagonale.net\/index.php\/wp-json\/wp\/v2\/types\/post"}],"author":[{"embeddable":true,"href":"https:\/\/www.ladiagonale.net\/index.php\/wp-json\/wp\/v2\/users\/2"}],"replies":[{"embeddable":true,"href":"https:\/\/www.ladiagonale.net\/index.php\/wp-json\/wp\/v2\/comments?post=31244"}],"version-history":[{"count":3,"href":"https:\/\/www.ladiagonale.net\/index.php\/wp-json\/wp\/v2\/posts\/31244\/revisions"}],"predecessor-version":[{"id":31250,"href":"https:\/\/www.ladiagonale.net\/index.php\/wp-json\/wp\/v2\/posts\/31244\/revisions\/31250"}],"wp:attachment":[{"href":"https:\/\/www.ladiagonale.net\/index.php\/wp-json\/wp\/v2\/media?parent=31244"}],"wp:term":[{"taxonomy":"category","embeddable":true,"href":"https:\/\/www.ladiagonale.net\/index.php\/wp-json\/wp\/v2\/categories?post=31244"},{"taxonomy":"post_tag","embeddable":true,"href":"https:\/\/www.ladiagonale.net\/index.php\/wp-json\/wp\/v2\/tags?post=31244"}],"curies":[{"name":"wp","href":"https:\/\/api.w.org\/{rel}","templated":true}]}}