{"id":31252,"date":"2025-05-02T11:25:48","date_gmt":"2025-05-02T09:25:48","guid":{"rendered":"https:\/\/www.ladiagonale.net\/?p=31252"},"modified":"2025-05-02T11:25:49","modified_gmt":"2025-05-02T09:25:49","slug":"entame-de-can-u20-reussie-pour-benchaouch-pas-pour-dendani","status":"publish","type":"post","link":"https:\/\/www.ladiagonale.net\/index.php\/2025\/05\/02\/entame-de-can-u20-reussie-pour-benchaouch-pas-pour-dendani\/","title":{"rendered":"Entame de CAN U20 r\u00e9ussie pour Benchaouch, pas pour Dendani"},"content":{"rendered":"\n<p>Apr\u00e8s Ilies Belmokhtar, sacr\u00e9 <a href=\"https:\/\/www.ladiagonale.net\/index.php\/2025\/04\/19\/belmokhtar-champion-dafrique\/\" target=\"_blank\" rel=\"noreferrer noopener\">champion d\u2019Afrique avec le Maroc U17<\/a> le mois dernier, Yanis Benchaouch tentera lui aussi d\u2019acc\u00e9der au titre continental supr\u00eame avec les U20 marocains. Le portier mon\u00e9gasque et ses co\u00e9quipiers n\u2019ont pas manqu\u00e9 leur entame dans la comp\u00e9tition, jeudi soir, avec un succ\u00e8s contre le Kenya (3-2). Benchaouch a disput\u00e9 la rencontre dans son int\u00e9gralit\u00e9.<\/p>\n\n\n\n<p>Dans l\u2019autre rencontre du groupe B, la Tunisie de Nacim Dendani s\u2019est inclin\u00e9e face au Nig\u00e9ria d\u2019une courte t\u00eate (0-1). L\u2019attaquant mon\u00e9gasque est entr\u00e9 en jeu \u00e0 la 78<sup>e<\/sup> minute mais n\u2019est pas parvenu \u00e0 inverser la situation pour les <em>Aigles de Carthage<\/em>.<\/p>\n\n\n\n<p>Les deux pensionnaires de La Diagonale \u00e9changeront leurs adversaires, dimanche, avant de se retrouver et s&rsquo;affronter dans le dernier match du groupe le mercredi 7 mai (17h).<\/p>\n\n\n","protected":false},"excerpt":{"rendered":"<p>Apr\u00e8s Ilies Belmokhtar, sacr\u00e9 champion d\u2019Afrique avec le Maroc U17 le mois dernier, Yanis Benchaouch tentera lui aussi d\u2019acc\u00e9der au titre continental supr\u00eame avec les U20 marocains. Le portier mon\u00e9gasque et ses co\u00e9quipiers n\u2019ont pas manqu\u00e9 leur entame dans la comp\u00e9tition, jeudi soir, avec un succ\u00e8s contre le Kenya (3-2). Benchaouch a disput\u00e9 la rencontre [&#8230;]\n","protected":false},"author":2,"featured_media":0,"comment_status":"open","ping_status":"open","sticky":false,"template":"","format":"standard","meta":[],"categories":[6],"tags":[76,86,1023,804,204,116,122,798],"yoast_head":"<!-- This site is optimized with the Yoast SEO plugin v19.8 - https:\/\/yoast.com\/wordpress\/plugins\/seo\/ -->\n<title>Entame de CAN U20 r\u00e9ussie pour Benchaouch, pas pour Dendani - La Diagonale<\/title>\n<meta name=\"robots\" content=\"index, follow, max-snippet:-1, max-image-preview:large, max-video-preview:-1\" \/>\n<link rel=\"canonical\" href=\"https:\/\/www.ladiagonale.net\/index.php\/2025\/05\/02\/entame-de-can-u20-reussie-pour-benchaouch-pas-pour-dendani\/\" \/>\n<meta property=\"og:locale\" content=\"fr_FR\" \/>\n<meta property=\"og:type\" content=\"article\" \/>\n<meta property=\"og:title\" content=\"Entame de CAN U20 r\u00e9ussie pour Benchaouch, pas pour Dendani - La Diagonale\" \/>\n<meta property=\"og:description\" content=\"Apr\u00e8s Ilies Belmokhtar, sacr\u00e9 champion d\u2019Afrique avec le Maroc U17 le mois dernier, Yanis Benchaouch tentera lui aussi d\u2019acc\u00e9der au titre continental supr\u00eame avec les U20 marocains. Le portier mon\u00e9gasque et ses co\u00e9quipiers n\u2019ont pas manqu\u00e9 leur entame dans la comp\u00e9tition, jeudi soir, avec un succ\u00e8s contre le Kenya (3-2). Benchaouch a disput\u00e9 la rencontre [...]\" \/>\n<meta property=\"og:url\" content=\"https:\/\/www.ladiagonale.net\/index.php\/2025\/05\/02\/entame-de-can-u20-reussie-pour-benchaouch-pas-pour-dendani\/\" \/>\n<meta property=\"og:site_name\" content=\"La Diagonale\" \/>\n<meta property=\"article:published_time\" content=\"2025-05-02T09:25:48+00:00\" \/>\n<meta property=\"article:modified_time\" content=\"2025-05-02T09:25:49+00:00\" \/>\n<meta property=\"og:image\" content=\"https:\/\/www.ladiagonale.net\/wp-content\/uploads\/2025\/05\/benchaouch-can-u20.png\" \/>\n\t<meta property=\"og:image:width\" content=\"1160\" \/>\n\t<meta property=\"og:image:height\" content=\"650\" \/>\n\t<meta property=\"og:image:type\" content=\"image\/png\" \/>\n<meta name=\"author\" content=\"Damien Dellerba\" \/>\n<meta name=\"twitter:card\" content=\"summary_large_image\" \/>\n<meta name=\"twitter:image\" content=\"https:\/\/www.ladiagonale.net\/wp-content\/uploads\/2025\/05\/benchaouch-can-u20.png\" \/>\n<meta name=\"twitter:label1\" content=\"\u00c9crit par\" \/>\n\t<meta name=\"twitter:data1\" content=\"Damien Dellerba\" \/>\n\t<meta name=\"twitter:label2\" content=\"Dur\u00e9e de lecture estim\u00e9e\" \/>\n\t<meta name=\"twitter:data2\" content=\"1 minute\" \/>\n<script type=\"application\/ld+json\" class=\"yoast-schema-graph\">{\"@context\":\"https:\/\/schema.org\",\"@graph\":[{\"@type\":\"WebPage\",\"@id\":\"https:\/\/www.ladiagonale.net\/index.php\/2025\/05\/02\/entame-de-can-u20-reussie-pour-benchaouch-pas-pour-dendani\/\",\"url\":\"https:\/\/www.ladiagonale.net\/index.php\/2025\/05\/02\/entame-de-can-u20-reussie-pour-benchaouch-pas-pour-dendani\/\",\"name\":\"Entame de CAN U20 r\u00e9ussie pour Benchaouch, pas pour Dendani - La Diagonale\",\"isPartOf\":{\"@id\":\"https:\/\/www.ladiagonale.net\/#website\"},\"datePublished\":\"2025-05-02T09:25:48+00:00\",\"dateModified\":\"2025-05-02T09:25:49+00:00\",\"author\":{\"@id\":\"https:\/\/www.ladiagonale.net\/#\/schema\/person\/79ff1e7b0853ed01b2aa26e64ad300bf\"},\"breadcrumb\":{\"@id\":\"https:\/\/www.ladiagonale.net\/index.php\/2025\/05\/02\/entame-de-can-u20-reussie-pour-benchaouch-pas-pour-dendani\/#breadcrumb\"},\"inLanguage\":\"fr-FR\",\"potentialAction\":[{\"@type\":\"ReadAction\",\"target\":[\"https:\/\/www.ladiagonale.net\/index.php\/2025\/05\/02\/entame-de-can-u20-reussie-pour-benchaouch-pas-pour-dendani\/\"]}]},{\"@type\":\"BreadcrumbList\",\"@id\":\"https:\/\/www.ladiagonale.net\/index.php\/2025\/05\/02\/entame-de-can-u20-reussie-pour-benchaouch-pas-pour-dendani\/#breadcrumb\",\"itemListElement\":[{\"@type\":\"ListItem\",\"position\":1,\"name\":\"Accueil\",\"item\":\"https:\/\/www.ladiagonale.net\/\"},{\"@type\":\"ListItem\",\"position\":2,\"name\":\"Entame de CAN U20 r\u00e9ussie pour Benchaouch, pas pour Dendani\"}]},{\"@type\":\"WebSite\",\"@id\":\"https:\/\/www.ladiagonale.net\/#website\",\"url\":\"https:\/\/www.ladiagonale.net\/\",\"name\":\"La Diagonale\",\"description\":\"Le site des supporters de l&#039;AS Monaco FC\",\"potentialAction\":[{\"@type\":\"SearchAction\",\"target\":{\"@type\":\"EntryPoint\",\"urlTemplate\":\"https:\/\/www.ladiagonale.net\/?s={search_term_string}\"},\"query-input\":\"required name=search_term_string\"}],\"inLanguage\":\"fr-FR\"},{\"@type\":\"Person\",\"@id\":\"https:\/\/www.ladiagonale.net\/#\/schema\/person\/79ff1e7b0853ed01b2aa26e64ad300bf\",\"name\":\"Damien Dellerba\",\"image\":{\"@type\":\"ImageObject\",\"inLanguage\":\"fr-FR\",\"@id\":\"https:\/\/www.ladiagonale.net\/#\/schema\/person\/image\/\",\"url\":\"https:\/\/secure.gravatar.com\/avatar\/c7850e06d3ff63cdbaee88b7fc16e2f0?s=96&d=mm&r=g\",\"contentUrl\":\"https:\/\/secure.gravatar.com\/avatar\/c7850e06d3ff63cdbaee88b7fc16e2f0?s=96&d=mm&r=g\",\"caption\":\"Damien Dellerba\"},\"url\":\"https:\/\/www.ladiagonale.net\/index.php\/author\/damien\/\"}]}<\/script>\n<!-- \/ Yoast SEO plugin. -->","yoast_head_json":{"title":"Entame de CAN U20 r\u00e9ussie pour Benchaouch, pas pour Dendani - La Diagonale","robots":{"index":"index","follow":"follow","max-snippet":"max-snippet:-1","max-image-preview":"max-image-preview:large","max-video-preview":"max-video-preview:-1"},"canonical":"https:\/\/www.ladiagonale.net\/index.php\/2025\/05\/02\/entame-de-can-u20-reussie-pour-benchaouch-pas-pour-dendani\/","og_locale":"fr_FR","og_type":"article","og_title":"Entame de CAN U20 r\u00e9ussie pour Benchaouch, pas pour Dendani - La Diagonale","og_description":"Apr\u00e8s Ilies Belmokhtar, sacr\u00e9 champion d\u2019Afrique avec le Maroc U17 le mois dernier, Yanis Benchaouch tentera lui aussi d\u2019acc\u00e9der au titre continental supr\u00eame avec les U20 marocains. Le portier mon\u00e9gasque et ses co\u00e9quipiers n\u2019ont pas manqu\u00e9 leur entame dans la comp\u00e9tition, jeudi soir, avec un succ\u00e8s contre le Kenya (3-2). Benchaouch a disput\u00e9 la rencontre [...]","og_url":"https:\/\/www.ladiagonale.net\/index.php\/2025\/05\/02\/entame-de-can-u20-reussie-pour-benchaouch-pas-pour-dendani\/","og_site_name":"La Diagonale","article_published_time":"2025-05-02T09:25:48+00:00","article_modified_time":"2025-05-02T09:25:49+00:00","og_image":[{"width":1160,"height":650,"url":"https:\/\/www.ladiagonale.net\/wp-content\/uploads\/2025\/05\/benchaouch-can-u20.png","type":"image\/png"}],"author":"Damien Dellerba","twitter_card":"summary_large_image","twitter_image":"https:\/\/www.ladiagonale.net\/wp-content\/uploads\/2025\/05\/benchaouch-can-u20.png","twitter_misc":{"\u00c9crit par":"Damien Dellerba","Dur\u00e9e de lecture estim\u00e9e":"1 minute"},"schema":{"@context":"https:\/\/schema.org","@graph":[{"@type":"WebPage","@id":"https:\/\/www.ladiagonale.net\/index.php\/2025\/05\/02\/entame-de-can-u20-reussie-pour-benchaouch-pas-pour-dendani\/","url":"https:\/\/www.ladiagonale.net\/index.php\/2025\/05\/02\/entame-de-can-u20-reussie-pour-benchaouch-pas-pour-dendani\/","name":"Entame de CAN U20 r\u00e9ussie pour Benchaouch, pas pour Dendani - La Diagonale","isPartOf":{"@id":"https:\/\/www.ladiagonale.net\/#website"},"datePublished":"2025-05-02T09:25:48+00:00","dateModified":"2025-05-02T09:25:49+00:00","author":{"@id":"https:\/\/www.ladiagonale.net\/#\/schema\/person\/79ff1e7b0853ed01b2aa26e64ad300bf"},"breadcrumb":{"@id":"https:\/\/www.ladiagonale.net\/index.php\/2025\/05\/02\/entame-de-can-u20-reussie-pour-benchaouch-pas-pour-dendani\/#breadcrumb"},"inLanguage":"fr-FR","potentialAction":[{"@type":"ReadAction","target":["https:\/\/www.ladiagonale.net\/index.php\/2025\/05\/02\/entame-de-can-u20-reussie-pour-benchaouch-pas-pour-dendani\/"]}]},{"@type":"BreadcrumbList","@id":"https:\/\/www.ladiagonale.net\/index.php\/2025\/05\/02\/entame-de-can-u20-reussie-pour-benchaouch-pas-pour-dendani\/#breadcrumb","itemListElement":[{"@type":"ListItem","position":1,"name":"Accueil","item":"https:\/\/www.ladiagonale.net\/"},{"@type":"ListItem","position":2,"name":"Entame de CAN U20 r\u00e9ussie pour Benchaouch, pas pour Dendani"}]},{"@type":"WebSite","@id":"https:\/\/www.ladiagonale.net\/#website","url":"https:\/\/www.ladiagonale.net\/","name":"La Diagonale","description":"Le site des supporters de l&#039;AS Monaco FC","potentialAction":[{"@type":"SearchAction","target":{"@type":"EntryPoint","urlTemplate":"https:\/\/www.ladiagonale.net\/?s={search_term_string}"},"query-input":"required name=search_term_string"}],"inLanguage":"fr-FR"},{"@type":"Person","@id":"https:\/\/www.ladiagonale.net\/#\/schema\/person\/79ff1e7b0853ed01b2aa26e64ad300bf","name":"Damien Dellerba","image":{"@type":"ImageObject","inLanguage":"fr-FR","@id":"https:\/\/www.ladiagonale.net\/#\/schema\/person\/image\/","url":"https:\/\/secure.gravatar.com\/avatar\/c7850e06d3ff63cdbaee88b7fc16e2f0?s=96&d=mm&r=g","contentUrl":"https:\/\/secure.gravatar.com\/avatar\/c7850e06d3ff63cdbaee88b7fc16e2f0?s=96&d=mm&r=g","caption":"Damien Dellerba"},"url":"https:\/\/www.ladiagonale.net\/index.php\/author\/damien\/"}]}},"_links":{"self":[{"href":"https:\/\/www.ladiagonale.net\/index.php\/wp-json\/wp\/v2\/posts\/31252"}],"collection":[{"href":"https:\/\/www.ladiagonale.net\/index.php\/wp-json\/wp\/v2\/posts"}],"about":[{"href":"https:\/\/www.ladiagonale.net\/index.php\/wp-json\/wp\/v2\/types\/post"}],"author":[{"embeddable":true,"href":"https:\/\/www.ladiagonale.net\/index.php\/wp-json\/wp\/v2\/users\/2"}],"replies":[{"embeddable":true,"href":"https:\/\/www.ladiagonale.net\/index.php\/wp-json\/wp\/v2\/comments?post=31252"}],"version-history":[{"count":1,"href":"https:\/\/www.ladiagonale.net\/index.php\/wp-json\/wp\/v2\/posts\/31252\/revisions"}],"predecessor-version":[{"id":31254,"href":"https:\/\/www.ladiagonale.net\/index.php\/wp-json\/wp\/v2\/posts\/31252\/revisions\/31254"}],"wp:attachment":[{"href":"https:\/\/www.ladiagonale.net\/index.php\/wp-json\/wp\/v2\/media?parent=31252"}],"wp:term":[{"taxonomy":"category","embeddable":true,"href":"https:\/\/www.ladiagonale.net\/index.php\/wp-json\/wp\/v2\/categories?post=31252"},{"taxonomy":"post_tag","embeddable":true,"href":"https:\/\/www.ladiagonale.net\/index.php\/wp-json\/wp\/v2\/tags?post=31252"}],"curies":[{"name":"wp","href":"https:\/\/api.w.org\/{rel}","templated":true}]}}