{"id":31255,"date":"2025-05-02T12:04:20","date_gmt":"2025-05-02T10:04:20","guid":{"rendered":"https:\/\/www.ladiagonale.net\/?p=31255"},"modified":"2025-07-08T02:14:10","modified_gmt":"2025-07-08T00:14:10","slug":"le-bayern-confirme-le-depart-de-dier","status":"publish","type":"post","link":"https:\/\/www.ladiagonale.net\/index.php\/2025\/05\/02\/le-bayern-confirme-le-depart-de-dier\/","title":{"rendered":"Le Bayern confirme le d\u00e9part de Dier"},"content":{"rendered":"\n<p>La premi\u00e8re recrue de l\u2019AS Monaco lors du mercato estival devrait se nommer Eric Dier. En d\u00e9but de semaine, <em>L\u2019\u00c9quipe<\/em> avait annonc\u00e9 que <a href=\"https:\/\/www.ladiagonale.net\/index.php\/2025\/04\/29\/dier-sur-le-point-de-sengager-avec-monaco\/\" target=\"_blank\" rel=\"noreferrer noopener\">la venue du d\u00e9fenseur central anglais<\/a>, en fin de contrat avec le Bayern Munich, \u00e9tait presque boucl\u00e9e et ce vendredi, un pas de plus a \u00e9t\u00e9 fait dans cette direction. Par la voix de son directeur sportif, Christoph Freunde, le club bavarois a officialis\u00e9 le d\u00e9part du joueur de 31 ans en fin de saison : \u00ab <em>Nous avons eu des discussions avec Eric au sujet d&rsquo;une prolongation de contrat. Il nous a fait savoir qu&rsquo;il ne prolongerait pas et qu&rsquo;il nous quitterait.<\/em>&nbsp;\u00bb<\/p>\n\n\n\n<p>Arriv\u00e9 au Bayern en janvier 2024 sous forme de pr\u00eat, le polyvalent d\u00e9fenseur, qui peut aussi \u00e9voluer au milieu de terrain, avait \u00e9t\u00e9 d\u00e9finitivement achet\u00e9 en juillet dernier. En une saison et demie, Dier a jou\u00e9 45 rencontres, dont 25 lors de l&rsquo;exercice encours. \u00ab <em>C&rsquo;est un super gar\u00e7on et nous avons pass\u00e9 d\u2019excellents moments ensemble. J&rsquo;esp\u00e8re qu&rsquo;il couronnera sa p\u00e9riode chez nous par son premier titre<\/em> \u00bb, a ajout\u00e9 Freunde. Dier devrait en effet quitter l&rsquo;Allemagne avec un titre de champion en poche. Le Bayern poss\u00e8de huit points d&rsquo;avance sur le champion sortant, le Bayer Leverkusen, avec seulement trois matches restant \u00e0 disputer.<\/p>\n\n\n\n<p>Au Bayern, l&rsquo;annonce du d\u00e9part de l&rsquo;ancien d\u00e9fenseur de Tottenham, appr\u00e9ci\u00e9 pour sa personnalit\u00e9, a choqu\u00e9, comme en t\u00e9moigne la r\u00e9action de son co\u00e9quipier Alphonso Davies au moment de lire le post <em>X<\/em> du journaliste italien Fabrizio Romano qui confirmait l&rsquo;information de <em>L&rsquo;\u00c9quipe<\/em>. La nouvelle aurait cependant re\u00e7u <a href=\"https:\/\/www.ladiagonale.net\/index.php\/2025\/05\/02\/la-possible-arrivee-de-dier-ne-ferait-pas-lunanimite-dans-le-vestiaire\/\" target=\"_blank\" rel=\"noreferrer noopener\">un accueil mitig\u00e9<\/a> au sein du vestiaire mon\u00e9gasque, et en particulier de la part de Thilo Kehrer.<\/p>\n\n\n\n<h3>La r\u00e9action d&rsquo;Alphonso Davies \u00e0 l&rsquo;annonce du possible transfert de Dier \u00e0 Monaco<\/h3>\n\n\n\n<blockquote class=\"twitter-tweet\" data-media-max-width=\"560\"><p lang=\"en\" dir=\"ltr\">\ud83d\udea8\ud83d\ude01 When <a href=\"https:\/\/twitter.com\/AlphonsoDavies?ref_src=twsrc%5Etfw\">@AlphonsoDavies<\/a> reacts live on his channel to the Eric Dier &amp; AS Monaco here we go breaking news\u2026<br><br>\u2026transfers to next level. What a guy. \ud83d\udcc8 <a href=\"https:\/\/t.co\/dYc3WJ5Jc5\">pic.twitter.com\/dYc3WJ5Jc5<\/a><\/p>\u2014 Fabrizio Romano (@FabrizioRomano) <a href=\"https:\/\/twitter.com\/FabrizioRomano\/status\/1917569035153051933?ref_src=twsrc%5Etfw\">April 30, 2025<\/a><\/blockquote> <script async=\"\" src=\"https:\/\/platform.twitter.com\/widgets.js\" charset=\"utf-8\"><\/script>\n","protected":false},"excerpt":{"rendered":"<p>La premi\u00e8re recrue de l\u2019AS Monaco lors du mercato estival devrait se nommer Eric Dier. En d\u00e9but de semaine, L\u2019\u00c9quipe avait annonc\u00e9 que la venue du d\u00e9fenseur central anglais, en fin de contrat avec le Bayern Munich, \u00e9tait presque boucl\u00e9e et ce vendredi, un pas de plus a \u00e9t\u00e9 fait dans cette direction. Par la [&#8230;]\n","protected":false},"author":2,"featured_media":0,"comment_status":"open","ping_status":"open","sticky":false,"template":"","format":"standard","meta":[],"categories":[6,1086],"tags":[86,1026,111,110],"yoast_head":"<!-- This site is optimized with the Yoast SEO plugin v19.8 - https:\/\/yoast.com\/wordpress\/plugins\/seo\/ -->\n<title>Le Bayern confirme le d\u00e9part de Dier - La Diagonale<\/title>\n<meta name=\"robots\" content=\"index, follow, max-snippet:-1, max-image-preview:large, max-video-preview:-1\" \/>\n<link rel=\"canonical\" href=\"https:\/\/www.ladiagonale.net\/index.php\/2025\/05\/02\/le-bayern-confirme-le-depart-de-dier\/\" \/>\n<meta property=\"og:locale\" content=\"fr_FR\" \/>\n<meta property=\"og:type\" content=\"article\" \/>\n<meta property=\"og:title\" content=\"Le Bayern confirme le d\u00e9part de Dier - La Diagonale\" \/>\n<meta property=\"og:description\" content=\"La premi\u00e8re recrue de l\u2019AS Monaco lors du mercato estival devrait se nommer Eric Dier. En d\u00e9but de semaine, L\u2019\u00c9quipe avait annonc\u00e9 que la venue du d\u00e9fenseur central anglais, en fin de contrat avec le Bayern Munich, \u00e9tait presque boucl\u00e9e et ce vendredi, un pas de plus a \u00e9t\u00e9 fait dans cette direction. Par la [...]\" \/>\n<meta property=\"og:url\" content=\"https:\/\/www.ladiagonale.net\/index.php\/2025\/05\/02\/le-bayern-confirme-le-depart-de-dier\/\" \/>\n<meta property=\"og:site_name\" content=\"La Diagonale\" \/>\n<meta property=\"article:published_time\" content=\"2025-05-02T10:04:20+00:00\" \/>\n<meta property=\"article:modified_time\" content=\"2025-07-08T00:14:10+00:00\" \/>\n<meta property=\"og:image\" content=\"https:\/\/www.ladiagonale.net\/wp-content\/uploads\/2025\/04\/Dier.png\" \/>\n\t<meta property=\"og:image:width\" content=\"1160\" \/>\n\t<meta property=\"og:image:height\" content=\"650\" \/>\n\t<meta property=\"og:image:type\" content=\"image\/png\" \/>\n<meta name=\"author\" content=\"Damien Dellerba\" \/>\n<meta name=\"twitter:card\" content=\"summary_large_image\" \/>\n<meta name=\"twitter:image\" content=\"https:\/\/www.ladiagonale.net\/wp-content\/uploads\/2025\/04\/Dier.png\" \/>\n<meta name=\"twitter:label1\" content=\"\u00c9crit par\" \/>\n\t<meta name=\"twitter:data1\" content=\"Damien Dellerba\" \/>\n\t<meta name=\"twitter:label2\" content=\"Dur\u00e9e de lecture estim\u00e9e\" \/>\n\t<meta name=\"twitter:data2\" content=\"2 minutes\" \/>\n<script type=\"application\/ld+json\" class=\"yoast-schema-graph\">{\"@context\":\"https:\/\/schema.org\",\"@graph\":[{\"@type\":\"WebPage\",\"@id\":\"https:\/\/www.ladiagonale.net\/index.php\/2025\/05\/02\/le-bayern-confirme-le-depart-de-dier\/\",\"url\":\"https:\/\/www.ladiagonale.net\/index.php\/2025\/05\/02\/le-bayern-confirme-le-depart-de-dier\/\",\"name\":\"Le Bayern confirme le d\u00e9part de Dier - La Diagonale\",\"isPartOf\":{\"@id\":\"https:\/\/www.ladiagonale.net\/#website\"},\"datePublished\":\"2025-05-02T10:04:20+00:00\",\"dateModified\":\"2025-07-08T00:14:10+00:00\",\"author\":{\"@id\":\"https:\/\/www.ladiagonale.net\/#\/schema\/person\/79ff1e7b0853ed01b2aa26e64ad300bf\"},\"breadcrumb\":{\"@id\":\"https:\/\/www.ladiagonale.net\/index.php\/2025\/05\/02\/le-bayern-confirme-le-depart-de-dier\/#breadcrumb\"},\"inLanguage\":\"fr-FR\",\"potentialAction\":[{\"@type\":\"ReadAction\",\"target\":[\"https:\/\/www.ladiagonale.net\/index.php\/2025\/05\/02\/le-bayern-confirme-le-depart-de-dier\/\"]}]},{\"@type\":\"BreadcrumbList\",\"@id\":\"https:\/\/www.ladiagonale.net\/index.php\/2025\/05\/02\/le-bayern-confirme-le-depart-de-dier\/#breadcrumb\",\"itemListElement\":[{\"@type\":\"ListItem\",\"position\":1,\"name\":\"Accueil\",\"item\":\"https:\/\/www.ladiagonale.net\/\"},{\"@type\":\"ListItem\",\"position\":2,\"name\":\"Le Bayern confirme le d\u00e9part de Dier\"}]},{\"@type\":\"WebSite\",\"@id\":\"https:\/\/www.ladiagonale.net\/#website\",\"url\":\"https:\/\/www.ladiagonale.net\/\",\"name\":\"La Diagonale\",\"description\":\"Le site des supporters de l&#039;AS Monaco FC\",\"potentialAction\":[{\"@type\":\"SearchAction\",\"target\":{\"@type\":\"EntryPoint\",\"urlTemplate\":\"https:\/\/www.ladiagonale.net\/?s={search_term_string}\"},\"query-input\":\"required name=search_term_string\"}],\"inLanguage\":\"fr-FR\"},{\"@type\":\"Person\",\"@id\":\"https:\/\/www.ladiagonale.net\/#\/schema\/person\/79ff1e7b0853ed01b2aa26e64ad300bf\",\"name\":\"Damien Dellerba\",\"image\":{\"@type\":\"ImageObject\",\"inLanguage\":\"fr-FR\",\"@id\":\"https:\/\/www.ladiagonale.net\/#\/schema\/person\/image\/\",\"url\":\"https:\/\/secure.gravatar.com\/avatar\/c7850e06d3ff63cdbaee88b7fc16e2f0?s=96&d=mm&r=g\",\"contentUrl\":\"https:\/\/secure.gravatar.com\/avatar\/c7850e06d3ff63cdbaee88b7fc16e2f0?s=96&d=mm&r=g\",\"caption\":\"Damien Dellerba\"},\"url\":\"https:\/\/www.ladiagonale.net\/index.php\/author\/damien\/\"}]}<\/script>\n<!-- \/ Yoast SEO plugin. -->","yoast_head_json":{"title":"Le Bayern confirme le d\u00e9part de Dier - La Diagonale","robots":{"index":"index","follow":"follow","max-snippet":"max-snippet:-1","max-image-preview":"max-image-preview:large","max-video-preview":"max-video-preview:-1"},"canonical":"https:\/\/www.ladiagonale.net\/index.php\/2025\/05\/02\/le-bayern-confirme-le-depart-de-dier\/","og_locale":"fr_FR","og_type":"article","og_title":"Le Bayern confirme le d\u00e9part de Dier - La Diagonale","og_description":"La premi\u00e8re recrue de l\u2019AS Monaco lors du mercato estival devrait se nommer Eric Dier. En d\u00e9but de semaine, L\u2019\u00c9quipe avait annonc\u00e9 que la venue du d\u00e9fenseur central anglais, en fin de contrat avec le Bayern Munich, \u00e9tait presque boucl\u00e9e et ce vendredi, un pas de plus a \u00e9t\u00e9 fait dans cette direction. Par la [...]","og_url":"https:\/\/www.ladiagonale.net\/index.php\/2025\/05\/02\/le-bayern-confirme-le-depart-de-dier\/","og_site_name":"La Diagonale","article_published_time":"2025-05-02T10:04:20+00:00","article_modified_time":"2025-07-08T00:14:10+00:00","og_image":[{"width":1160,"height":650,"url":"https:\/\/www.ladiagonale.net\/wp-content\/uploads\/2025\/04\/Dier.png","type":"image\/png"}],"author":"Damien Dellerba","twitter_card":"summary_large_image","twitter_image":"https:\/\/www.ladiagonale.net\/wp-content\/uploads\/2025\/04\/Dier.png","twitter_misc":{"\u00c9crit par":"Damien Dellerba","Dur\u00e9e de lecture estim\u00e9e":"2 minutes"},"schema":{"@context":"https:\/\/schema.org","@graph":[{"@type":"WebPage","@id":"https:\/\/www.ladiagonale.net\/index.php\/2025\/05\/02\/le-bayern-confirme-le-depart-de-dier\/","url":"https:\/\/www.ladiagonale.net\/index.php\/2025\/05\/02\/le-bayern-confirme-le-depart-de-dier\/","name":"Le Bayern confirme le d\u00e9part de Dier - La Diagonale","isPartOf":{"@id":"https:\/\/www.ladiagonale.net\/#website"},"datePublished":"2025-05-02T10:04:20+00:00","dateModified":"2025-07-08T00:14:10+00:00","author":{"@id":"https:\/\/www.ladiagonale.net\/#\/schema\/person\/79ff1e7b0853ed01b2aa26e64ad300bf"},"breadcrumb":{"@id":"https:\/\/www.ladiagonale.net\/index.php\/2025\/05\/02\/le-bayern-confirme-le-depart-de-dier\/#breadcrumb"},"inLanguage":"fr-FR","potentialAction":[{"@type":"ReadAction","target":["https:\/\/www.ladiagonale.net\/index.php\/2025\/05\/02\/le-bayern-confirme-le-depart-de-dier\/"]}]},{"@type":"BreadcrumbList","@id":"https:\/\/www.ladiagonale.net\/index.php\/2025\/05\/02\/le-bayern-confirme-le-depart-de-dier\/#breadcrumb","itemListElement":[{"@type":"ListItem","position":1,"name":"Accueil","item":"https:\/\/www.ladiagonale.net\/"},{"@type":"ListItem","position":2,"name":"Le Bayern confirme le d\u00e9part de Dier"}]},{"@type":"WebSite","@id":"https:\/\/www.ladiagonale.net\/#website","url":"https:\/\/www.ladiagonale.net\/","name":"La Diagonale","description":"Le site des supporters de l&#039;AS Monaco FC","potentialAction":[{"@type":"SearchAction","target":{"@type":"EntryPoint","urlTemplate":"https:\/\/www.ladiagonale.net\/?s={search_term_string}"},"query-input":"required name=search_term_string"}],"inLanguage":"fr-FR"},{"@type":"Person","@id":"https:\/\/www.ladiagonale.net\/#\/schema\/person\/79ff1e7b0853ed01b2aa26e64ad300bf","name":"Damien Dellerba","image":{"@type":"ImageObject","inLanguage":"fr-FR","@id":"https:\/\/www.ladiagonale.net\/#\/schema\/person\/image\/","url":"https:\/\/secure.gravatar.com\/avatar\/c7850e06d3ff63cdbaee88b7fc16e2f0?s=96&d=mm&r=g","contentUrl":"https:\/\/secure.gravatar.com\/avatar\/c7850e06d3ff63cdbaee88b7fc16e2f0?s=96&d=mm&r=g","caption":"Damien Dellerba"},"url":"https:\/\/www.ladiagonale.net\/index.php\/author\/damien\/"}]}},"_links":{"self":[{"href":"https:\/\/www.ladiagonale.net\/index.php\/wp-json\/wp\/v2\/posts\/31255"}],"collection":[{"href":"https:\/\/www.ladiagonale.net\/index.php\/wp-json\/wp\/v2\/posts"}],"about":[{"href":"https:\/\/www.ladiagonale.net\/index.php\/wp-json\/wp\/v2\/types\/post"}],"author":[{"embeddable":true,"href":"https:\/\/www.ladiagonale.net\/index.php\/wp-json\/wp\/v2\/users\/2"}],"replies":[{"embeddable":true,"href":"https:\/\/www.ladiagonale.net\/index.php\/wp-json\/wp\/v2\/comments?post=31255"}],"version-history":[{"count":3,"href":"https:\/\/www.ladiagonale.net\/index.php\/wp-json\/wp\/v2\/posts\/31255\/revisions"}],"predecessor-version":[{"id":31288,"href":"https:\/\/www.ladiagonale.net\/index.php\/wp-json\/wp\/v2\/posts\/31255\/revisions\/31288"}],"wp:attachment":[{"href":"https:\/\/www.ladiagonale.net\/index.php\/wp-json\/wp\/v2\/media?parent=31255"}],"wp:term":[{"taxonomy":"category","embeddable":true,"href":"https:\/\/www.ladiagonale.net\/index.php\/wp-json\/wp\/v2\/categories?post=31255"},{"taxonomy":"post_tag","embeddable":true,"href":"https:\/\/www.ladiagonale.net\/index.php\/wp-json\/wp\/v2\/tags?post=31255"}],"curies":[{"name":"wp","href":"https:\/\/api.w.org\/{rel}","templated":true}]}}