{"id":31262,"date":"2025-05-03T11:27:00","date_gmt":"2025-05-03T09:27:00","guid":{"rendered":"https:\/\/www.ladiagonale.net\/?p=31262"},"modified":"2025-05-03T13:08:51","modified_gmt":"2025-05-03T11:08:51","slug":"le-combat-des-chefs","status":"publish","type":"post","link":"https:\/\/www.ladiagonale.net\/index.php\/2025\/05\/03\/le-combat-des-chefs\/","title":{"rendered":"Le combat des chefs"},"content":{"rendered":"\n<p><strong>Lors de la 31<sup>e<\/sup> journ\u00e9e, l\u2019AS Monaco a r\u00e9alis\u00e9 la pire op\u00e9ration des clubs visant une place en Ligue des Champions. \u00c0 trois journ\u00e9es de la fin, la dynamique est tout sauf positive et la p\u00e9rennit\u00e9 du club en C1 n\u2019est pas assur\u00e9e. De quoi faire monter au cr\u00e9neau les dirigeants mon\u00e9gasques avant une rencontre cruciale contre Saint-\u00c9tienne pour que personne ne se repose sur ses lauriers.<\/strong><\/p>\n\n\n\n<p>Marseille, Lille, Lyon, Nice, Strasbourg,\u2026 Tous les pr\u00e9tendants (non class\u00e9s par ordre alphab\u00e9tique) \u00e0 la Ligue des champions ont gagn\u00e9 le week-end dernier. Tous ? Non ! Car un club peupl\u00e9 d\u2019irr\u00e9ductibles Mon\u00e9gasques r\u00e9siste encore et toujours aux perspectives grisantes des nuits europ\u00e9ennes. Accroch\u00e9s au Havre (1-1), les Rouge et Blanc ont perdu une place au classement et n\u2019ont plus vraiment leur destin entre leurs mains, car tout gagner jusqu\u2019\u00e0 la fin de la saison pour finir sur le podium de Ligue 1 risque de ne pas suffire, m\u00eame si dimanche soir, Lille recevra Marseille.<\/p>\n\n\n\n<p>Alors que se profile un d\u00e9placement chez une autre \u00e9quipe en lutte pour sa survie, Saint-\u00c9tienne, le climat autour du club de la Principaut\u00e9 n\u2019est plus au beau fixe, \u00e0 l\u2019image du temps orageux entrevu sur la C\u00f4te d&rsquo;Azur lors des derni\u00e8res semaines. Bref, \u00e0 Monaco, la mer n\u2019est plus d&rsquo;huile ces temps-ci mais agit\u00e9e, et il est \u00e0 craindre que le tumulte des vagues emporte tout. Pour retrouver trace d&rsquo;une telle secousse, il n&rsquo;est pas n\u00e9cessaire de remonter \u00e0 un \u00e2ge canonique. C\u2019\u00e9tait il y a deux ans \u00e0 peine, lorsque l\u2019\u00e9quipe de Philippe Clement avait termin\u00e9 hors des places europ\u00e9ennes.<\/p>\n\n\n\n<p>On peut esp\u00e9rer que l\u2019ASM n\u2019atteindra pas de telles extr\u00e9mit\u00e9s et devrait tout de m\u00eame se qualifier pour une coupe d\u2019Europe. Mais pour en \u00eatre certain, il faudra que la 7<sup>e<\/sup> place devienne directement qualificative pour l&rsquo;Europe, et pour cela, il faudra un petit coup de pouce du Paris Saint-Germain, qui doit remporter la Coupe de France contre Reims. Toujours mieux que rien, m\u00eame si la C4 n&rsquo;int\u00e9resse pas beaucoup les dirigeants, pas plus que la C3, en raison de leur manne financi\u00e8re d\u00e9risoire compar\u00e9e \u00e0 celle de la C1, indispensable au bon fonctionnement du club.<\/p>\n\n\n\n<h3 class=\"wp-block-heading\">Une mini-crise au club<\/h3>\n\n\n\n<p>Sentant la gal\u00e8re arriver, l&rsquo;\u00e9tat-major de l&rsquo;ASM a d\u00fb prendre sa part pour remobiliser les troupes et rappeler \u00e0 chacun, telle une id\u00e9e fixe, que seule la Ligue des champions \u00e9tait envisageable. Comme r\u00e9v\u00e9l\u00e9 par le quotidien <em>L\u2019\u00c9quipe<\/em>, Thiago Scuro et Carlos Avina ont organis\u00e9 une r\u00e9union en ce sens. Le grand chef Dmitry Rybolovlev n&rsquo;est pas tomb\u00e9 \u00e0 bras raccourcis sur les joueurs mais c&rsquo;est sa bonne mine remis\u00e9e au placard qu&rsquo;il a d\u00fb d\u2019intervenir en d\u00e9but de semaine pour faire passer ses messages, pas toujours agr\u00e9ables. Le combat des d\u00e9cideurs mon\u00e9gasques, c&rsquo;est de remettre tout ce petit monde au travail pour atteindre un objectif pr\u00e9sent\u00e9 comme vital. <\/p>\n\n\n\n<p>Et c&rsquo;est l\u00e0 que la partie est la plus difficile, avec un vestiaire qui ne semble plus tirer dans le m\u00eame sens et ne plus avoir les m\u00eames priorit\u00e9s que ses dirigeants. Alors que le sprint final devrait au contraire souder et concerner tout le monde, encourager \u00e0 faire profil bas, c&rsquo;est dans cette derni\u00e8re ligne droite, cruciale, que les langues se d\u00e9lient et que les int\u00e9r\u00eats personnels ressortent dans la presse. Certains pensent d\u00e9j\u00e0 \u00e0 leur future destination quand d&rsquo;autres s&rsquo;offusquent des rumeurs de transferts tout en craignant pour leur place. Un sentiment de zizanie traverse le Rocher et sans \u00eatre devin, le sc\u00e9nario catastrophe est possible.<\/p>\n\n\n\n<p>\u00c0 l\u2019inverse, l\u2019ambiance donne l&rsquo;impression d&rsquo;\u00eatre plus apais\u00e9e chez la concurrence. L&rsquo;OM s\u2019est retir\u00e9 \u00e0 Rome jusqu\u2019\u00e0 la fin de la saison pour fuir la toxicit\u00e9 de l\u2019environnement marseillais et retrouver de la s\u00e9r\u00e9nit\u00e9 dans ce qui n&rsquo;a rien d&rsquo;une garnison romaine en camp retranch\u00e9. Lille est discret et fait son bout de chemin. Nice paraissait d\u00e9courag\u00e9 mais sa victoire au Parc des Princes, en \u00e9tant la premi\u00e8re \u00e9quipe \u00e0 faire tomber le PSG en L1, l\u2019a ragaillardi et il a encha\u00een\u00e9 sans briller contre Reims ce vendredi (1-0). Autour de Lyon r\u00e9side toujours un brin d\u2019excentricit\u00e9 mais le groupe rhodanien appara\u00eet m\u00fb par le d\u00e9sir de faire la nique \u00e0 ses concurrents. Quant \u00e0 Strasbourg, surprise et joie de vivre sont au rendez-vous et le reste n\u2019est que bonus.<\/p>\n\n\n\n<h3 class=\"wp-block-heading\">H\u00fctter sans ressort<\/h3>\n\n\n\n<p>Le combat d&rsquo;Adi H\u00fctter, le chef du terrain, c&rsquo;est de trouver une solution tactique face \u00e0 des \u00e9quipes en formation tortue dans leur camp mais \u00e9galement de transmettre la flamme \u00e0 son groupe. Sauf que les formules sont de plus en plus laconiques. Rafra\u00eechissant \u00e0 son arriv\u00e9e, il ressemble de plus en plus \u00e0 un automate en train de r\u00e9citer les \u00e9l\u00e9ments de langage qu\u2019on lui a bri\u00e8vement fait passer avant de se pr\u00e9senter devant la presse. L\u2019Autrichien ne convainc plus beaucoup et donne m\u00eame l\u2019impression de ne plus \u00eatre convaincu lui-m\u00eame par ce qu&rsquo;il dit. Les r\u00e9sultats en dents de scie et la morosit\u00e9 qui para\u00eet avoir gagn\u00e9 le groupe participent de l&rsquo;\u00e9rosion du discours comme le vent et les embruns sur une majestueuse falaise de calcaire en Armorique.<\/p>\n\n\n\n<p>Difficile, dans ces conditions, de trouver les mots justes pour remettre un groupe \u00e0 l&rsquo;endroit. L&rsquo;Autrichien a d\u00e9j\u00e0 travers\u00e9 des turbulences depuis son arriv\u00e9e en Principaut\u00e9, mais cette fois, le mal semble \u00eatre plus profond, comme c\u2019\u00e9tait le cas avec son pr\u00e9d\u00e9cesseur us\u00e9 et dont le discours n\u2019avait plus aucune port\u00e9e. Les trois derni\u00e8res rencontres diront beaucoup de ce grand foss\u00e9 qui se creuse entre un entra\u00eeneur et son groupe, devant un combat qui s&rsquo;av\u00e8re d\u00e9sormais \u00eatre davantage celui des chefs que celui des joueurs. Car pour le remporter, la seule potion magique qui fonctionne, c&rsquo;est la victoire.<\/p>\n","protected":false},"excerpt":{"rendered":"<p>Lors de la 31e journ\u00e9e, l\u2019AS Monaco a r\u00e9alis\u00e9 la pire op\u00e9ration des clubs visant une place en Ligue des Champions. \u00c0 trois journ\u00e9es de la fin, la dynamique est tout sauf positive et la p\u00e9rennit\u00e9 du club en C1 n\u2019est pas assur\u00e9e. De quoi faire monter au cr\u00e9neau les dirigeants mon\u00e9gasques avant une rencontre [&#8230;]\n","protected":false},"author":2,"featured_media":31292,"comment_status":"open","ping_status":"open","sticky":false,"template":"","format":"standard","meta":[],"categories":[5,6],"tags":[86,94,1022],"yoast_head":"<!-- This site is optimized with the Yoast SEO plugin v19.8 - https:\/\/yoast.com\/wordpress\/plugins\/seo\/ -->\n<title>Le combat des chefs - La Diagonale<\/title>\n<meta name=\"robots\" content=\"index, follow, max-snippet:-1, max-image-preview:large, max-video-preview:-1\" \/>\n<link rel=\"canonical\" href=\"https:\/\/www.ladiagonale.net\/index.php\/2025\/05\/03\/le-combat-des-chefs\/\" \/>\n<meta property=\"og:locale\" content=\"fr_FR\" \/>\n<meta property=\"og:type\" content=\"article\" \/>\n<meta property=\"og:title\" content=\"Le combat des chefs - La Diagonale\" \/>\n<meta property=\"og:description\" content=\"Lors de la 31e journ\u00e9e, l\u2019AS Monaco a r\u00e9alis\u00e9 la pire op\u00e9ration des clubs visant une place en Ligue des Champions. \u00c0 trois journ\u00e9es de la fin, la dynamique est tout sauf positive et la p\u00e9rennit\u00e9 du club en C1 n\u2019est pas assur\u00e9e. De quoi faire monter au cr\u00e9neau les dirigeants mon\u00e9gasques avant une rencontre [...]\" \/>\n<meta property=\"og:url\" content=\"https:\/\/www.ladiagonale.net\/index.php\/2025\/05\/03\/le-combat-des-chefs\/\" \/>\n<meta property=\"og:site_name\" content=\"La Diagonale\" \/>\n<meta property=\"article:published_time\" content=\"2025-05-03T09:27:00+00:00\" \/>\n<meta property=\"article:modified_time\" content=\"2025-05-03T11:08:51+00:00\" \/>\n<meta property=\"og:image\" content=\"https:\/\/www.ladiagonale.net\/wp-content\/uploads\/2025\/05\/chefs.png\" \/>\n\t<meta property=\"og:image:width\" content=\"1160\" \/>\n\t<meta property=\"og:image:height\" content=\"650\" \/>\n\t<meta property=\"og:image:type\" content=\"image\/png\" \/>\n<meta name=\"author\" content=\"Damien Dellerba\" \/>\n<meta name=\"twitter:card\" content=\"summary_large_image\" \/>\n<meta name=\"twitter:image\" content=\"https:\/\/www.ladiagonale.net\/wp-content\/uploads\/2025\/05\/chefs.png\" \/>\n<meta name=\"twitter:label1\" content=\"\u00c9crit par\" \/>\n\t<meta name=\"twitter:data1\" content=\"Damien Dellerba\" \/>\n\t<meta name=\"twitter:label2\" content=\"Dur\u00e9e de lecture estim\u00e9e\" \/>\n\t<meta name=\"twitter:data2\" content=\"5 minutes\" \/>\n<script type=\"application\/ld+json\" class=\"yoast-schema-graph\">{\"@context\":\"https:\/\/schema.org\",\"@graph\":[{\"@type\":\"WebPage\",\"@id\":\"https:\/\/www.ladiagonale.net\/index.php\/2025\/05\/03\/le-combat-des-chefs\/\",\"url\":\"https:\/\/www.ladiagonale.net\/index.php\/2025\/05\/03\/le-combat-des-chefs\/\",\"name\":\"Le combat des chefs - La Diagonale\",\"isPartOf\":{\"@id\":\"https:\/\/www.ladiagonale.net\/#website\"},\"datePublished\":\"2025-05-03T09:27:00+00:00\",\"dateModified\":\"2025-05-03T11:08:51+00:00\",\"author\":{\"@id\":\"https:\/\/www.ladiagonale.net\/#\/schema\/person\/79ff1e7b0853ed01b2aa26e64ad300bf\"},\"breadcrumb\":{\"@id\":\"https:\/\/www.ladiagonale.net\/index.php\/2025\/05\/03\/le-combat-des-chefs\/#breadcrumb\"},\"inLanguage\":\"fr-FR\",\"potentialAction\":[{\"@type\":\"ReadAction\",\"target\":[\"https:\/\/www.ladiagonale.net\/index.php\/2025\/05\/03\/le-combat-des-chefs\/\"]}]},{\"@type\":\"BreadcrumbList\",\"@id\":\"https:\/\/www.ladiagonale.net\/index.php\/2025\/05\/03\/le-combat-des-chefs\/#breadcrumb\",\"itemListElement\":[{\"@type\":\"ListItem\",\"position\":1,\"name\":\"Accueil\",\"item\":\"https:\/\/www.ladiagonale.net\/\"},{\"@type\":\"ListItem\",\"position\":2,\"name\":\"Le combat des chefs\"}]},{\"@type\":\"WebSite\",\"@id\":\"https:\/\/www.ladiagonale.net\/#website\",\"url\":\"https:\/\/www.ladiagonale.net\/\",\"name\":\"La Diagonale\",\"description\":\"Le site des supporters de l&#039;AS Monaco FC\",\"potentialAction\":[{\"@type\":\"SearchAction\",\"target\":{\"@type\":\"EntryPoint\",\"urlTemplate\":\"https:\/\/www.ladiagonale.net\/?s={search_term_string}\"},\"query-input\":\"required name=search_term_string\"}],\"inLanguage\":\"fr-FR\"},{\"@type\":\"Person\",\"@id\":\"https:\/\/www.ladiagonale.net\/#\/schema\/person\/79ff1e7b0853ed01b2aa26e64ad300bf\",\"name\":\"Damien Dellerba\",\"image\":{\"@type\":\"ImageObject\",\"inLanguage\":\"fr-FR\",\"@id\":\"https:\/\/www.ladiagonale.net\/#\/schema\/person\/image\/\",\"url\":\"https:\/\/secure.gravatar.com\/avatar\/c7850e06d3ff63cdbaee88b7fc16e2f0?s=96&d=mm&r=g\",\"contentUrl\":\"https:\/\/secure.gravatar.com\/avatar\/c7850e06d3ff63cdbaee88b7fc16e2f0?s=96&d=mm&r=g\",\"caption\":\"Damien Dellerba\"},\"url\":\"https:\/\/www.ladiagonale.net\/index.php\/author\/damien\/\"}]}<\/script>\n<!-- \/ Yoast SEO plugin. -->","yoast_head_json":{"title":"Le combat des chefs - La Diagonale","robots":{"index":"index","follow":"follow","max-snippet":"max-snippet:-1","max-image-preview":"max-image-preview:large","max-video-preview":"max-video-preview:-1"},"canonical":"https:\/\/www.ladiagonale.net\/index.php\/2025\/05\/03\/le-combat-des-chefs\/","og_locale":"fr_FR","og_type":"article","og_title":"Le combat des chefs - La Diagonale","og_description":"Lors de la 31e journ\u00e9e, l\u2019AS Monaco a r\u00e9alis\u00e9 la pire op\u00e9ration des clubs visant une place en Ligue des Champions. \u00c0 trois journ\u00e9es de la fin, la dynamique est tout sauf positive et la p\u00e9rennit\u00e9 du club en C1 n\u2019est pas assur\u00e9e. De quoi faire monter au cr\u00e9neau les dirigeants mon\u00e9gasques avant une rencontre [...]","og_url":"https:\/\/www.ladiagonale.net\/index.php\/2025\/05\/03\/le-combat-des-chefs\/","og_site_name":"La Diagonale","article_published_time":"2025-05-03T09:27:00+00:00","article_modified_time":"2025-05-03T11:08:51+00:00","og_image":[{"width":1160,"height":650,"url":"https:\/\/www.ladiagonale.net\/wp-content\/uploads\/2025\/05\/chefs.png","type":"image\/png"}],"author":"Damien Dellerba","twitter_card":"summary_large_image","twitter_image":"https:\/\/www.ladiagonale.net\/wp-content\/uploads\/2025\/05\/chefs.png","twitter_misc":{"\u00c9crit par":"Damien Dellerba","Dur\u00e9e de lecture estim\u00e9e":"5 minutes"},"schema":{"@context":"https:\/\/schema.org","@graph":[{"@type":"WebPage","@id":"https:\/\/www.ladiagonale.net\/index.php\/2025\/05\/03\/le-combat-des-chefs\/","url":"https:\/\/www.ladiagonale.net\/index.php\/2025\/05\/03\/le-combat-des-chefs\/","name":"Le combat des chefs - La Diagonale","isPartOf":{"@id":"https:\/\/www.ladiagonale.net\/#website"},"datePublished":"2025-05-03T09:27:00+00:00","dateModified":"2025-05-03T11:08:51+00:00","author":{"@id":"https:\/\/www.ladiagonale.net\/#\/schema\/person\/79ff1e7b0853ed01b2aa26e64ad300bf"},"breadcrumb":{"@id":"https:\/\/www.ladiagonale.net\/index.php\/2025\/05\/03\/le-combat-des-chefs\/#breadcrumb"},"inLanguage":"fr-FR","potentialAction":[{"@type":"ReadAction","target":["https:\/\/www.ladiagonale.net\/index.php\/2025\/05\/03\/le-combat-des-chefs\/"]}]},{"@type":"BreadcrumbList","@id":"https:\/\/www.ladiagonale.net\/index.php\/2025\/05\/03\/le-combat-des-chefs\/#breadcrumb","itemListElement":[{"@type":"ListItem","position":1,"name":"Accueil","item":"https:\/\/www.ladiagonale.net\/"},{"@type":"ListItem","position":2,"name":"Le combat des chefs"}]},{"@type":"WebSite","@id":"https:\/\/www.ladiagonale.net\/#website","url":"https:\/\/www.ladiagonale.net\/","name":"La Diagonale","description":"Le site des supporters de l&#039;AS Monaco FC","potentialAction":[{"@type":"SearchAction","target":{"@type":"EntryPoint","urlTemplate":"https:\/\/www.ladiagonale.net\/?s={search_term_string}"},"query-input":"required name=search_term_string"}],"inLanguage":"fr-FR"},{"@type":"Person","@id":"https:\/\/www.ladiagonale.net\/#\/schema\/person\/79ff1e7b0853ed01b2aa26e64ad300bf","name":"Damien Dellerba","image":{"@type":"ImageObject","inLanguage":"fr-FR","@id":"https:\/\/www.ladiagonale.net\/#\/schema\/person\/image\/","url":"https:\/\/secure.gravatar.com\/avatar\/c7850e06d3ff63cdbaee88b7fc16e2f0?s=96&d=mm&r=g","contentUrl":"https:\/\/secure.gravatar.com\/avatar\/c7850e06d3ff63cdbaee88b7fc16e2f0?s=96&d=mm&r=g","caption":"Damien Dellerba"},"url":"https:\/\/www.ladiagonale.net\/index.php\/author\/damien\/"}]}},"_links":{"self":[{"href":"https:\/\/www.ladiagonale.net\/index.php\/wp-json\/wp\/v2\/posts\/31262"}],"collection":[{"href":"https:\/\/www.ladiagonale.net\/index.php\/wp-json\/wp\/v2\/posts"}],"about":[{"href":"https:\/\/www.ladiagonale.net\/index.php\/wp-json\/wp\/v2\/types\/post"}],"author":[{"embeddable":true,"href":"https:\/\/www.ladiagonale.net\/index.php\/wp-json\/wp\/v2\/users\/2"}],"replies":[{"embeddable":true,"href":"https:\/\/www.ladiagonale.net\/index.php\/wp-json\/wp\/v2\/comments?post=31262"}],"version-history":[{"count":26,"href":"https:\/\/www.ladiagonale.net\/index.php\/wp-json\/wp\/v2\/posts\/31262\/revisions"}],"predecessor-version":[{"id":31302,"href":"https:\/\/www.ladiagonale.net\/index.php\/wp-json\/wp\/v2\/posts\/31262\/revisions\/31302"}],"wp:featuredmedia":[{"embeddable":true,"href":"https:\/\/www.ladiagonale.net\/index.php\/wp-json\/wp\/v2\/media\/31292"}],"wp:attachment":[{"href":"https:\/\/www.ladiagonale.net\/index.php\/wp-json\/wp\/v2\/media?parent=31262"}],"wp:term":[{"taxonomy":"category","embeddable":true,"href":"https:\/\/www.ladiagonale.net\/index.php\/wp-json\/wp\/v2\/categories?post=31262"},{"taxonomy":"post_tag","embeddable":true,"href":"https:\/\/www.ladiagonale.net\/index.php\/wp-json\/wp\/v2\/tags?post=31262"}],"curies":[{"name":"wp","href":"https:\/\/api.w.org\/{rel}","templated":true}]}}