{"id":31280,"date":"2025-05-02T20:37:25","date_gmt":"2025-05-02T18:37:25","guid":{"rendered":"https:\/\/www.ladiagonale.net\/?p=31280"},"modified":"2025-05-03T13:00:08","modified_gmt":"2025-05-03T11:00:08","slug":"le-groupe-stephanois-sans-stassin","status":"publish","type":"post","link":"https:\/\/www.ladiagonale.net\/index.php\/2025\/05\/02\/le-groupe-stephanois-sans-stassin\/","title":{"rendered":"Le groupe st\u00e9phanois : sans Stassin"},"content":{"rendered":"\n\n\n<p>Eirik Horneland a convoqu\u00e9 20 joueurs pour la r\u00e9ception de l&rsquo;ASM ce samedi (21h05). L&rsquo;entra\u00eeneur st\u00e9phanois aura ses deux anciens Mon\u00e9gasques \u00e0 disposition, Irvin Cardona et Dennis Appiah. En revanche, il devra faire sans son meilleur buteur Lucas Stassin (12 buts), en raison d&rsquo;un probl\u00e8me musculaire qu&rsquo;il tra\u00eene depuis plusieurs semaines.<\/p>\n\n\n\n<h3>Le groupe st\u00e9phanois <\/h3>\n\n\n\n<ul><li><strong>Gardiens :<\/strong> Larsonneur, Maubleu.<\/li><li><strong>D\u00e9fenseurs : <\/strong>Abdelhamid, Appiah, Batubinsika, Bernauer, Ma\u00e7on, Nad\u00e9, P\u00e9trot.<\/li><li><strong>Milieux :<\/strong> Ekwah, Fomba, Mouton, Moueffek, Mouton, Tardieu.<\/li><li><strong>Attaquants :<\/strong> Cardona, Davitashvili, N&rsquo;Guessan, Old, Sissoko, Wadji.<\/li><\/ul>\n\n\n\n<p><em>Absents :<\/em> Stassin, Bouchouari, Boakye, Tour\u00e9 (bless\u00e9s), Cornud, Brian\u00e7on, Miladinovic (choix de l\u2019entra\u00eeneur).<\/p>\n","protected":false},"excerpt":{"rendered":"<p>Eirik Horneland a convoqu\u00e9 20 joueurs pour la r\u00e9ception de l&rsquo;ASM ce samedi (21h05). L&rsquo;entra\u00eeneur st\u00e9phanois aura ses deux anciens Mon\u00e9gasques \u00e0 disposition, Irvin Cardona et Dennis Appiah. En revanche, il devra faire sans son meilleur buteur Lucas Stassin (12 buts), en raison d&rsquo;un probl\u00e8me musculaire qu&rsquo;il tra\u00eene depuis plusieurs semaines. Le groupe st\u00e9phanois Gardiens [&#8230;]\n","protected":false},"author":2,"featured_media":0,"comment_status":"open","ping_status":"open","sticky":false,"template":"","format":"standard","meta":[],"categories":[6],"tags":[86,225,94,1022],"yoast_head":"<!-- This site is optimized with the Yoast SEO plugin v19.8 - https:\/\/yoast.com\/wordpress\/plugins\/seo\/ -->\n<title>Le groupe st\u00e9phanois : sans Stassin - La Diagonale<\/title>\n<meta name=\"robots\" content=\"index, follow, max-snippet:-1, max-image-preview:large, max-video-preview:-1\" \/>\n<link rel=\"canonical\" href=\"https:\/\/www.ladiagonale.net\/index.php\/2025\/05\/02\/le-groupe-stephanois-sans-stassin\/\" \/>\n<meta property=\"og:locale\" content=\"fr_FR\" \/>\n<meta property=\"og:type\" content=\"article\" \/>\n<meta property=\"og:title\" content=\"Le groupe st\u00e9phanois : sans Stassin - La Diagonale\" \/>\n<meta property=\"og:description\" content=\"Eirik Horneland a convoqu\u00e9 20 joueurs pour la r\u00e9ception de l&rsquo;ASM ce samedi (21h05). L&rsquo;entra\u00eeneur st\u00e9phanois aura ses deux anciens Mon\u00e9gasques \u00e0 disposition, Irvin Cardona et Dennis Appiah. En revanche, il devra faire sans son meilleur buteur Lucas Stassin (12 buts), en raison d&rsquo;un probl\u00e8me musculaire qu&rsquo;il tra\u00eene depuis plusieurs semaines. Le groupe st\u00e9phanois Gardiens [...]\" \/>\n<meta property=\"og:url\" content=\"https:\/\/www.ladiagonale.net\/index.php\/2025\/05\/02\/le-groupe-stephanois-sans-stassin\/\" \/>\n<meta property=\"og:site_name\" content=\"La Diagonale\" \/>\n<meta property=\"article:published_time\" content=\"2025-05-02T18:37:25+00:00\" \/>\n<meta property=\"article:modified_time\" content=\"2025-05-03T11:00:08+00:00\" \/>\n<meta property=\"og:image\" content=\"https:\/\/www.ladiagonale.net\/wp-content\/uploads\/2025\/05\/ligue-1-saint-etienne-va-devoir-faire-sans-lucas-stassin-contre-monaco.webp\" \/>\n\t<meta property=\"og:image:width\" content=\"1300\" \/>\n\t<meta property=\"og:image:height\" content=\"865\" \/>\n\t<meta property=\"og:image:type\" content=\"image\/webp\" \/>\n<meta name=\"author\" content=\"Damien Dellerba\" \/>\n<meta name=\"twitter:card\" content=\"summary_large_image\" \/>\n<meta name=\"twitter:image\" content=\"https:\/\/www.ladiagonale.net\/wp-content\/uploads\/2025\/05\/ligue-1-saint-etienne-va-devoir-faire-sans-lucas-stassin-contre-monaco.webp\" \/>\n<meta name=\"twitter:label1\" content=\"\u00c9crit par\" \/>\n\t<meta name=\"twitter:data1\" content=\"Damien Dellerba\" \/>\n\t<meta name=\"twitter:label2\" content=\"Dur\u00e9e de lecture estim\u00e9e\" \/>\n\t<meta name=\"twitter:data2\" content=\"1 minute\" \/>\n<script type=\"application\/ld+json\" class=\"yoast-schema-graph\">{\"@context\":\"https:\/\/schema.org\",\"@graph\":[{\"@type\":\"WebPage\",\"@id\":\"https:\/\/www.ladiagonale.net\/index.php\/2025\/05\/02\/le-groupe-stephanois-sans-stassin\/\",\"url\":\"https:\/\/www.ladiagonale.net\/index.php\/2025\/05\/02\/le-groupe-stephanois-sans-stassin\/\",\"name\":\"Le groupe st\u00e9phanois : sans Stassin - La Diagonale\",\"isPartOf\":{\"@id\":\"https:\/\/www.ladiagonale.net\/#website\"},\"datePublished\":\"2025-05-02T18:37:25+00:00\",\"dateModified\":\"2025-05-03T11:00:08+00:00\",\"author\":{\"@id\":\"https:\/\/www.ladiagonale.net\/#\/schema\/person\/79ff1e7b0853ed01b2aa26e64ad300bf\"},\"breadcrumb\":{\"@id\":\"https:\/\/www.ladiagonale.net\/index.php\/2025\/05\/02\/le-groupe-stephanois-sans-stassin\/#breadcrumb\"},\"inLanguage\":\"fr-FR\",\"potentialAction\":[{\"@type\":\"ReadAction\",\"target\":[\"https:\/\/www.ladiagonale.net\/index.php\/2025\/05\/02\/le-groupe-stephanois-sans-stassin\/\"]}]},{\"@type\":\"BreadcrumbList\",\"@id\":\"https:\/\/www.ladiagonale.net\/index.php\/2025\/05\/02\/le-groupe-stephanois-sans-stassin\/#breadcrumb\",\"itemListElement\":[{\"@type\":\"ListItem\",\"position\":1,\"name\":\"Accueil\",\"item\":\"https:\/\/www.ladiagonale.net\/\"},{\"@type\":\"ListItem\",\"position\":2,\"name\":\"Le groupe st\u00e9phanois : sans Stassin\"}]},{\"@type\":\"WebSite\",\"@id\":\"https:\/\/www.ladiagonale.net\/#website\",\"url\":\"https:\/\/www.ladiagonale.net\/\",\"name\":\"La Diagonale\",\"description\":\"Le site des supporters de l&#039;AS Monaco FC\",\"potentialAction\":[{\"@type\":\"SearchAction\",\"target\":{\"@type\":\"EntryPoint\",\"urlTemplate\":\"https:\/\/www.ladiagonale.net\/?s={search_term_string}\"},\"query-input\":\"required name=search_term_string\"}],\"inLanguage\":\"fr-FR\"},{\"@type\":\"Person\",\"@id\":\"https:\/\/www.ladiagonale.net\/#\/schema\/person\/79ff1e7b0853ed01b2aa26e64ad300bf\",\"name\":\"Damien Dellerba\",\"image\":{\"@type\":\"ImageObject\",\"inLanguage\":\"fr-FR\",\"@id\":\"https:\/\/www.ladiagonale.net\/#\/schema\/person\/image\/\",\"url\":\"https:\/\/secure.gravatar.com\/avatar\/c7850e06d3ff63cdbaee88b7fc16e2f0?s=96&d=mm&r=g\",\"contentUrl\":\"https:\/\/secure.gravatar.com\/avatar\/c7850e06d3ff63cdbaee88b7fc16e2f0?s=96&d=mm&r=g\",\"caption\":\"Damien Dellerba\"},\"url\":\"https:\/\/www.ladiagonale.net\/index.php\/author\/damien\/\"}]}<\/script>\n<!-- \/ Yoast SEO plugin. -->","yoast_head_json":{"title":"Le groupe st\u00e9phanois : sans Stassin - La Diagonale","robots":{"index":"index","follow":"follow","max-snippet":"max-snippet:-1","max-image-preview":"max-image-preview:large","max-video-preview":"max-video-preview:-1"},"canonical":"https:\/\/www.ladiagonale.net\/index.php\/2025\/05\/02\/le-groupe-stephanois-sans-stassin\/","og_locale":"fr_FR","og_type":"article","og_title":"Le groupe st\u00e9phanois : sans Stassin - La Diagonale","og_description":"Eirik Horneland a convoqu\u00e9 20 joueurs pour la r\u00e9ception de l&rsquo;ASM ce samedi (21h05). L&rsquo;entra\u00eeneur st\u00e9phanois aura ses deux anciens Mon\u00e9gasques \u00e0 disposition, Irvin Cardona et Dennis Appiah. En revanche, il devra faire sans son meilleur buteur Lucas Stassin (12 buts), en raison d&rsquo;un probl\u00e8me musculaire qu&rsquo;il tra\u00eene depuis plusieurs semaines. Le groupe st\u00e9phanois Gardiens [...]","og_url":"https:\/\/www.ladiagonale.net\/index.php\/2025\/05\/02\/le-groupe-stephanois-sans-stassin\/","og_site_name":"La Diagonale","article_published_time":"2025-05-02T18:37:25+00:00","article_modified_time":"2025-05-03T11:00:08+00:00","og_image":[{"width":1300,"height":865,"url":"https:\/\/www.ladiagonale.net\/wp-content\/uploads\/2025\/05\/ligue-1-saint-etienne-va-devoir-faire-sans-lucas-stassin-contre-monaco.webp","type":"image\/webp"}],"author":"Damien Dellerba","twitter_card":"summary_large_image","twitter_image":"https:\/\/www.ladiagonale.net\/wp-content\/uploads\/2025\/05\/ligue-1-saint-etienne-va-devoir-faire-sans-lucas-stassin-contre-monaco.webp","twitter_misc":{"\u00c9crit par":"Damien Dellerba","Dur\u00e9e de lecture estim\u00e9e":"1 minute"},"schema":{"@context":"https:\/\/schema.org","@graph":[{"@type":"WebPage","@id":"https:\/\/www.ladiagonale.net\/index.php\/2025\/05\/02\/le-groupe-stephanois-sans-stassin\/","url":"https:\/\/www.ladiagonale.net\/index.php\/2025\/05\/02\/le-groupe-stephanois-sans-stassin\/","name":"Le groupe st\u00e9phanois : sans Stassin - La Diagonale","isPartOf":{"@id":"https:\/\/www.ladiagonale.net\/#website"},"datePublished":"2025-05-02T18:37:25+00:00","dateModified":"2025-05-03T11:00:08+00:00","author":{"@id":"https:\/\/www.ladiagonale.net\/#\/schema\/person\/79ff1e7b0853ed01b2aa26e64ad300bf"},"breadcrumb":{"@id":"https:\/\/www.ladiagonale.net\/index.php\/2025\/05\/02\/le-groupe-stephanois-sans-stassin\/#breadcrumb"},"inLanguage":"fr-FR","potentialAction":[{"@type":"ReadAction","target":["https:\/\/www.ladiagonale.net\/index.php\/2025\/05\/02\/le-groupe-stephanois-sans-stassin\/"]}]},{"@type":"BreadcrumbList","@id":"https:\/\/www.ladiagonale.net\/index.php\/2025\/05\/02\/le-groupe-stephanois-sans-stassin\/#breadcrumb","itemListElement":[{"@type":"ListItem","position":1,"name":"Accueil","item":"https:\/\/www.ladiagonale.net\/"},{"@type":"ListItem","position":2,"name":"Le groupe st\u00e9phanois : sans Stassin"}]},{"@type":"WebSite","@id":"https:\/\/www.ladiagonale.net\/#website","url":"https:\/\/www.ladiagonale.net\/","name":"La Diagonale","description":"Le site des supporters de l&#039;AS Monaco FC","potentialAction":[{"@type":"SearchAction","target":{"@type":"EntryPoint","urlTemplate":"https:\/\/www.ladiagonale.net\/?s={search_term_string}"},"query-input":"required name=search_term_string"}],"inLanguage":"fr-FR"},{"@type":"Person","@id":"https:\/\/www.ladiagonale.net\/#\/schema\/person\/79ff1e7b0853ed01b2aa26e64ad300bf","name":"Damien Dellerba","image":{"@type":"ImageObject","inLanguage":"fr-FR","@id":"https:\/\/www.ladiagonale.net\/#\/schema\/person\/image\/","url":"https:\/\/secure.gravatar.com\/avatar\/c7850e06d3ff63cdbaee88b7fc16e2f0?s=96&d=mm&r=g","contentUrl":"https:\/\/secure.gravatar.com\/avatar\/c7850e06d3ff63cdbaee88b7fc16e2f0?s=96&d=mm&r=g","caption":"Damien Dellerba"},"url":"https:\/\/www.ladiagonale.net\/index.php\/author\/damien\/"}]}},"_links":{"self":[{"href":"https:\/\/www.ladiagonale.net\/index.php\/wp-json\/wp\/v2\/posts\/31280"}],"collection":[{"href":"https:\/\/www.ladiagonale.net\/index.php\/wp-json\/wp\/v2\/posts"}],"about":[{"href":"https:\/\/www.ladiagonale.net\/index.php\/wp-json\/wp\/v2\/types\/post"}],"author":[{"embeddable":true,"href":"https:\/\/www.ladiagonale.net\/index.php\/wp-json\/wp\/v2\/users\/2"}],"replies":[{"embeddable":true,"href":"https:\/\/www.ladiagonale.net\/index.php\/wp-json\/wp\/v2\/comments?post=31280"}],"version-history":[{"count":1,"href":"https:\/\/www.ladiagonale.net\/index.php\/wp-json\/wp\/v2\/posts\/31280\/revisions"}],"predecessor-version":[{"id":31282,"href":"https:\/\/www.ladiagonale.net\/index.php\/wp-json\/wp\/v2\/posts\/31280\/revisions\/31282"}],"wp:attachment":[{"href":"https:\/\/www.ladiagonale.net\/index.php\/wp-json\/wp\/v2\/media?parent=31280"}],"wp:term":[{"taxonomy":"category","embeddable":true,"href":"https:\/\/www.ladiagonale.net\/index.php\/wp-json\/wp\/v2\/categories?post=31280"},{"taxonomy":"post_tag","embeddable":true,"href":"https:\/\/www.ladiagonale.net\/index.php\/wp-json\/wp\/v2\/tags?post=31280"}],"curies":[{"name":"wp","href":"https:\/\/api.w.org\/{rel}","templated":true}]}}