{"id":31317,"date":"2025-05-04T18:57:32","date_gmt":"2025-05-04T16:57:32","guid":{"rendered":"https:\/\/www.ladiagonale.net\/?p=31317"},"modified":"2025-05-04T18:57:33","modified_gmt":"2025-05-04T16:57:33","slug":"le-groupe-elite-en-finale-du-challenge-espoirs","status":"publish","type":"post","link":"https:\/\/www.ladiagonale.net\/index.php\/2025\/05\/04\/le-groupe-elite-en-finale-du-challenge-espoirs\/","title":{"rendered":"Le Groupe \u00c9lite en finale du Challenge Espoirs"},"content":{"rendered":"\n<p>Les Mon\u00e9gasques de Djimi Traor\u00e9 n\u2019ont pas trembl\u00e9. Oppos\u00e9 \u00e0 l\u2019\u00e9quipe r\u00e9serve de Montpellier en demi-finale du Challenge Espoirs au stade Louis-II ce dimanche, le Groupe \u00c9lite de l\u2019AS Monaco s\u2019est qualifi\u00e9 pour la finale. Les Rouge et Blanc se sont impos\u00e9s (3-1) gr\u00e2ce \u00e0 un doubl\u00e9 de George Ilenikhena et un autre but de Lucas Michal. La r\u00e9serve mon\u00e9gasque \u00e9tait \u00e9galement renforc\u00e9e par Kassoum Ouattara, Edan Diop et Sa\u00efmon Bouabr\u00e9. Sous les yeux du board mon\u00e9gasques, d\u2019Eliesse Ben Seghir et de Lamine Camara, notamment, les Mon\u00e9gasques ont pris rapidement l\u2019avantage gr\u00e2ce \u00e0 un but de Michal, servi par Bouabr\u00e9 (1-0, 17<sup>e<\/sup>).<\/p>\n\n\n\n<p>George Ilenikhena a permis \u00e0 l\u2019ASM de faire le break d\u2019une frappe du gauche \u00e0 l\u2019ext\u00e9rieur de la surface (2-0, 35<sup>e<\/sup>). Quelques minutes apr\u00e8s, sous des trombes d\u2019eau, une glissade du lat\u00e9ral gauche mon\u00e9gasque Valy Konat\u00e9, bless\u00e9 sur l\u2019occasion, a donn\u00e9 l&rsquo;opportunit\u00e9 \u00e0 Montpellier de r\u00e9duire l\u2019\u00e9cart (2-1, 45<sup>e<\/sup>). Mais Monaco a assis sa sup\u00e9riorit\u00e9 par rapport \u00e0 la formation de la Paillade et pris un avantage d\u00e9finitif lorsque Bouabr\u00e9 a trouv\u00e9 Ilenikhena dans la surface (3-1, 68<sup>e<\/sup>) pour le doubl\u00e9 du buteur nig\u00e9rian.<\/p>\n\n\n\n<p>Les Mon\u00e9gasques retrouveront le Stade Rennais en finale le 21 mai. Les Bretons ont fait tomber Toulouse au Stadium (1-1, 4-3 aux t.a.b.) ce dimanche. Les deux \u00e9quipes s\u2019\u00e9taient d\u00e9j\u00e0 affront\u00e9es lors de la 1<sup>re<\/sup> journ\u00e9e de la phase de groupes et c\u2019\u00e9tait l\u2019AS Monaco qui s\u2019\u00e9tait impos\u00e9e, d\u2019une courte t\u00eate <em>(1-0, le 11 octobre)<\/em>, gr\u00e2ce \u00e0 un but d\u2019Amal Boura.<\/p>\n\n\n","protected":false},"excerpt":{"rendered":"<p>Les Mon\u00e9gasques de Djimi Traor\u00e9 n\u2019ont pas trembl\u00e9. Oppos\u00e9 \u00e0 l\u2019\u00e9quipe r\u00e9serve de Montpellier en demi-finale du Challenge Espoirs au stade Louis-II ce dimanche, le Groupe \u00c9lite de l\u2019AS Monaco s\u2019est qualifi\u00e9 pour la finale. Les Rouge et Blanc se sont impos\u00e9s (3-1) gr\u00e2ce \u00e0 un doubl\u00e9 de George Ilenikhena et un autre but de [&#8230;]\n","protected":false},"author":2,"featured_media":0,"comment_status":"open","ping_status":"open","sticky":false,"template":"","format":"standard","meta":[],"categories":[4,6],"tags":[76,86,928,890,228],"yoast_head":"<!-- This site is optimized with the Yoast SEO plugin v19.8 - https:\/\/yoast.com\/wordpress\/plugins\/seo\/ -->\n<title>Le Groupe \u00c9lite en finale du Challenge Espoirs - La Diagonale<\/title>\n<meta name=\"robots\" content=\"index, follow, max-snippet:-1, max-image-preview:large, max-video-preview:-1\" \/>\n<link rel=\"canonical\" href=\"https:\/\/www.ladiagonale.net\/index.php\/2025\/05\/04\/le-groupe-elite-en-finale-du-challenge-espoirs\/\" \/>\n<meta property=\"og:locale\" content=\"fr_FR\" \/>\n<meta property=\"og:type\" content=\"article\" \/>\n<meta property=\"og:title\" content=\"Le Groupe \u00c9lite en finale du Challenge Espoirs - La Diagonale\" \/>\n<meta property=\"og:description\" content=\"Les Mon\u00e9gasques de Djimi Traor\u00e9 n\u2019ont pas trembl\u00e9. Oppos\u00e9 \u00e0 l\u2019\u00e9quipe r\u00e9serve de Montpellier en demi-finale du Challenge Espoirs au stade Louis-II ce dimanche, le Groupe \u00c9lite de l\u2019AS Monaco s\u2019est qualifi\u00e9 pour la finale. Les Rouge et Blanc se sont impos\u00e9s (3-1) gr\u00e2ce \u00e0 un doubl\u00e9 de George Ilenikhena et un autre but de [...]\" \/>\n<meta property=\"og:url\" content=\"https:\/\/www.ladiagonale.net\/index.php\/2025\/05\/04\/le-groupe-elite-en-finale-du-challenge-espoirs\/\" \/>\n<meta property=\"og:site_name\" content=\"La Diagonale\" \/>\n<meta property=\"article:published_time\" content=\"2025-05-04T16:57:32+00:00\" \/>\n<meta property=\"article:modified_time\" content=\"2025-05-04T16:57:33+00:00\" \/>\n<meta property=\"og:image\" content=\"https:\/\/www.ladiagonale.net\/wp-content\/uploads\/2025\/02\/Ilenikhena-Nantes.png\" \/>\n\t<meta property=\"og:image:width\" content=\"1160\" \/>\n\t<meta property=\"og:image:height\" content=\"650\" \/>\n\t<meta property=\"og:image:type\" content=\"image\/png\" \/>\n<meta name=\"author\" content=\"Damien Dellerba\" \/>\n<meta name=\"twitter:card\" content=\"summary_large_image\" \/>\n<meta name=\"twitter:image\" content=\"https:\/\/www.ladiagonale.net\/wp-content\/uploads\/2025\/02\/Ilenikhena-Nantes.png\" \/>\n<meta name=\"twitter:label1\" content=\"\u00c9crit par\" \/>\n\t<meta name=\"twitter:data1\" content=\"Damien Dellerba\" \/>\n\t<meta name=\"twitter:label2\" content=\"Dur\u00e9e de lecture estim\u00e9e\" \/>\n\t<meta name=\"twitter:data2\" content=\"2 minutes\" \/>\n<script type=\"application\/ld+json\" class=\"yoast-schema-graph\">{\"@context\":\"https:\/\/schema.org\",\"@graph\":[{\"@type\":\"WebPage\",\"@id\":\"https:\/\/www.ladiagonale.net\/index.php\/2025\/05\/04\/le-groupe-elite-en-finale-du-challenge-espoirs\/\",\"url\":\"https:\/\/www.ladiagonale.net\/index.php\/2025\/05\/04\/le-groupe-elite-en-finale-du-challenge-espoirs\/\",\"name\":\"Le Groupe \u00c9lite en finale du Challenge Espoirs - La Diagonale\",\"isPartOf\":{\"@id\":\"https:\/\/www.ladiagonale.net\/#website\"},\"datePublished\":\"2025-05-04T16:57:32+00:00\",\"dateModified\":\"2025-05-04T16:57:33+00:00\",\"author\":{\"@id\":\"https:\/\/www.ladiagonale.net\/#\/schema\/person\/79ff1e7b0853ed01b2aa26e64ad300bf\"},\"breadcrumb\":{\"@id\":\"https:\/\/www.ladiagonale.net\/index.php\/2025\/05\/04\/le-groupe-elite-en-finale-du-challenge-espoirs\/#breadcrumb\"},\"inLanguage\":\"fr-FR\",\"potentialAction\":[{\"@type\":\"ReadAction\",\"target\":[\"https:\/\/www.ladiagonale.net\/index.php\/2025\/05\/04\/le-groupe-elite-en-finale-du-challenge-espoirs\/\"]}]},{\"@type\":\"BreadcrumbList\",\"@id\":\"https:\/\/www.ladiagonale.net\/index.php\/2025\/05\/04\/le-groupe-elite-en-finale-du-challenge-espoirs\/#breadcrumb\",\"itemListElement\":[{\"@type\":\"ListItem\",\"position\":1,\"name\":\"Accueil\",\"item\":\"https:\/\/www.ladiagonale.net\/\"},{\"@type\":\"ListItem\",\"position\":2,\"name\":\"Le Groupe \u00c9lite en finale du Challenge Espoirs\"}]},{\"@type\":\"WebSite\",\"@id\":\"https:\/\/www.ladiagonale.net\/#website\",\"url\":\"https:\/\/www.ladiagonale.net\/\",\"name\":\"La Diagonale\",\"description\":\"Le site des supporters de l&#039;AS Monaco FC\",\"potentialAction\":[{\"@type\":\"SearchAction\",\"target\":{\"@type\":\"EntryPoint\",\"urlTemplate\":\"https:\/\/www.ladiagonale.net\/?s={search_term_string}\"},\"query-input\":\"required name=search_term_string\"}],\"inLanguage\":\"fr-FR\"},{\"@type\":\"Person\",\"@id\":\"https:\/\/www.ladiagonale.net\/#\/schema\/person\/79ff1e7b0853ed01b2aa26e64ad300bf\",\"name\":\"Damien Dellerba\",\"image\":{\"@type\":\"ImageObject\",\"inLanguage\":\"fr-FR\",\"@id\":\"https:\/\/www.ladiagonale.net\/#\/schema\/person\/image\/\",\"url\":\"https:\/\/secure.gravatar.com\/avatar\/c7850e06d3ff63cdbaee88b7fc16e2f0?s=96&d=mm&r=g\",\"contentUrl\":\"https:\/\/secure.gravatar.com\/avatar\/c7850e06d3ff63cdbaee88b7fc16e2f0?s=96&d=mm&r=g\",\"caption\":\"Damien Dellerba\"},\"url\":\"https:\/\/www.ladiagonale.net\/index.php\/author\/damien\/\"}]}<\/script>\n<!-- \/ Yoast SEO plugin. -->","yoast_head_json":{"title":"Le Groupe \u00c9lite en finale du Challenge Espoirs - La Diagonale","robots":{"index":"index","follow":"follow","max-snippet":"max-snippet:-1","max-image-preview":"max-image-preview:large","max-video-preview":"max-video-preview:-1"},"canonical":"https:\/\/www.ladiagonale.net\/index.php\/2025\/05\/04\/le-groupe-elite-en-finale-du-challenge-espoirs\/","og_locale":"fr_FR","og_type":"article","og_title":"Le Groupe \u00c9lite en finale du Challenge Espoirs - La Diagonale","og_description":"Les Mon\u00e9gasques de Djimi Traor\u00e9 n\u2019ont pas trembl\u00e9. Oppos\u00e9 \u00e0 l\u2019\u00e9quipe r\u00e9serve de Montpellier en demi-finale du Challenge Espoirs au stade Louis-II ce dimanche, le Groupe \u00c9lite de l\u2019AS Monaco s\u2019est qualifi\u00e9 pour la finale. Les Rouge et Blanc se sont impos\u00e9s (3-1) gr\u00e2ce \u00e0 un doubl\u00e9 de George Ilenikhena et un autre but de [...]","og_url":"https:\/\/www.ladiagonale.net\/index.php\/2025\/05\/04\/le-groupe-elite-en-finale-du-challenge-espoirs\/","og_site_name":"La Diagonale","article_published_time":"2025-05-04T16:57:32+00:00","article_modified_time":"2025-05-04T16:57:33+00:00","og_image":[{"width":1160,"height":650,"url":"https:\/\/www.ladiagonale.net\/wp-content\/uploads\/2025\/02\/Ilenikhena-Nantes.png","type":"image\/png"}],"author":"Damien Dellerba","twitter_card":"summary_large_image","twitter_image":"https:\/\/www.ladiagonale.net\/wp-content\/uploads\/2025\/02\/Ilenikhena-Nantes.png","twitter_misc":{"\u00c9crit par":"Damien Dellerba","Dur\u00e9e de lecture estim\u00e9e":"2 minutes"},"schema":{"@context":"https:\/\/schema.org","@graph":[{"@type":"WebPage","@id":"https:\/\/www.ladiagonale.net\/index.php\/2025\/05\/04\/le-groupe-elite-en-finale-du-challenge-espoirs\/","url":"https:\/\/www.ladiagonale.net\/index.php\/2025\/05\/04\/le-groupe-elite-en-finale-du-challenge-espoirs\/","name":"Le Groupe \u00c9lite en finale du Challenge Espoirs - La Diagonale","isPartOf":{"@id":"https:\/\/www.ladiagonale.net\/#website"},"datePublished":"2025-05-04T16:57:32+00:00","dateModified":"2025-05-04T16:57:33+00:00","author":{"@id":"https:\/\/www.ladiagonale.net\/#\/schema\/person\/79ff1e7b0853ed01b2aa26e64ad300bf"},"breadcrumb":{"@id":"https:\/\/www.ladiagonale.net\/index.php\/2025\/05\/04\/le-groupe-elite-en-finale-du-challenge-espoirs\/#breadcrumb"},"inLanguage":"fr-FR","potentialAction":[{"@type":"ReadAction","target":["https:\/\/www.ladiagonale.net\/index.php\/2025\/05\/04\/le-groupe-elite-en-finale-du-challenge-espoirs\/"]}]},{"@type":"BreadcrumbList","@id":"https:\/\/www.ladiagonale.net\/index.php\/2025\/05\/04\/le-groupe-elite-en-finale-du-challenge-espoirs\/#breadcrumb","itemListElement":[{"@type":"ListItem","position":1,"name":"Accueil","item":"https:\/\/www.ladiagonale.net\/"},{"@type":"ListItem","position":2,"name":"Le Groupe \u00c9lite en finale du Challenge Espoirs"}]},{"@type":"WebSite","@id":"https:\/\/www.ladiagonale.net\/#website","url":"https:\/\/www.ladiagonale.net\/","name":"La Diagonale","description":"Le site des supporters de l&#039;AS Monaco FC","potentialAction":[{"@type":"SearchAction","target":{"@type":"EntryPoint","urlTemplate":"https:\/\/www.ladiagonale.net\/?s={search_term_string}"},"query-input":"required name=search_term_string"}],"inLanguage":"fr-FR"},{"@type":"Person","@id":"https:\/\/www.ladiagonale.net\/#\/schema\/person\/79ff1e7b0853ed01b2aa26e64ad300bf","name":"Damien Dellerba","image":{"@type":"ImageObject","inLanguage":"fr-FR","@id":"https:\/\/www.ladiagonale.net\/#\/schema\/person\/image\/","url":"https:\/\/secure.gravatar.com\/avatar\/c7850e06d3ff63cdbaee88b7fc16e2f0?s=96&d=mm&r=g","contentUrl":"https:\/\/secure.gravatar.com\/avatar\/c7850e06d3ff63cdbaee88b7fc16e2f0?s=96&d=mm&r=g","caption":"Damien Dellerba"},"url":"https:\/\/www.ladiagonale.net\/index.php\/author\/damien\/"}]}},"_links":{"self":[{"href":"https:\/\/www.ladiagonale.net\/index.php\/wp-json\/wp\/v2\/posts\/31317"}],"collection":[{"href":"https:\/\/www.ladiagonale.net\/index.php\/wp-json\/wp\/v2\/posts"}],"about":[{"href":"https:\/\/www.ladiagonale.net\/index.php\/wp-json\/wp\/v2\/types\/post"}],"author":[{"embeddable":true,"href":"https:\/\/www.ladiagonale.net\/index.php\/wp-json\/wp\/v2\/users\/2"}],"replies":[{"embeddable":true,"href":"https:\/\/www.ladiagonale.net\/index.php\/wp-json\/wp\/v2\/comments?post=31317"}],"version-history":[{"count":1,"href":"https:\/\/www.ladiagonale.net\/index.php\/wp-json\/wp\/v2\/posts\/31317\/revisions"}],"predecessor-version":[{"id":31318,"href":"https:\/\/www.ladiagonale.net\/index.php\/wp-json\/wp\/v2\/posts\/31317\/revisions\/31318"}],"wp:attachment":[{"href":"https:\/\/www.ladiagonale.net\/index.php\/wp-json\/wp\/v2\/media?parent=31317"}],"wp:term":[{"taxonomy":"category","embeddable":true,"href":"https:\/\/www.ladiagonale.net\/index.php\/wp-json\/wp\/v2\/categories?post=31317"},{"taxonomy":"post_tag","embeddable":true,"href":"https:\/\/www.ladiagonale.net\/index.php\/wp-json\/wp\/v2\/tags?post=31317"}],"curies":[{"name":"wp","href":"https:\/\/api.w.org\/{rel}","templated":true}]}}