{"id":31349,"date":"2025-05-07T08:10:00","date_gmt":"2025-05-07T06:10:00","guid":{"rendered":"https:\/\/www.ladiagonale.net\/?p=31349"},"modified":"2025-05-07T02:49:57","modified_gmt":"2025-05-07T00:49:57","slug":"les-scenarios-de-la-course-a-leurope","status":"publish","type":"post","link":"https:\/\/www.ladiagonale.net\/index.php\/2025\/05\/07\/les-scenarios-de-la-course-a-leurope\/","title":{"rendered":"Les sc\u00e9narios de la course \u00e0 l\u2019Europe"},"content":{"rendered":"\n\n\n<p>Il ne reste que deux journ\u00e9es \u00e0 disputer dans cet exercice 2024-2025 et l\u2019AS Monaco s\u2019est bien replac\u00e9e pour la course \u00e0 la Ligue des champions le week-end dernier en battant Saint-\u00c9tienne. Sixi\u00e8me avant le coup d\u2019envoi de sa propre rencontre, apr\u00e8s les victoires de Nice <em>(1-0 contre Reims) <\/em>et de Strasbourg <em>(2-1 face au PSG)<\/em>, le club de la Principaut\u00e9 s\u2019est hiss\u00e9 au deuxi\u00e8me rang \u00e0 l\u2019issue de son match, avant d\u2019achever cette ant\u00e9p\u00e9nulti\u00e8me lev\u00e9e sur la troisi\u00e8me marche du podium apr\u00e8s le nul entre Lille et Marseille (1-1), dimanche.<\/p>\n\n\n\n<p>Si l&rsquo;ASM a r\u00e9alis\u00e9 une tr\u00e8s bonne op\u00e9ration, alors qu&rsquo;elle \u00e9tait tomb\u00e9e du podium au profit du LOSC lors de la journ\u00e9e pr\u00e9c\u00e9dente apr\u00e8s son nul au Havre (1-1), elle est paradoxalement l&rsquo;\u00e9quipe qui a pris le moins de points sur les cinq derni\u00e8res journ\u00e9es par rapport \u00e0 la concurrence. Les hommes d&rsquo;Adi H\u00fctter ont gagn\u00e9 8 points sur 15 possibles quand Lyon en a pris 9, et Marseille, Nice et Lille en ont obtenu 10. Avec 11 unit\u00e9s, Strasbourg est l&rsquo;\u00e9quipe la plus performante. De quoi inciter \u00e0 la prudence tout de m\u00eame, alors que les \u00e9ch\u00e9ances \u00e0 venir n&rsquo;ont rien d&rsquo;\u00e9vident.<\/p>\n\n\n\n<h3>L\u2019Europe assur\u00e9e en cas de nul contre l\u2019OL<\/h3>\n\n\n\n<p>Les Rouge et Blanc auront encore deux virages d\u00e9licats \u00e0 n\u00e9gocier dans ce sprint final, et tout particuli\u00e8rement ce samedi, avec la r\u00e9ception de l\u2019Olympique Lyonnais. La formation rhodanienne (7<sup>e<\/sup>), rel\u00e9gu\u00e9e \u00e0 quatre longueurs de l\u2019ASM apr\u00e8s sa d\u00e9route face \u00e0 Lens (1-2), jouera son va-tout au stade Louis-II. En difficult\u00e9 sur le plan financier, la crainte de voir le septuple champion de France sombrer administrativement dans les cat\u00e9gories inf\u00e9rieures sans l&rsquo;argent frais d&rsquo;une qualification en C1 est r\u00e9elle, ce qui pourrait bien d\u00e9cupler la motivation des Gones pour essayer de prendre trois points en Principaut\u00e9.<\/p>\n\n\n\n<p>Les Mon\u00e9gasques peuvent n\u00e9anmoins \u00e9carter d\u00e9finitivement l\u2019OL de la course \u00e0 la Ligue des champions, tout en s\u00e9curisant une place europ\u00e9enne en cas de match nul, samedi. Ils seraient alors assur\u00e9s de terminer au moins \u00e0 la 6<sup>e<\/sup> place, celle qui donne acc\u00e8s aux barrages de la Ligue Conf\u00e9rence (C4). Mais cela pourrait \u00eatre amen\u00e9 \u00e0 \u00e9voluer en cas de victoire du PSG contre Reims en finale de Coupe de France, le 24 mai. Auquel cas, la sixi\u00e8me place offrirait un ticket pour la phase de ligue de la Ligue Europa et la 7<sup>e<\/sup> serait qualificative pour la phase de barrages de la C4. Autant dire que les chances de l\u2019ASM de disputer une Coupe d\u2019Europe sont \u00e9lev\u00e9es.<\/p>\n\n\n\n<h3>Monaco peut acter sa qualification en C1 d\u00e8s samedi<\/h3>\n\n\n\n<p>Mais pour s\u2019assurer d\u2019un avenir europ\u00e9en, il est pr\u00e9f\u00e9rable que les Mon\u00e9gasques remportent leurs deux derniers matches. Dans le cas o\u00f9 Monaco enl\u00e8verait le choc face \u00e0 Lyon, une qualification directe pour la Ligue des champions serait possible, \u00e0 condition que toutes les plan\u00e8tes s\u2019alignent. Pour cela, il faudrait que Nice, Lille et Strasbourg perdent tous trois lors de leur d\u00e9placement, respectivement \u00e0 Rennes, Brest et Angers. Les As\u00e9mistes compteraient alors quatre points d\u2019avance sur ses trois poursuivants et ne pourraient plus \u00eatre rattrap\u00e9s.<\/p>\n\n\n\n<p>Dans le cas o\u00f9 les trois concurrents directs conc\u00e9deraient un nul, l\u2019ASM ne pourrait pas encore f\u00eater sa qualification pour la C1, m\u00eame en battant Lyon, puisqu&rsquo;ils seraient en capacit\u00e9 de rejoindre l\u2019\u00e9quipe du Rocher et \u00e9galiser son nombre de points \u00e0 la derni\u00e8re journ\u00e9e. Si un sc\u00e9nario d&rsquo;\u00e9galit\u00e9 survenait \u00e0 la 34<sup>e<\/sup> et ultime lev\u00e9e, le d\u00e9partage se ferait dans un premier temps \u00e0 la diff\u00e9rence de buts, et celle-ci reste pour l&rsquo;instant \u00e0 l&rsquo;avantage des hommes d&rsquo;H\u00fctter.<\/p>\n\n\n\n<div class=\"wp-container-2 wp-block-group\"><div class=\"wp-block-group__inner-container\">\n<div class=\"wp-container-1 wp-block-group has-cyan-bluish-gray-background-color has-background\"><div class=\"wp-block-group__inner-container\">\n<h4 class=\"has-text-align-center\">Les sc\u00e9narios possibles de la 33<sup>e<\/sup> journ\u00e9e<\/h4>\n\n\n\n<p><strong>Monaco directement qualifi\u00e9 en C1 ce samedi, si\u2026<\/strong><\/p>\n\n\n\n<ul><li>Il bat Lyon et que Nice, Lille et Strasbourg perdent<\/li><\/ul>\n\n\n\n<p><strong>Monaco assur\u00e9 de disputer les barrages de la C1 ce samedi, si&#8230;<\/strong><\/p>\n\n\n\n<ul><li>Il bat Lyon et que deux des trois \u00e9quipes entre Nice, Lille et Strasbourg perdent<\/li><\/ul>\n\n\n\n<p><strong>Monaco assur\u00e9 d&rsquo;\u00eatre qualifi\u00e9 en C3 ce samedi, si\u2026<\/strong><\/p>\n\n\n\n<ul><li>Il bat Lyon et qu&rsquo;une des trois \u00e9quipes entre Nice, Lille et Strasbourg perd<\/li><\/ul>\n\n\n\n<p><strong>Monaco assur\u00e9 de se qualifier pour les barrages de la C4 ce samedi, si\u2026<\/strong><\/p>\n\n\n\n<ul><li>Il bat ou fait match nul contre Lyon<\/li><\/ul>\n<\/div><\/div>\n<\/div><\/div>\n\n\n\n<h3>Et si Monaco perd ses deux derniers matches ?<\/h3>\n\n\n\n<p>Le pire des sc\u00e9narios serait de voir l\u2019ASM perdre ses deux derni\u00e8res rencontres, contre Lyon et Lens, et que ses adversaires engrangent assez de points pour la doubler. Les Rouge et Blanc resteraient donc coinc\u00e9s \u00e0 un total de 58 points et ils pourraient tomber jusqu&rsquo;\u00e0 la 7<sup>e<\/sup> place. Dans ce cas de figure, il n&rsquo;y aurait pas de qualification europ\u00e9enne, \u00e0 moins que le PSG ne fasse respecter la hi\u00e9rarchie \u00e0 l&rsquo;occasion de la finale de la Coupe de France, ce qui sauverait les meubles avec une participation in extremis en C4.<\/p>\n","protected":false},"excerpt":{"rendered":"<p>Il ne reste que deux journ\u00e9es \u00e0 disputer dans cet exercice 2024-2025 et l\u2019AS Monaco s\u2019est bien replac\u00e9e pour la course \u00e0 la Ligue des champions le week-end dernier en battant Saint-\u00c9tienne. Sixi\u00e8me avant le coup d\u2019envoi de sa propre rencontre, apr\u00e8s les victoires de Nice (1-0 contre Reims) et de Strasbourg (2-1 face au [&#8230;]\n","protected":false},"author":2,"featured_media":31350,"comment_status":"open","ping_status":"open","sticky":false,"template":"","format":"standard","meta":[],"categories":[5,6],"tags":[86,94,287,442],"yoast_head":"<!-- This site is optimized with the Yoast SEO plugin v19.8 - https:\/\/yoast.com\/wordpress\/plugins\/seo\/ -->\n<title>Les sc\u00e9narios de la course \u00e0 l\u2019Europe - La Diagonale<\/title>\n<meta name=\"robots\" content=\"index, follow, max-snippet:-1, max-image-preview:large, max-video-preview:-1\" \/>\n<link rel=\"canonical\" href=\"https:\/\/www.ladiagonale.net\/index.php\/2025\/05\/07\/les-scenarios-de-la-course-a-leurope\/\" \/>\n<meta property=\"og:locale\" content=\"fr_FR\" \/>\n<meta property=\"og:type\" content=\"article\" \/>\n<meta property=\"og:title\" content=\"Les sc\u00e9narios de la course \u00e0 l\u2019Europe - La Diagonale\" \/>\n<meta property=\"og:description\" content=\"Il ne reste que deux journ\u00e9es \u00e0 disputer dans cet exercice 2024-2025 et l\u2019AS Monaco s\u2019est bien replac\u00e9e pour la course \u00e0 la Ligue des champions le week-end dernier en battant Saint-\u00c9tienne. Sixi\u00e8me avant le coup d\u2019envoi de sa propre rencontre, apr\u00e8s les victoires de Nice (1-0 contre Reims) et de Strasbourg (2-1 face au [...]\" \/>\n<meta property=\"og:url\" content=\"https:\/\/www.ladiagonale.net\/index.php\/2025\/05\/07\/les-scenarios-de-la-course-a-leurope\/\" \/>\n<meta property=\"og:site_name\" content=\"La Diagonale\" \/>\n<meta property=\"article:published_time\" content=\"2025-05-07T06:10:00+00:00\" \/>\n<meta property=\"article:modified_time\" content=\"2025-05-07T00:49:57+00:00\" \/>\n<meta property=\"og:image\" content=\"https:\/\/www.ladiagonale.net\/wp-content\/uploads\/2025\/05\/course-europe2.png\" \/>\n\t<meta property=\"og:image:width\" content=\"1160\" \/>\n\t<meta property=\"og:image:height\" content=\"650\" \/>\n\t<meta property=\"og:image:type\" content=\"image\/png\" \/>\n<meta name=\"author\" content=\"Damien Dellerba\" \/>\n<meta name=\"twitter:card\" content=\"summary_large_image\" \/>\n<meta name=\"twitter:image\" content=\"https:\/\/www.ladiagonale.net\/wp-content\/uploads\/2025\/05\/course-europe2.png\" \/>\n<meta name=\"twitter:label1\" content=\"\u00c9crit par\" \/>\n\t<meta name=\"twitter:data1\" content=\"Damien Dellerba\" \/>\n\t<meta name=\"twitter:label2\" content=\"Dur\u00e9e de lecture estim\u00e9e\" \/>\n\t<meta name=\"twitter:data2\" content=\"5 minutes\" \/>\n<script type=\"application\/ld+json\" class=\"yoast-schema-graph\">{\"@context\":\"https:\/\/schema.org\",\"@graph\":[{\"@type\":\"WebPage\",\"@id\":\"https:\/\/www.ladiagonale.net\/index.php\/2025\/05\/07\/les-scenarios-de-la-course-a-leurope\/\",\"url\":\"https:\/\/www.ladiagonale.net\/index.php\/2025\/05\/07\/les-scenarios-de-la-course-a-leurope\/\",\"name\":\"Les sc\u00e9narios de la course \u00e0 l\u2019Europe - La Diagonale\",\"isPartOf\":{\"@id\":\"https:\/\/www.ladiagonale.net\/#website\"},\"datePublished\":\"2025-05-07T06:10:00+00:00\",\"dateModified\":\"2025-05-07T00:49:57+00:00\",\"author\":{\"@id\":\"https:\/\/www.ladiagonale.net\/#\/schema\/person\/79ff1e7b0853ed01b2aa26e64ad300bf\"},\"breadcrumb\":{\"@id\":\"https:\/\/www.ladiagonale.net\/index.php\/2025\/05\/07\/les-scenarios-de-la-course-a-leurope\/#breadcrumb\"},\"inLanguage\":\"fr-FR\",\"potentialAction\":[{\"@type\":\"ReadAction\",\"target\":[\"https:\/\/www.ladiagonale.net\/index.php\/2025\/05\/07\/les-scenarios-de-la-course-a-leurope\/\"]}]},{\"@type\":\"BreadcrumbList\",\"@id\":\"https:\/\/www.ladiagonale.net\/index.php\/2025\/05\/07\/les-scenarios-de-la-course-a-leurope\/#breadcrumb\",\"itemListElement\":[{\"@type\":\"ListItem\",\"position\":1,\"name\":\"Accueil\",\"item\":\"https:\/\/www.ladiagonale.net\/\"},{\"@type\":\"ListItem\",\"position\":2,\"name\":\"Les sc\u00e9narios de la course \u00e0 l\u2019Europe\"}]},{\"@type\":\"WebSite\",\"@id\":\"https:\/\/www.ladiagonale.net\/#website\",\"url\":\"https:\/\/www.ladiagonale.net\/\",\"name\":\"La Diagonale\",\"description\":\"Le site des supporters de l&#039;AS Monaco FC\",\"potentialAction\":[{\"@type\":\"SearchAction\",\"target\":{\"@type\":\"EntryPoint\",\"urlTemplate\":\"https:\/\/www.ladiagonale.net\/?s={search_term_string}\"},\"query-input\":\"required name=search_term_string\"}],\"inLanguage\":\"fr-FR\"},{\"@type\":\"Person\",\"@id\":\"https:\/\/www.ladiagonale.net\/#\/schema\/person\/79ff1e7b0853ed01b2aa26e64ad300bf\",\"name\":\"Damien Dellerba\",\"image\":{\"@type\":\"ImageObject\",\"inLanguage\":\"fr-FR\",\"@id\":\"https:\/\/www.ladiagonale.net\/#\/schema\/person\/image\/\",\"url\":\"https:\/\/secure.gravatar.com\/avatar\/c7850e06d3ff63cdbaee88b7fc16e2f0?s=96&d=mm&r=g\",\"contentUrl\":\"https:\/\/secure.gravatar.com\/avatar\/c7850e06d3ff63cdbaee88b7fc16e2f0?s=96&d=mm&r=g\",\"caption\":\"Damien Dellerba\"},\"url\":\"https:\/\/www.ladiagonale.net\/index.php\/author\/damien\/\"}]}<\/script>\n<!-- \/ Yoast SEO plugin. -->","yoast_head_json":{"title":"Les sc\u00e9narios de la course \u00e0 l\u2019Europe - La Diagonale","robots":{"index":"index","follow":"follow","max-snippet":"max-snippet:-1","max-image-preview":"max-image-preview:large","max-video-preview":"max-video-preview:-1"},"canonical":"https:\/\/www.ladiagonale.net\/index.php\/2025\/05\/07\/les-scenarios-de-la-course-a-leurope\/","og_locale":"fr_FR","og_type":"article","og_title":"Les sc\u00e9narios de la course \u00e0 l\u2019Europe - La Diagonale","og_description":"Il ne reste que deux journ\u00e9es \u00e0 disputer dans cet exercice 2024-2025 et l\u2019AS Monaco s\u2019est bien replac\u00e9e pour la course \u00e0 la Ligue des champions le week-end dernier en battant Saint-\u00c9tienne. Sixi\u00e8me avant le coup d\u2019envoi de sa propre rencontre, apr\u00e8s les victoires de Nice (1-0 contre Reims) et de Strasbourg (2-1 face au [...]","og_url":"https:\/\/www.ladiagonale.net\/index.php\/2025\/05\/07\/les-scenarios-de-la-course-a-leurope\/","og_site_name":"La Diagonale","article_published_time":"2025-05-07T06:10:00+00:00","article_modified_time":"2025-05-07T00:49:57+00:00","og_image":[{"width":1160,"height":650,"url":"https:\/\/www.ladiagonale.net\/wp-content\/uploads\/2025\/05\/course-europe2.png","type":"image\/png"}],"author":"Damien Dellerba","twitter_card":"summary_large_image","twitter_image":"https:\/\/www.ladiagonale.net\/wp-content\/uploads\/2025\/05\/course-europe2.png","twitter_misc":{"\u00c9crit par":"Damien Dellerba","Dur\u00e9e de lecture estim\u00e9e":"5 minutes"},"schema":{"@context":"https:\/\/schema.org","@graph":[{"@type":"WebPage","@id":"https:\/\/www.ladiagonale.net\/index.php\/2025\/05\/07\/les-scenarios-de-la-course-a-leurope\/","url":"https:\/\/www.ladiagonale.net\/index.php\/2025\/05\/07\/les-scenarios-de-la-course-a-leurope\/","name":"Les sc\u00e9narios de la course \u00e0 l\u2019Europe - La Diagonale","isPartOf":{"@id":"https:\/\/www.ladiagonale.net\/#website"},"datePublished":"2025-05-07T06:10:00+00:00","dateModified":"2025-05-07T00:49:57+00:00","author":{"@id":"https:\/\/www.ladiagonale.net\/#\/schema\/person\/79ff1e7b0853ed01b2aa26e64ad300bf"},"breadcrumb":{"@id":"https:\/\/www.ladiagonale.net\/index.php\/2025\/05\/07\/les-scenarios-de-la-course-a-leurope\/#breadcrumb"},"inLanguage":"fr-FR","potentialAction":[{"@type":"ReadAction","target":["https:\/\/www.ladiagonale.net\/index.php\/2025\/05\/07\/les-scenarios-de-la-course-a-leurope\/"]}]},{"@type":"BreadcrumbList","@id":"https:\/\/www.ladiagonale.net\/index.php\/2025\/05\/07\/les-scenarios-de-la-course-a-leurope\/#breadcrumb","itemListElement":[{"@type":"ListItem","position":1,"name":"Accueil","item":"https:\/\/www.ladiagonale.net\/"},{"@type":"ListItem","position":2,"name":"Les sc\u00e9narios de la course \u00e0 l\u2019Europe"}]},{"@type":"WebSite","@id":"https:\/\/www.ladiagonale.net\/#website","url":"https:\/\/www.ladiagonale.net\/","name":"La Diagonale","description":"Le site des supporters de l&#039;AS Monaco FC","potentialAction":[{"@type":"SearchAction","target":{"@type":"EntryPoint","urlTemplate":"https:\/\/www.ladiagonale.net\/?s={search_term_string}"},"query-input":"required name=search_term_string"}],"inLanguage":"fr-FR"},{"@type":"Person","@id":"https:\/\/www.ladiagonale.net\/#\/schema\/person\/79ff1e7b0853ed01b2aa26e64ad300bf","name":"Damien Dellerba","image":{"@type":"ImageObject","inLanguage":"fr-FR","@id":"https:\/\/www.ladiagonale.net\/#\/schema\/person\/image\/","url":"https:\/\/secure.gravatar.com\/avatar\/c7850e06d3ff63cdbaee88b7fc16e2f0?s=96&d=mm&r=g","contentUrl":"https:\/\/secure.gravatar.com\/avatar\/c7850e06d3ff63cdbaee88b7fc16e2f0?s=96&d=mm&r=g","caption":"Damien Dellerba"},"url":"https:\/\/www.ladiagonale.net\/index.php\/author\/damien\/"}]}},"_links":{"self":[{"href":"https:\/\/www.ladiagonale.net\/index.php\/wp-json\/wp\/v2\/posts\/31349"}],"collection":[{"href":"https:\/\/www.ladiagonale.net\/index.php\/wp-json\/wp\/v2\/posts"}],"about":[{"href":"https:\/\/www.ladiagonale.net\/index.php\/wp-json\/wp\/v2\/types\/post"}],"author":[{"embeddable":true,"href":"https:\/\/www.ladiagonale.net\/index.php\/wp-json\/wp\/v2\/users\/2"}],"replies":[{"embeddable":true,"href":"https:\/\/www.ladiagonale.net\/index.php\/wp-json\/wp\/v2\/comments?post=31349"}],"version-history":[{"count":3,"href":"https:\/\/www.ladiagonale.net\/index.php\/wp-json\/wp\/v2\/posts\/31349\/revisions"}],"predecessor-version":[{"id":31363,"href":"https:\/\/www.ladiagonale.net\/index.php\/wp-json\/wp\/v2\/posts\/31349\/revisions\/31363"}],"wp:featuredmedia":[{"embeddable":true,"href":"https:\/\/www.ladiagonale.net\/index.php\/wp-json\/wp\/v2\/media\/31350"}],"wp:attachment":[{"href":"https:\/\/www.ladiagonale.net\/index.php\/wp-json\/wp\/v2\/media?parent=31349"}],"wp:term":[{"taxonomy":"category","embeddable":true,"href":"https:\/\/www.ladiagonale.net\/index.php\/wp-json\/wp\/v2\/categories?post=31349"},{"taxonomy":"post_tag","embeddable":true,"href":"https:\/\/www.ladiagonale.net\/index.php\/wp-json\/wp\/v2\/tags?post=31349"}],"curies":[{"name":"wp","href":"https:\/\/api.w.org\/{rel}","templated":true}]}}