{"id":31364,"date":"2025-05-07T17:44:42","date_gmt":"2025-05-07T15:44:42","guid":{"rendered":"https:\/\/www.ladiagonale.net\/?p=31364"},"modified":"2025-05-07T17:44:42","modified_gmt":"2025-05-07T15:44:42","slug":"akliouche-en-lice-pour-le-but-de-la-saison-en-l1","status":"publish","type":"post","link":"https:\/\/www.ladiagonale.net\/index.php\/2025\/05\/07\/akliouche-en-lice-pour-le-but-de-la-saison-en-l1\/","title":{"rendered":"Akliouche en lice pour le but de la saison en L1"},"content":{"rendered":"\n<p>Si Maghnes Akliouche n&rsquo;a \u00e9t\u00e9 nomm\u00e9 dans aucune cat\u00e9gorie pour les troph\u00e9es UNFP, au contraire <a href=\"https:\/\/www.ladiagonale.net\/index.php\/2025\/04\/30\/hutter-et-ben-seghir-nommes-pour-les-trophees-unfp\/\">d&rsquo;Eliesse Ben Seghir et Adi H\u00fctter<\/a>, il aura tout de m\u00eame l&rsquo;occasion de remporter un troph\u00e9e. Gr\u00e2ce \u00e0 son superbe but inscrit contre Rennes <em>(3-2, le 25 janvier)<\/em>, d&rsquo;un retourn\u00e9 acrobatique vrill\u00e9, l&rsquo;international Espoirs concourt d\u00e9sormais pour remporter le Troph\u00e9e Just Fontaine, visant \u00e0 r\u00e9compenser le plus beau but de la saison en Ligue 1.<\/p>\n\n\n\n<p>Jusqu&rsquo;\u00e0 pr\u00e9sent, depuis la cr\u00e9ation de cette r\u00e9compense, aucun Mon\u00e9gasque ne l&rsquo;a jamais remport\u00e9. Pour Akliouche, il faudra faire mieux qu&rsquo;Amine Gouiri (Marseille), Est\u00e9ban Lepaul (Angers), Andrey Santos (Strasbourg) et Moses Simon (Nantes).<\/p>\n\n\n\n<p>Pour voter pour le but d&rsquo;Akliouche, c&rsquo;est <a href=\"https:\/\/www.tropheesunfp.com\/\" target=\"_blank\" rel=\"noreferrer noopener\">ici<\/a> <\/p>\n\n\n\n<blockquote class=\"twitter-tweet\" data-media-max-width=\"560\"><p lang=\"fr\" dir=\"ltr\">Le but de la saison ?!<br><br>\ud83d\udc68\u200d\ud83c\udfa8 <a href=\"https:\/\/twitter.com\/Nesmaar_A?ref_src=twsrc%5Etfw\">@Nesmaar_A<\/a> <a href=\"https:\/\/t.co\/sg5MtjlGLN\">pic.twitter.com\/sg5MtjlGLN<\/a><\/p>&mdash; AS Monaco \ud83c\uddf2\ud83c\udde8 (@AS_Monaco) <a href=\"https:\/\/twitter.com\/AS_Monaco\/status\/1883651380860325953?ref_src=twsrc%5Etfw\">January 26, 2025<\/a><\/blockquote> <script async src=\"https:\/\/platform.twitter.com\/widgets.js\" charset=\"utf-8\"><\/script> \n","protected":false},"excerpt":{"rendered":"<p>Si Maghnes Akliouche n&rsquo;a \u00e9t\u00e9 nomm\u00e9 dans aucune cat\u00e9gorie pour les troph\u00e9es UNFP, au contraire d&rsquo;Eliesse Ben Seghir et Adi H\u00fctter, il aura tout de m\u00eame l&rsquo;occasion de remporter un troph\u00e9e. Gr\u00e2ce \u00e0 son superbe but inscrit contre Rennes (3-2, le 25 janvier), d&rsquo;un retourn\u00e9 acrobatique vrill\u00e9, l&rsquo;international Espoirs concourt d\u00e9sormais pour remporter le Troph\u00e9e [&#8230;]\n","protected":false},"author":2,"featured_media":0,"comment_status":"open","ping_status":"open","sticky":false,"template":"","format":"standard","meta":[],"categories":[6],"tags":[86,94,190,1033,535],"yoast_head":"<!-- This site is optimized with the Yoast SEO plugin v19.8 - https:\/\/yoast.com\/wordpress\/plugins\/seo\/ -->\n<title>Akliouche en lice pour le but de la saison en L1 - La Diagonale<\/title>\n<meta name=\"robots\" content=\"index, follow, max-snippet:-1, max-image-preview:large, max-video-preview:-1\" \/>\n<link rel=\"canonical\" href=\"https:\/\/www.ladiagonale.net\/index.php\/2025\/05\/07\/akliouche-en-lice-pour-le-but-de-la-saison-en-l1\/\" \/>\n<meta property=\"og:locale\" content=\"fr_FR\" \/>\n<meta property=\"og:type\" content=\"article\" \/>\n<meta property=\"og:title\" content=\"Akliouche en lice pour le but de la saison en L1 - La Diagonale\" \/>\n<meta property=\"og:description\" content=\"Si Maghnes Akliouche n&rsquo;a \u00e9t\u00e9 nomm\u00e9 dans aucune cat\u00e9gorie pour les troph\u00e9es UNFP, au contraire d&rsquo;Eliesse Ben Seghir et Adi H\u00fctter, il aura tout de m\u00eame l&rsquo;occasion de remporter un troph\u00e9e. Gr\u00e2ce \u00e0 son superbe but inscrit contre Rennes (3-2, le 25 janvier), d&rsquo;un retourn\u00e9 acrobatique vrill\u00e9, l&rsquo;international Espoirs concourt d\u00e9sormais pour remporter le Troph\u00e9e [...]\" \/>\n<meta property=\"og:url\" content=\"https:\/\/www.ladiagonale.net\/index.php\/2025\/05\/07\/akliouche-en-lice-pour-le-but-de-la-saison-en-l1\/\" \/>\n<meta property=\"og:site_name\" content=\"La Diagonale\" \/>\n<meta property=\"article:published_time\" content=\"2025-05-07T15:44:42+00:00\" \/>\n<meta property=\"og:image\" content=\"https:\/\/www.ladiagonale.net\/wp-content\/uploads\/2025\/01\/Akliouche-Rennes.png\" \/>\n\t<meta property=\"og:image:width\" content=\"1160\" \/>\n\t<meta property=\"og:image:height\" content=\"650\" \/>\n\t<meta property=\"og:image:type\" content=\"image\/png\" \/>\n<meta name=\"author\" content=\"Damien Dellerba\" \/>\n<meta name=\"twitter:card\" content=\"summary_large_image\" \/>\n<meta name=\"twitter:image\" content=\"https:\/\/www.ladiagonale.net\/wp-content\/uploads\/2025\/01\/Akliouche-Rennes.png\" \/>\n<meta name=\"twitter:label1\" content=\"\u00c9crit par\" \/>\n\t<meta name=\"twitter:data1\" content=\"Damien Dellerba\" \/>\n\t<meta name=\"twitter:label2\" content=\"Dur\u00e9e de lecture estim\u00e9e\" \/>\n\t<meta name=\"twitter:data2\" content=\"1 minute\" \/>\n<script type=\"application\/ld+json\" class=\"yoast-schema-graph\">{\"@context\":\"https:\/\/schema.org\",\"@graph\":[{\"@type\":\"WebPage\",\"@id\":\"https:\/\/www.ladiagonale.net\/index.php\/2025\/05\/07\/akliouche-en-lice-pour-le-but-de-la-saison-en-l1\/\",\"url\":\"https:\/\/www.ladiagonale.net\/index.php\/2025\/05\/07\/akliouche-en-lice-pour-le-but-de-la-saison-en-l1\/\",\"name\":\"Akliouche en lice pour le but de la saison en L1 - La Diagonale\",\"isPartOf\":{\"@id\":\"https:\/\/www.ladiagonale.net\/#website\"},\"datePublished\":\"2025-05-07T15:44:42+00:00\",\"dateModified\":\"2025-05-07T15:44:42+00:00\",\"author\":{\"@id\":\"https:\/\/www.ladiagonale.net\/#\/schema\/person\/79ff1e7b0853ed01b2aa26e64ad300bf\"},\"breadcrumb\":{\"@id\":\"https:\/\/www.ladiagonale.net\/index.php\/2025\/05\/07\/akliouche-en-lice-pour-le-but-de-la-saison-en-l1\/#breadcrumb\"},\"inLanguage\":\"fr-FR\",\"potentialAction\":[{\"@type\":\"ReadAction\",\"target\":[\"https:\/\/www.ladiagonale.net\/index.php\/2025\/05\/07\/akliouche-en-lice-pour-le-but-de-la-saison-en-l1\/\"]}]},{\"@type\":\"BreadcrumbList\",\"@id\":\"https:\/\/www.ladiagonale.net\/index.php\/2025\/05\/07\/akliouche-en-lice-pour-le-but-de-la-saison-en-l1\/#breadcrumb\",\"itemListElement\":[{\"@type\":\"ListItem\",\"position\":1,\"name\":\"Accueil\",\"item\":\"https:\/\/www.ladiagonale.net\/\"},{\"@type\":\"ListItem\",\"position\":2,\"name\":\"Akliouche en lice pour le but de la saison en L1\"}]},{\"@type\":\"WebSite\",\"@id\":\"https:\/\/www.ladiagonale.net\/#website\",\"url\":\"https:\/\/www.ladiagonale.net\/\",\"name\":\"La Diagonale\",\"description\":\"Le site des supporters de l&#039;AS Monaco FC\",\"potentialAction\":[{\"@type\":\"SearchAction\",\"target\":{\"@type\":\"EntryPoint\",\"urlTemplate\":\"https:\/\/www.ladiagonale.net\/?s={search_term_string}\"},\"query-input\":\"required name=search_term_string\"}],\"inLanguage\":\"fr-FR\"},{\"@type\":\"Person\",\"@id\":\"https:\/\/www.ladiagonale.net\/#\/schema\/person\/79ff1e7b0853ed01b2aa26e64ad300bf\",\"name\":\"Damien Dellerba\",\"image\":{\"@type\":\"ImageObject\",\"inLanguage\":\"fr-FR\",\"@id\":\"https:\/\/www.ladiagonale.net\/#\/schema\/person\/image\/\",\"url\":\"https:\/\/secure.gravatar.com\/avatar\/c7850e06d3ff63cdbaee88b7fc16e2f0?s=96&d=mm&r=g\",\"contentUrl\":\"https:\/\/secure.gravatar.com\/avatar\/c7850e06d3ff63cdbaee88b7fc16e2f0?s=96&d=mm&r=g\",\"caption\":\"Damien Dellerba\"},\"url\":\"https:\/\/www.ladiagonale.net\/index.php\/author\/damien\/\"}]}<\/script>\n<!-- \/ Yoast SEO plugin. -->","yoast_head_json":{"title":"Akliouche en lice pour le but de la saison en L1 - La Diagonale","robots":{"index":"index","follow":"follow","max-snippet":"max-snippet:-1","max-image-preview":"max-image-preview:large","max-video-preview":"max-video-preview:-1"},"canonical":"https:\/\/www.ladiagonale.net\/index.php\/2025\/05\/07\/akliouche-en-lice-pour-le-but-de-la-saison-en-l1\/","og_locale":"fr_FR","og_type":"article","og_title":"Akliouche en lice pour le but de la saison en L1 - La Diagonale","og_description":"Si Maghnes Akliouche n&rsquo;a \u00e9t\u00e9 nomm\u00e9 dans aucune cat\u00e9gorie pour les troph\u00e9es UNFP, au contraire d&rsquo;Eliesse Ben Seghir et Adi H\u00fctter, il aura tout de m\u00eame l&rsquo;occasion de remporter un troph\u00e9e. Gr\u00e2ce \u00e0 son superbe but inscrit contre Rennes (3-2, le 25 janvier), d&rsquo;un retourn\u00e9 acrobatique vrill\u00e9, l&rsquo;international Espoirs concourt d\u00e9sormais pour remporter le Troph\u00e9e [...]","og_url":"https:\/\/www.ladiagonale.net\/index.php\/2025\/05\/07\/akliouche-en-lice-pour-le-but-de-la-saison-en-l1\/","og_site_name":"La Diagonale","article_published_time":"2025-05-07T15:44:42+00:00","og_image":[{"width":1160,"height":650,"url":"https:\/\/www.ladiagonale.net\/wp-content\/uploads\/2025\/01\/Akliouche-Rennes.png","type":"image\/png"}],"author":"Damien Dellerba","twitter_card":"summary_large_image","twitter_image":"https:\/\/www.ladiagonale.net\/wp-content\/uploads\/2025\/01\/Akliouche-Rennes.png","twitter_misc":{"\u00c9crit par":"Damien Dellerba","Dur\u00e9e de lecture estim\u00e9e":"1 minute"},"schema":{"@context":"https:\/\/schema.org","@graph":[{"@type":"WebPage","@id":"https:\/\/www.ladiagonale.net\/index.php\/2025\/05\/07\/akliouche-en-lice-pour-le-but-de-la-saison-en-l1\/","url":"https:\/\/www.ladiagonale.net\/index.php\/2025\/05\/07\/akliouche-en-lice-pour-le-but-de-la-saison-en-l1\/","name":"Akliouche en lice pour le but de la saison en L1 - La Diagonale","isPartOf":{"@id":"https:\/\/www.ladiagonale.net\/#website"},"datePublished":"2025-05-07T15:44:42+00:00","dateModified":"2025-05-07T15:44:42+00:00","author":{"@id":"https:\/\/www.ladiagonale.net\/#\/schema\/person\/79ff1e7b0853ed01b2aa26e64ad300bf"},"breadcrumb":{"@id":"https:\/\/www.ladiagonale.net\/index.php\/2025\/05\/07\/akliouche-en-lice-pour-le-but-de-la-saison-en-l1\/#breadcrumb"},"inLanguage":"fr-FR","potentialAction":[{"@type":"ReadAction","target":["https:\/\/www.ladiagonale.net\/index.php\/2025\/05\/07\/akliouche-en-lice-pour-le-but-de-la-saison-en-l1\/"]}]},{"@type":"BreadcrumbList","@id":"https:\/\/www.ladiagonale.net\/index.php\/2025\/05\/07\/akliouche-en-lice-pour-le-but-de-la-saison-en-l1\/#breadcrumb","itemListElement":[{"@type":"ListItem","position":1,"name":"Accueil","item":"https:\/\/www.ladiagonale.net\/"},{"@type":"ListItem","position":2,"name":"Akliouche en lice pour le but de la saison en L1"}]},{"@type":"WebSite","@id":"https:\/\/www.ladiagonale.net\/#website","url":"https:\/\/www.ladiagonale.net\/","name":"La Diagonale","description":"Le site des supporters de l&#039;AS Monaco FC","potentialAction":[{"@type":"SearchAction","target":{"@type":"EntryPoint","urlTemplate":"https:\/\/www.ladiagonale.net\/?s={search_term_string}"},"query-input":"required name=search_term_string"}],"inLanguage":"fr-FR"},{"@type":"Person","@id":"https:\/\/www.ladiagonale.net\/#\/schema\/person\/79ff1e7b0853ed01b2aa26e64ad300bf","name":"Damien Dellerba","image":{"@type":"ImageObject","inLanguage":"fr-FR","@id":"https:\/\/www.ladiagonale.net\/#\/schema\/person\/image\/","url":"https:\/\/secure.gravatar.com\/avatar\/c7850e06d3ff63cdbaee88b7fc16e2f0?s=96&d=mm&r=g","contentUrl":"https:\/\/secure.gravatar.com\/avatar\/c7850e06d3ff63cdbaee88b7fc16e2f0?s=96&d=mm&r=g","caption":"Damien Dellerba"},"url":"https:\/\/www.ladiagonale.net\/index.php\/author\/damien\/"}]}},"_links":{"self":[{"href":"https:\/\/www.ladiagonale.net\/index.php\/wp-json\/wp\/v2\/posts\/31364"}],"collection":[{"href":"https:\/\/www.ladiagonale.net\/index.php\/wp-json\/wp\/v2\/posts"}],"about":[{"href":"https:\/\/www.ladiagonale.net\/index.php\/wp-json\/wp\/v2\/types\/post"}],"author":[{"embeddable":true,"href":"https:\/\/www.ladiagonale.net\/index.php\/wp-json\/wp\/v2\/users\/2"}],"replies":[{"embeddable":true,"href":"https:\/\/www.ladiagonale.net\/index.php\/wp-json\/wp\/v2\/comments?post=31364"}],"version-history":[{"count":1,"href":"https:\/\/www.ladiagonale.net\/index.php\/wp-json\/wp\/v2\/posts\/31364\/revisions"}],"predecessor-version":[{"id":31365,"href":"https:\/\/www.ladiagonale.net\/index.php\/wp-json\/wp\/v2\/posts\/31364\/revisions\/31365"}],"wp:attachment":[{"href":"https:\/\/www.ladiagonale.net\/index.php\/wp-json\/wp\/v2\/media?parent=31364"}],"wp:term":[{"taxonomy":"category","embeddable":true,"href":"https:\/\/www.ladiagonale.net\/index.php\/wp-json\/wp\/v2\/categories?post=31364"},{"taxonomy":"post_tag","embeddable":true,"href":"https:\/\/www.ladiagonale.net\/index.php\/wp-json\/wp\/v2\/tags?post=31364"}],"curies":[{"name":"wp","href":"https:\/\/api.w.org\/{rel}","templated":true}]}}