{"id":31368,"date":"2025-05-08T13:56:26","date_gmt":"2025-05-08T11:56:26","guid":{"rendered":"https:\/\/www.ladiagonale.net\/?p=31368"},"modified":"2025-05-08T13:56:27","modified_gmt":"2025-05-08T11:56:27","slug":"benchaouch-et-le-maroc-eliminent-la-tunisie-de-dendani-a-la-can-u20","status":"publish","type":"post","link":"https:\/\/www.ladiagonale.net\/index.php\/2025\/05\/08\/benchaouch-et-le-maroc-eliminent-la-tunisie-de-dendani-a-la-can-u20\/","title":{"rendered":"Benchaouch et le Maroc \u00e9liminent la Tunisie de Dendani \u00e0 la CAN U20"},"content":{"rendered":"\n\n\n<p>Les chances de voir passer les deux repr\u00e9sentants mon\u00e9gasques de la CAN U20 \u00e9taient minces et le sc\u00e9nario esp\u00e9r\u00e9 ne s&rsquo;est pas produit, mercredi soir, \u00e0 l&rsquo;occasion de l&rsquo;affrontement entre le Maroc de Yanis Benchaouch et la Tunisie de Nacim Dendani, comptant pour la troisi\u00e8me journ\u00e9e de la phase de groupes. Alors qu&rsquo;un nul \u00e9tait n\u00e9cessaire, coupl\u00e9 \u00e0 une d\u00e9faite du Nigeria dans l&rsquo;autre match, ce sont les Marocains qui se sont impos\u00e9s (3-1), validant leur ticket pour les quarts de finale de la comp\u00e9tition et occasionnant l&rsquo;\u00e9limination des Tunisiens. <\/p>\n\n\n\n<p>Les deux Mon\u00e9gasques \u00e9taient titulaires lors de cette rencontre. \u00c9lu <a href=\"https:\/\/www.ladiagonale.net\/index.php\/2025\/05\/05\/dendani-homme-du-match-contre-le-kenya\/\" target=\"_blank\" rel=\"noreferrer noopener\">homme du match contre le Kenya<\/a>, Dendani a cette fois \u00e9t\u00e9 discret lors de cette rencontre, sorti \u00e0 la 72<sup>e<\/sup> minute. Il n&rsquo;a pas \u00e9t\u00e9 impliqu\u00e9 sur le but inscrit par son \u00e9quipe et encaiss\u00e9 par son comp\u00e8re de l&rsquo;Academy, qui s&rsquo;est fait surprendre par une frappe de loin d\u00e9vi\u00e9e par l&rsquo;un de ses d\u00e9fenseurs au retour des vestiaires. Benchaouch n&rsquo;a pas \u00e9t\u00e9 trop inqui\u00e9t\u00e9 lors de cette partie, les tentatives tunisiennes ayant le plus souvent \u00e9chou\u00e9 \u00e0 trouver le cadre.<\/p>\n\n\n\n<p>Le Maroc conna\u00eetra son adversaire pour les quarts ce vendredi. La rencontre se jouera lundi, \u00e0 17 heures.<\/p>\n","protected":false},"excerpt":{"rendered":"<p>Les chances de voir passer les deux repr\u00e9sentants mon\u00e9gasques de la CAN U20 \u00e9taient minces et le sc\u00e9nario esp\u00e9r\u00e9 ne s&rsquo;est pas produit, mercredi soir, \u00e0 l&rsquo;occasion de l&rsquo;affrontement entre le Maroc de Yanis Benchaouch et la Tunisie de Nacim Dendani, comptant pour la troisi\u00e8me journ\u00e9e de la phase de groupes. Alors qu&rsquo;un nul \u00e9tait [&#8230;]\n","protected":false},"author":2,"featured_media":0,"comment_status":"open","ping_status":"open","sticky":false,"template":"","format":"standard","meta":[],"categories":[6],"tags":[76,86,1023,804,204,116,122,798],"yoast_head":"<!-- This site is optimized with the Yoast SEO plugin v19.8 - https:\/\/yoast.com\/wordpress\/plugins\/seo\/ -->\n<title>Benchaouch et le Maroc \u00e9liminent la Tunisie de Dendani \u00e0 la CAN U20 - La Diagonale<\/title>\n<meta name=\"robots\" content=\"index, follow, max-snippet:-1, max-image-preview:large, max-video-preview:-1\" \/>\n<link rel=\"canonical\" href=\"https:\/\/www.ladiagonale.net\/index.php\/2025\/05\/08\/benchaouch-et-le-maroc-eliminent-la-tunisie-de-dendani-a-la-can-u20\/\" \/>\n<meta property=\"og:locale\" content=\"fr_FR\" \/>\n<meta property=\"og:type\" content=\"article\" \/>\n<meta property=\"og:title\" content=\"Benchaouch et le Maroc \u00e9liminent la Tunisie de Dendani \u00e0 la CAN U20 - La Diagonale\" \/>\n<meta property=\"og:description\" content=\"Les chances de voir passer les deux repr\u00e9sentants mon\u00e9gasques de la CAN U20 \u00e9taient minces et le sc\u00e9nario esp\u00e9r\u00e9 ne s&rsquo;est pas produit, mercredi soir, \u00e0 l&rsquo;occasion de l&rsquo;affrontement entre le Maroc de Yanis Benchaouch et la Tunisie de Nacim Dendani, comptant pour la troisi\u00e8me journ\u00e9e de la phase de groupes. Alors qu&rsquo;un nul \u00e9tait [...]\" \/>\n<meta property=\"og:url\" content=\"https:\/\/www.ladiagonale.net\/index.php\/2025\/05\/08\/benchaouch-et-le-maroc-eliminent-la-tunisie-de-dendani-a-la-can-u20\/\" \/>\n<meta property=\"og:site_name\" content=\"La Diagonale\" \/>\n<meta property=\"article:published_time\" content=\"2025-05-08T11:56:26+00:00\" \/>\n<meta property=\"article:modified_time\" content=\"2025-05-08T11:56:27+00:00\" \/>\n<meta property=\"og:image\" content=\"https:\/\/www.ladiagonale.net\/wp-content\/uploads\/2025\/05\/benchaouch-can-u20.png\" \/>\n\t<meta property=\"og:image:width\" content=\"1160\" \/>\n\t<meta property=\"og:image:height\" content=\"650\" \/>\n\t<meta property=\"og:image:type\" content=\"image\/png\" \/>\n<meta name=\"author\" content=\"Damien Dellerba\" \/>\n<meta name=\"twitter:card\" content=\"summary_large_image\" \/>\n<meta name=\"twitter:image\" content=\"https:\/\/www.ladiagonale.net\/wp-content\/uploads\/2025\/05\/benchaouch-can-u20.png\" \/>\n<meta name=\"twitter:label1\" content=\"\u00c9crit par\" \/>\n\t<meta name=\"twitter:data1\" content=\"Damien Dellerba\" \/>\n\t<meta name=\"twitter:label2\" content=\"Dur\u00e9e de lecture estim\u00e9e\" \/>\n\t<meta name=\"twitter:data2\" content=\"2 minutes\" \/>\n<script type=\"application\/ld+json\" class=\"yoast-schema-graph\">{\"@context\":\"https:\/\/schema.org\",\"@graph\":[{\"@type\":\"WebPage\",\"@id\":\"https:\/\/www.ladiagonale.net\/index.php\/2025\/05\/08\/benchaouch-et-le-maroc-eliminent-la-tunisie-de-dendani-a-la-can-u20\/\",\"url\":\"https:\/\/www.ladiagonale.net\/index.php\/2025\/05\/08\/benchaouch-et-le-maroc-eliminent-la-tunisie-de-dendani-a-la-can-u20\/\",\"name\":\"Benchaouch et le Maroc \u00e9liminent la Tunisie de Dendani \u00e0 la CAN U20 - La Diagonale\",\"isPartOf\":{\"@id\":\"https:\/\/www.ladiagonale.net\/#website\"},\"datePublished\":\"2025-05-08T11:56:26+00:00\",\"dateModified\":\"2025-05-08T11:56:27+00:00\",\"author\":{\"@id\":\"https:\/\/www.ladiagonale.net\/#\/schema\/person\/79ff1e7b0853ed01b2aa26e64ad300bf\"},\"breadcrumb\":{\"@id\":\"https:\/\/www.ladiagonale.net\/index.php\/2025\/05\/08\/benchaouch-et-le-maroc-eliminent-la-tunisie-de-dendani-a-la-can-u20\/#breadcrumb\"},\"inLanguage\":\"fr-FR\",\"potentialAction\":[{\"@type\":\"ReadAction\",\"target\":[\"https:\/\/www.ladiagonale.net\/index.php\/2025\/05\/08\/benchaouch-et-le-maroc-eliminent-la-tunisie-de-dendani-a-la-can-u20\/\"]}]},{\"@type\":\"BreadcrumbList\",\"@id\":\"https:\/\/www.ladiagonale.net\/index.php\/2025\/05\/08\/benchaouch-et-le-maroc-eliminent-la-tunisie-de-dendani-a-la-can-u20\/#breadcrumb\",\"itemListElement\":[{\"@type\":\"ListItem\",\"position\":1,\"name\":\"Accueil\",\"item\":\"https:\/\/www.ladiagonale.net\/\"},{\"@type\":\"ListItem\",\"position\":2,\"name\":\"Benchaouch et le Maroc \u00e9liminent la Tunisie de Dendani \u00e0 la CAN U20\"}]},{\"@type\":\"WebSite\",\"@id\":\"https:\/\/www.ladiagonale.net\/#website\",\"url\":\"https:\/\/www.ladiagonale.net\/\",\"name\":\"La Diagonale\",\"description\":\"Le site des supporters de l&#039;AS Monaco FC\",\"potentialAction\":[{\"@type\":\"SearchAction\",\"target\":{\"@type\":\"EntryPoint\",\"urlTemplate\":\"https:\/\/www.ladiagonale.net\/?s={search_term_string}\"},\"query-input\":\"required name=search_term_string\"}],\"inLanguage\":\"fr-FR\"},{\"@type\":\"Person\",\"@id\":\"https:\/\/www.ladiagonale.net\/#\/schema\/person\/79ff1e7b0853ed01b2aa26e64ad300bf\",\"name\":\"Damien Dellerba\",\"image\":{\"@type\":\"ImageObject\",\"inLanguage\":\"fr-FR\",\"@id\":\"https:\/\/www.ladiagonale.net\/#\/schema\/person\/image\/\",\"url\":\"https:\/\/secure.gravatar.com\/avatar\/c7850e06d3ff63cdbaee88b7fc16e2f0?s=96&d=mm&r=g\",\"contentUrl\":\"https:\/\/secure.gravatar.com\/avatar\/c7850e06d3ff63cdbaee88b7fc16e2f0?s=96&d=mm&r=g\",\"caption\":\"Damien Dellerba\"},\"url\":\"https:\/\/www.ladiagonale.net\/index.php\/author\/damien\/\"}]}<\/script>\n<!-- \/ Yoast SEO plugin. -->","yoast_head_json":{"title":"Benchaouch et le Maroc \u00e9liminent la Tunisie de Dendani \u00e0 la CAN U20 - La Diagonale","robots":{"index":"index","follow":"follow","max-snippet":"max-snippet:-1","max-image-preview":"max-image-preview:large","max-video-preview":"max-video-preview:-1"},"canonical":"https:\/\/www.ladiagonale.net\/index.php\/2025\/05\/08\/benchaouch-et-le-maroc-eliminent-la-tunisie-de-dendani-a-la-can-u20\/","og_locale":"fr_FR","og_type":"article","og_title":"Benchaouch et le Maroc \u00e9liminent la Tunisie de Dendani \u00e0 la CAN U20 - La Diagonale","og_description":"Les chances de voir passer les deux repr\u00e9sentants mon\u00e9gasques de la CAN U20 \u00e9taient minces et le sc\u00e9nario esp\u00e9r\u00e9 ne s&rsquo;est pas produit, mercredi soir, \u00e0 l&rsquo;occasion de l&rsquo;affrontement entre le Maroc de Yanis Benchaouch et la Tunisie de Nacim Dendani, comptant pour la troisi\u00e8me journ\u00e9e de la phase de groupes. Alors qu&rsquo;un nul \u00e9tait [...]","og_url":"https:\/\/www.ladiagonale.net\/index.php\/2025\/05\/08\/benchaouch-et-le-maroc-eliminent-la-tunisie-de-dendani-a-la-can-u20\/","og_site_name":"La Diagonale","article_published_time":"2025-05-08T11:56:26+00:00","article_modified_time":"2025-05-08T11:56:27+00:00","og_image":[{"width":1160,"height":650,"url":"https:\/\/www.ladiagonale.net\/wp-content\/uploads\/2025\/05\/benchaouch-can-u20.png","type":"image\/png"}],"author":"Damien Dellerba","twitter_card":"summary_large_image","twitter_image":"https:\/\/www.ladiagonale.net\/wp-content\/uploads\/2025\/05\/benchaouch-can-u20.png","twitter_misc":{"\u00c9crit par":"Damien Dellerba","Dur\u00e9e de lecture estim\u00e9e":"2 minutes"},"schema":{"@context":"https:\/\/schema.org","@graph":[{"@type":"WebPage","@id":"https:\/\/www.ladiagonale.net\/index.php\/2025\/05\/08\/benchaouch-et-le-maroc-eliminent-la-tunisie-de-dendani-a-la-can-u20\/","url":"https:\/\/www.ladiagonale.net\/index.php\/2025\/05\/08\/benchaouch-et-le-maroc-eliminent-la-tunisie-de-dendani-a-la-can-u20\/","name":"Benchaouch et le Maroc \u00e9liminent la Tunisie de Dendani \u00e0 la CAN U20 - La Diagonale","isPartOf":{"@id":"https:\/\/www.ladiagonale.net\/#website"},"datePublished":"2025-05-08T11:56:26+00:00","dateModified":"2025-05-08T11:56:27+00:00","author":{"@id":"https:\/\/www.ladiagonale.net\/#\/schema\/person\/79ff1e7b0853ed01b2aa26e64ad300bf"},"breadcrumb":{"@id":"https:\/\/www.ladiagonale.net\/index.php\/2025\/05\/08\/benchaouch-et-le-maroc-eliminent-la-tunisie-de-dendani-a-la-can-u20\/#breadcrumb"},"inLanguage":"fr-FR","potentialAction":[{"@type":"ReadAction","target":["https:\/\/www.ladiagonale.net\/index.php\/2025\/05\/08\/benchaouch-et-le-maroc-eliminent-la-tunisie-de-dendani-a-la-can-u20\/"]}]},{"@type":"BreadcrumbList","@id":"https:\/\/www.ladiagonale.net\/index.php\/2025\/05\/08\/benchaouch-et-le-maroc-eliminent-la-tunisie-de-dendani-a-la-can-u20\/#breadcrumb","itemListElement":[{"@type":"ListItem","position":1,"name":"Accueil","item":"https:\/\/www.ladiagonale.net\/"},{"@type":"ListItem","position":2,"name":"Benchaouch et le Maroc \u00e9liminent la Tunisie de Dendani \u00e0 la CAN U20"}]},{"@type":"WebSite","@id":"https:\/\/www.ladiagonale.net\/#website","url":"https:\/\/www.ladiagonale.net\/","name":"La Diagonale","description":"Le site des supporters de l&#039;AS Monaco FC","potentialAction":[{"@type":"SearchAction","target":{"@type":"EntryPoint","urlTemplate":"https:\/\/www.ladiagonale.net\/?s={search_term_string}"},"query-input":"required name=search_term_string"}],"inLanguage":"fr-FR"},{"@type":"Person","@id":"https:\/\/www.ladiagonale.net\/#\/schema\/person\/79ff1e7b0853ed01b2aa26e64ad300bf","name":"Damien Dellerba","image":{"@type":"ImageObject","inLanguage":"fr-FR","@id":"https:\/\/www.ladiagonale.net\/#\/schema\/person\/image\/","url":"https:\/\/secure.gravatar.com\/avatar\/c7850e06d3ff63cdbaee88b7fc16e2f0?s=96&d=mm&r=g","contentUrl":"https:\/\/secure.gravatar.com\/avatar\/c7850e06d3ff63cdbaee88b7fc16e2f0?s=96&d=mm&r=g","caption":"Damien Dellerba"},"url":"https:\/\/www.ladiagonale.net\/index.php\/author\/damien\/"}]}},"_links":{"self":[{"href":"https:\/\/www.ladiagonale.net\/index.php\/wp-json\/wp\/v2\/posts\/31368"}],"collection":[{"href":"https:\/\/www.ladiagonale.net\/index.php\/wp-json\/wp\/v2\/posts"}],"about":[{"href":"https:\/\/www.ladiagonale.net\/index.php\/wp-json\/wp\/v2\/types\/post"}],"author":[{"embeddable":true,"href":"https:\/\/www.ladiagonale.net\/index.php\/wp-json\/wp\/v2\/users\/2"}],"replies":[{"embeddable":true,"href":"https:\/\/www.ladiagonale.net\/index.php\/wp-json\/wp\/v2\/comments?post=31368"}],"version-history":[{"count":1,"href":"https:\/\/www.ladiagonale.net\/index.php\/wp-json\/wp\/v2\/posts\/31368\/revisions"}],"predecessor-version":[{"id":31369,"href":"https:\/\/www.ladiagonale.net\/index.php\/wp-json\/wp\/v2\/posts\/31368\/revisions\/31369"}],"wp:attachment":[{"href":"https:\/\/www.ladiagonale.net\/index.php\/wp-json\/wp\/v2\/media?parent=31368"}],"wp:term":[{"taxonomy":"category","embeddable":true,"href":"https:\/\/www.ladiagonale.net\/index.php\/wp-json\/wp\/v2\/categories?post=31368"},{"taxonomy":"post_tag","embeddable":true,"href":"https:\/\/www.ladiagonale.net\/index.php\/wp-json\/wp\/v2\/tags?post=31368"}],"curies":[{"name":"wp","href":"https:\/\/api.w.org\/{rel}","templated":true}]}}