{"id":31527,"date":"2025-05-15T23:45:38","date_gmt":"2025-05-15T21:45:38","guid":{"rendered":"https:\/\/www.ladiagonale.net\/?p=31527"},"modified":"2025-05-15T23:45:39","modified_gmt":"2025-05-15T21:45:39","slug":"partenariat-renouvele-avec-aix-en-provence","status":"publish","type":"post","link":"https:\/\/www.ladiagonale.net\/index.php\/2025\/05\/15\/partenariat-renouvele-avec-aix-en-provence\/","title":{"rendered":"Partenariat renouvel\u00e9 avec Aix-en-Provence"},"content":{"rendered":"\n\n\n<p>En mars, l\u2019AS Monaco avait annonc\u00e9 un nouveau partenariat avec le club de Lyon-La Duch\u00e8re et renouvel\u00e9 celui avec le FC Versailles. En mai, c\u2019est celui liant le club de la Principaut\u00e9 avec l\u2019AS Aix-en-Provence qui a \u00e9t\u00e9 prolong\u00e9 pour trois saisons. La signature de la convention de partenariat a eu lieu avant la rencontre face \u00e0 Lyon, samedi dernier. \u00c0 cette occasion, les \u00e9missaires des deux autres clubs partenaires de l\u2019ASM \u00e9taient aussi pr\u00e9sents pour une journ\u00e9e \u00e0 la d\u00e9couverte du Centre de Performance et de La Diagonale.<\/p>\n\n\n\n<p>\u00ab\u00a0<em>Cette journ\u00e9e s\u2019inscrit dans la dynamique de rapprochement engag\u00e9e avec les clubs partenaires, impuls\u00e9e par le Pr\u00e9sident et l\u2019ensemble du club. (\u2026) Les \u00e9changes ont \u00e9t\u00e9 riches, notamment sur la strat\u00e9gie de formation, dans une logique de partage et de co-construction. Ce moment d\u2019\u00e9change illustre concr\u00e8tement les ambitions du partenariat<\/em>\u00a0\u00bb, a relat\u00e9 S\u00e9bastien Muet, le Directeur de l\u2019Academy.<\/p>\n","protected":false},"excerpt":{"rendered":"<p>En mars, l\u2019AS Monaco avait annonc\u00e9 un nouveau partenariat avec le club de Lyon-La Duch\u00e8re et renouvel\u00e9 celui avec le FC Versailles. En mai, c\u2019est celui liant le club de la Principaut\u00e9 avec l\u2019AS Aix-en-Provence qui a \u00e9t\u00e9 prolong\u00e9 pour trois saisons. La signature de la convention de partenariat a eu lieu avant la rencontre [&#8230;]\n","protected":false},"author":2,"featured_media":0,"comment_status":"open","ping_status":"open","sticky":false,"template":"","format":"standard","meta":[],"categories":[6],"tags":[76,86,465],"yoast_head":"<!-- This site is optimized with the Yoast SEO plugin v19.8 - https:\/\/yoast.com\/wordpress\/plugins\/seo\/ -->\n<title>Partenariat renouvel\u00e9 avec Aix-en-Provence - La Diagonale<\/title>\n<meta name=\"robots\" content=\"index, follow, max-snippet:-1, max-image-preview:large, max-video-preview:-1\" \/>\n<link rel=\"canonical\" href=\"https:\/\/www.ladiagonale.net\/index.php\/2025\/05\/15\/partenariat-renouvele-avec-aix-en-provence\/\" \/>\n<meta property=\"og:locale\" content=\"fr_FR\" \/>\n<meta property=\"og:type\" content=\"article\" \/>\n<meta property=\"og:title\" content=\"Partenariat renouvel\u00e9 avec Aix-en-Provence - La Diagonale\" \/>\n<meta property=\"og:description\" content=\"En mars, l\u2019AS Monaco avait annonc\u00e9 un nouveau partenariat avec le club de Lyon-La Duch\u00e8re et renouvel\u00e9 celui avec le FC Versailles. En mai, c\u2019est celui liant le club de la Principaut\u00e9 avec l\u2019AS Aix-en-Provence qui a \u00e9t\u00e9 prolong\u00e9 pour trois saisons. La signature de la convention de partenariat a eu lieu avant la rencontre [...]\" \/>\n<meta property=\"og:url\" content=\"https:\/\/www.ladiagonale.net\/index.php\/2025\/05\/15\/partenariat-renouvele-avec-aix-en-provence\/\" \/>\n<meta property=\"og:site_name\" content=\"La Diagonale\" \/>\n<meta property=\"article:published_time\" content=\"2025-05-15T21:45:38+00:00\" \/>\n<meta property=\"article:modified_time\" content=\"2025-05-15T21:45:39+00:00\" \/>\n<meta property=\"og:image\" content=\"https:\/\/www.ladiagonale.net\/wp-content\/uploads\/2025\/05\/Aix.png\" \/>\n\t<meta property=\"og:image:width\" content=\"1160\" \/>\n\t<meta property=\"og:image:height\" content=\"650\" \/>\n\t<meta property=\"og:image:type\" content=\"image\/png\" \/>\n<meta name=\"author\" content=\"Damien Dellerba\" \/>\n<meta name=\"twitter:card\" content=\"summary_large_image\" \/>\n<meta name=\"twitter:image\" content=\"https:\/\/www.ladiagonale.net\/wp-content\/uploads\/2025\/05\/Aix.png\" \/>\n<meta name=\"twitter:label1\" content=\"\u00c9crit par\" \/>\n\t<meta name=\"twitter:data1\" content=\"Damien Dellerba\" \/>\n\t<meta name=\"twitter:label2\" content=\"Dur\u00e9e de lecture estim\u00e9e\" \/>\n\t<meta name=\"twitter:data2\" content=\"1 minute\" \/>\n<script type=\"application\/ld+json\" class=\"yoast-schema-graph\">{\"@context\":\"https:\/\/schema.org\",\"@graph\":[{\"@type\":\"WebPage\",\"@id\":\"https:\/\/www.ladiagonale.net\/index.php\/2025\/05\/15\/partenariat-renouvele-avec-aix-en-provence\/\",\"url\":\"https:\/\/www.ladiagonale.net\/index.php\/2025\/05\/15\/partenariat-renouvele-avec-aix-en-provence\/\",\"name\":\"Partenariat renouvel\u00e9 avec Aix-en-Provence - La Diagonale\",\"isPartOf\":{\"@id\":\"https:\/\/www.ladiagonale.net\/#website\"},\"datePublished\":\"2025-05-15T21:45:38+00:00\",\"dateModified\":\"2025-05-15T21:45:39+00:00\",\"author\":{\"@id\":\"https:\/\/www.ladiagonale.net\/#\/schema\/person\/79ff1e7b0853ed01b2aa26e64ad300bf\"},\"breadcrumb\":{\"@id\":\"https:\/\/www.ladiagonale.net\/index.php\/2025\/05\/15\/partenariat-renouvele-avec-aix-en-provence\/#breadcrumb\"},\"inLanguage\":\"fr-FR\",\"potentialAction\":[{\"@type\":\"ReadAction\",\"target\":[\"https:\/\/www.ladiagonale.net\/index.php\/2025\/05\/15\/partenariat-renouvele-avec-aix-en-provence\/\"]}]},{\"@type\":\"BreadcrumbList\",\"@id\":\"https:\/\/www.ladiagonale.net\/index.php\/2025\/05\/15\/partenariat-renouvele-avec-aix-en-provence\/#breadcrumb\",\"itemListElement\":[{\"@type\":\"ListItem\",\"position\":1,\"name\":\"Accueil\",\"item\":\"https:\/\/www.ladiagonale.net\/\"},{\"@type\":\"ListItem\",\"position\":2,\"name\":\"Partenariat renouvel\u00e9 avec Aix-en-Provence\"}]},{\"@type\":\"WebSite\",\"@id\":\"https:\/\/www.ladiagonale.net\/#website\",\"url\":\"https:\/\/www.ladiagonale.net\/\",\"name\":\"La Diagonale\",\"description\":\"Le site des supporters de l&#039;AS Monaco FC\",\"potentialAction\":[{\"@type\":\"SearchAction\",\"target\":{\"@type\":\"EntryPoint\",\"urlTemplate\":\"https:\/\/www.ladiagonale.net\/?s={search_term_string}\"},\"query-input\":\"required name=search_term_string\"}],\"inLanguage\":\"fr-FR\"},{\"@type\":\"Person\",\"@id\":\"https:\/\/www.ladiagonale.net\/#\/schema\/person\/79ff1e7b0853ed01b2aa26e64ad300bf\",\"name\":\"Damien Dellerba\",\"image\":{\"@type\":\"ImageObject\",\"inLanguage\":\"fr-FR\",\"@id\":\"https:\/\/www.ladiagonale.net\/#\/schema\/person\/image\/\",\"url\":\"https:\/\/secure.gravatar.com\/avatar\/c7850e06d3ff63cdbaee88b7fc16e2f0?s=96&d=mm&r=g\",\"contentUrl\":\"https:\/\/secure.gravatar.com\/avatar\/c7850e06d3ff63cdbaee88b7fc16e2f0?s=96&d=mm&r=g\",\"caption\":\"Damien Dellerba\"},\"url\":\"https:\/\/www.ladiagonale.net\/index.php\/author\/damien\/\"}]}<\/script>\n<!-- \/ Yoast SEO plugin. -->","yoast_head_json":{"title":"Partenariat renouvel\u00e9 avec Aix-en-Provence - La Diagonale","robots":{"index":"index","follow":"follow","max-snippet":"max-snippet:-1","max-image-preview":"max-image-preview:large","max-video-preview":"max-video-preview:-1"},"canonical":"https:\/\/www.ladiagonale.net\/index.php\/2025\/05\/15\/partenariat-renouvele-avec-aix-en-provence\/","og_locale":"fr_FR","og_type":"article","og_title":"Partenariat renouvel\u00e9 avec Aix-en-Provence - La Diagonale","og_description":"En mars, l\u2019AS Monaco avait annonc\u00e9 un nouveau partenariat avec le club de Lyon-La Duch\u00e8re et renouvel\u00e9 celui avec le FC Versailles. En mai, c\u2019est celui liant le club de la Principaut\u00e9 avec l\u2019AS Aix-en-Provence qui a \u00e9t\u00e9 prolong\u00e9 pour trois saisons. La signature de la convention de partenariat a eu lieu avant la rencontre [...]","og_url":"https:\/\/www.ladiagonale.net\/index.php\/2025\/05\/15\/partenariat-renouvele-avec-aix-en-provence\/","og_site_name":"La Diagonale","article_published_time":"2025-05-15T21:45:38+00:00","article_modified_time":"2025-05-15T21:45:39+00:00","og_image":[{"width":1160,"height":650,"url":"https:\/\/www.ladiagonale.net\/wp-content\/uploads\/2025\/05\/Aix.png","type":"image\/png"}],"author":"Damien Dellerba","twitter_card":"summary_large_image","twitter_image":"https:\/\/www.ladiagonale.net\/wp-content\/uploads\/2025\/05\/Aix.png","twitter_misc":{"\u00c9crit par":"Damien Dellerba","Dur\u00e9e de lecture estim\u00e9e":"1 minute"},"schema":{"@context":"https:\/\/schema.org","@graph":[{"@type":"WebPage","@id":"https:\/\/www.ladiagonale.net\/index.php\/2025\/05\/15\/partenariat-renouvele-avec-aix-en-provence\/","url":"https:\/\/www.ladiagonale.net\/index.php\/2025\/05\/15\/partenariat-renouvele-avec-aix-en-provence\/","name":"Partenariat renouvel\u00e9 avec Aix-en-Provence - La Diagonale","isPartOf":{"@id":"https:\/\/www.ladiagonale.net\/#website"},"datePublished":"2025-05-15T21:45:38+00:00","dateModified":"2025-05-15T21:45:39+00:00","author":{"@id":"https:\/\/www.ladiagonale.net\/#\/schema\/person\/79ff1e7b0853ed01b2aa26e64ad300bf"},"breadcrumb":{"@id":"https:\/\/www.ladiagonale.net\/index.php\/2025\/05\/15\/partenariat-renouvele-avec-aix-en-provence\/#breadcrumb"},"inLanguage":"fr-FR","potentialAction":[{"@type":"ReadAction","target":["https:\/\/www.ladiagonale.net\/index.php\/2025\/05\/15\/partenariat-renouvele-avec-aix-en-provence\/"]}]},{"@type":"BreadcrumbList","@id":"https:\/\/www.ladiagonale.net\/index.php\/2025\/05\/15\/partenariat-renouvele-avec-aix-en-provence\/#breadcrumb","itemListElement":[{"@type":"ListItem","position":1,"name":"Accueil","item":"https:\/\/www.ladiagonale.net\/"},{"@type":"ListItem","position":2,"name":"Partenariat renouvel\u00e9 avec Aix-en-Provence"}]},{"@type":"WebSite","@id":"https:\/\/www.ladiagonale.net\/#website","url":"https:\/\/www.ladiagonale.net\/","name":"La Diagonale","description":"Le site des supporters de l&#039;AS Monaco FC","potentialAction":[{"@type":"SearchAction","target":{"@type":"EntryPoint","urlTemplate":"https:\/\/www.ladiagonale.net\/?s={search_term_string}"},"query-input":"required name=search_term_string"}],"inLanguage":"fr-FR"},{"@type":"Person","@id":"https:\/\/www.ladiagonale.net\/#\/schema\/person\/79ff1e7b0853ed01b2aa26e64ad300bf","name":"Damien Dellerba","image":{"@type":"ImageObject","inLanguage":"fr-FR","@id":"https:\/\/www.ladiagonale.net\/#\/schema\/person\/image\/","url":"https:\/\/secure.gravatar.com\/avatar\/c7850e06d3ff63cdbaee88b7fc16e2f0?s=96&d=mm&r=g","contentUrl":"https:\/\/secure.gravatar.com\/avatar\/c7850e06d3ff63cdbaee88b7fc16e2f0?s=96&d=mm&r=g","caption":"Damien Dellerba"},"url":"https:\/\/www.ladiagonale.net\/index.php\/author\/damien\/"}]}},"_links":{"self":[{"href":"https:\/\/www.ladiagonale.net\/index.php\/wp-json\/wp\/v2\/posts\/31527"}],"collection":[{"href":"https:\/\/www.ladiagonale.net\/index.php\/wp-json\/wp\/v2\/posts"}],"about":[{"href":"https:\/\/www.ladiagonale.net\/index.php\/wp-json\/wp\/v2\/types\/post"}],"author":[{"embeddable":true,"href":"https:\/\/www.ladiagonale.net\/index.php\/wp-json\/wp\/v2\/users\/2"}],"replies":[{"embeddable":true,"href":"https:\/\/www.ladiagonale.net\/index.php\/wp-json\/wp\/v2\/comments?post=31527"}],"version-history":[{"count":1,"href":"https:\/\/www.ladiagonale.net\/index.php\/wp-json\/wp\/v2\/posts\/31527\/revisions"}],"predecessor-version":[{"id":31529,"href":"https:\/\/www.ladiagonale.net\/index.php\/wp-json\/wp\/v2\/posts\/31527\/revisions\/31529"}],"wp:attachment":[{"href":"https:\/\/www.ladiagonale.net\/index.php\/wp-json\/wp\/v2\/media?parent=31527"}],"wp:term":[{"taxonomy":"category","embeddable":true,"href":"https:\/\/www.ladiagonale.net\/index.php\/wp-json\/wp\/v2\/categories?post=31527"},{"taxonomy":"post_tag","embeddable":true,"href":"https:\/\/www.ladiagonale.net\/index.php\/wp-json\/wp\/v2\/tags?post=31527"}],"curies":[{"name":"wp","href":"https:\/\/api.w.org\/{rel}","templated":true}]}}