{"id":31740,"date":"2025-05-26T14:14:56","date_gmt":"2025-05-26T12:14:56","guid":{"rendered":"https:\/\/www.ladiagonale.net\/?p=31740"},"modified":"2025-05-26T14:14:57","modified_gmt":"2025-05-26T12:14:57","slug":"trois-monegasques-au-tournoi-maurice-revello","status":"publish","type":"post","link":"https:\/\/www.ladiagonale.net\/index.php\/2025\/05\/26\/trois-monegasques-au-tournoi-maurice-revello\/","title":{"rendered":"Trois Mon\u00e9gasques au Tournoi Maurice-Revello"},"content":{"rendered":"\n<p>Si l\u2019AS Monaco n\u2019a pas de repr\u00e9sentants cette ann\u00e9e \u00e0 l\u2019Euro U17, elle en enverra trois au Tournoi Maurice-Revello, plus connu sous son ancienne appellation de Tournoi de Toulon, du 3 au 15 juin. Lucas Michal, Mayssam Benama et Sa\u00efmon Bouabr\u00e9 ont \u00e9t\u00e9 convoqu\u00e9s avec l\u2019\u00e9quipe de France U20. Pour ce dernier, sa pr\u00e9sence ne sera cependant confirm\u00e9e qu\u2019au moment o\u00f9 la liste d\u00e9finitive de l\u2019\u00e9quipe de France Espoirs pour l\u2019Euro sera connue, au plus tard le 4 juin, puisqu&rsquo;il sera du rassemblement des Bleuets.<\/p>\n\n\n\n<p>Les U20 de Bernard Diom\u00e8de affronteront l\u2019Arabie saoudite, le Mali et le Panama en phase de groupe, avant d&rsquo;esp\u00e9rer succ\u00e9der \u00e0 la g\u00e9n\u00e9ration de Maghnes Akliouche, vainqueure du tournoi en 2022. L&rsquo;an pass\u00e9, Yann Lienard et Kassoum Ouattara avaient \u00e9chou\u00e9 en demi-finale.<\/p>\n","protected":false},"excerpt":{"rendered":"<p>Si l\u2019AS Monaco n\u2019a pas de repr\u00e9sentants cette ann\u00e9e \u00e0 l\u2019Euro U17, elle en enverra trois au Tournoi Maurice-Revello, plus connu sous son ancienne appellation de Tournoi de Toulon, du 3 au 15 juin. Lucas Michal, Mayssam Benama et Sa\u00efmon Bouabr\u00e9 ont \u00e9t\u00e9 convoqu\u00e9s avec l\u2019\u00e9quipe de France U20. Pour ce dernier, sa pr\u00e9sence ne [&#8230;]\n","protected":false},"author":2,"featured_media":0,"comment_status":"open","ping_status":"open","sticky":false,"template":"","format":"standard","meta":[],"categories":[6],"tags":[86,71,543,453,413,116,551],"yoast_head":"<!-- This site is optimized with the Yoast SEO plugin v19.8 - https:\/\/yoast.com\/wordpress\/plugins\/seo\/ -->\n<title>Trois Mon\u00e9gasques au Tournoi Maurice-Revello - La Diagonale<\/title>\n<meta name=\"robots\" content=\"index, follow, max-snippet:-1, max-image-preview:large, max-video-preview:-1\" \/>\n<link rel=\"canonical\" href=\"https:\/\/www.ladiagonale.net\/index.php\/2025\/05\/26\/trois-monegasques-au-tournoi-maurice-revello\/\" \/>\n<meta property=\"og:locale\" content=\"fr_FR\" \/>\n<meta property=\"og:type\" content=\"article\" \/>\n<meta property=\"og:title\" content=\"Trois Mon\u00e9gasques au Tournoi Maurice-Revello - La Diagonale\" \/>\n<meta property=\"og:description\" content=\"Si l\u2019AS Monaco n\u2019a pas de repr\u00e9sentants cette ann\u00e9e \u00e0 l\u2019Euro U17, elle en enverra trois au Tournoi Maurice-Revello, plus connu sous son ancienne appellation de Tournoi de Toulon, du 3 au 15 juin. Lucas Michal, Mayssam Benama et Sa\u00efmon Bouabr\u00e9 ont \u00e9t\u00e9 convoqu\u00e9s avec l\u2019\u00e9quipe de France U20. Pour ce dernier, sa pr\u00e9sence ne [...]\" \/>\n<meta property=\"og:url\" content=\"https:\/\/www.ladiagonale.net\/index.php\/2025\/05\/26\/trois-monegasques-au-tournoi-maurice-revello\/\" \/>\n<meta property=\"og:site_name\" content=\"La Diagonale\" \/>\n<meta property=\"article:published_time\" content=\"2025-05-26T12:14:56+00:00\" \/>\n<meta property=\"article:modified_time\" content=\"2025-05-26T12:14:57+00:00\" \/>\n<meta property=\"og:image\" content=\"https:\/\/www.ladiagonale.net\/wp-content\/uploads\/2024\/10\/michal-edf.png\" \/>\n\t<meta property=\"og:image:width\" content=\"1160\" \/>\n\t<meta property=\"og:image:height\" content=\"650\" \/>\n\t<meta property=\"og:image:type\" content=\"image\/png\" \/>\n<meta name=\"author\" content=\"Damien Dellerba\" \/>\n<meta name=\"twitter:card\" content=\"summary_large_image\" \/>\n<meta name=\"twitter:image\" content=\"https:\/\/www.ladiagonale.net\/wp-content\/uploads\/2024\/10\/michal-edf.png\" \/>\n<meta name=\"twitter:label1\" content=\"\u00c9crit par\" \/>\n\t<meta name=\"twitter:data1\" content=\"Damien Dellerba\" \/>\n\t<meta name=\"twitter:label2\" content=\"Dur\u00e9e de lecture estim\u00e9e\" \/>\n\t<meta name=\"twitter:data2\" content=\"1 minute\" \/>\n<script type=\"application\/ld+json\" class=\"yoast-schema-graph\">{\"@context\":\"https:\/\/schema.org\",\"@graph\":[{\"@type\":\"WebPage\",\"@id\":\"https:\/\/www.ladiagonale.net\/index.php\/2025\/05\/26\/trois-monegasques-au-tournoi-maurice-revello\/\",\"url\":\"https:\/\/www.ladiagonale.net\/index.php\/2025\/05\/26\/trois-monegasques-au-tournoi-maurice-revello\/\",\"name\":\"Trois Mon\u00e9gasques au Tournoi Maurice-Revello - La Diagonale\",\"isPartOf\":{\"@id\":\"https:\/\/www.ladiagonale.net\/#website\"},\"datePublished\":\"2025-05-26T12:14:56+00:00\",\"dateModified\":\"2025-05-26T12:14:57+00:00\",\"author\":{\"@id\":\"https:\/\/www.ladiagonale.net\/#\/schema\/person\/79ff1e7b0853ed01b2aa26e64ad300bf\"},\"breadcrumb\":{\"@id\":\"https:\/\/www.ladiagonale.net\/index.php\/2025\/05\/26\/trois-monegasques-au-tournoi-maurice-revello\/#breadcrumb\"},\"inLanguage\":\"fr-FR\",\"potentialAction\":[{\"@type\":\"ReadAction\",\"target\":[\"https:\/\/www.ladiagonale.net\/index.php\/2025\/05\/26\/trois-monegasques-au-tournoi-maurice-revello\/\"]}]},{\"@type\":\"BreadcrumbList\",\"@id\":\"https:\/\/www.ladiagonale.net\/index.php\/2025\/05\/26\/trois-monegasques-au-tournoi-maurice-revello\/#breadcrumb\",\"itemListElement\":[{\"@type\":\"ListItem\",\"position\":1,\"name\":\"Accueil\",\"item\":\"https:\/\/www.ladiagonale.net\/\"},{\"@type\":\"ListItem\",\"position\":2,\"name\":\"Trois Mon\u00e9gasques au Tournoi Maurice-Revello\"}]},{\"@type\":\"WebSite\",\"@id\":\"https:\/\/www.ladiagonale.net\/#website\",\"url\":\"https:\/\/www.ladiagonale.net\/\",\"name\":\"La Diagonale\",\"description\":\"Le site des supporters de l&#039;AS Monaco FC\",\"potentialAction\":[{\"@type\":\"SearchAction\",\"target\":{\"@type\":\"EntryPoint\",\"urlTemplate\":\"https:\/\/www.ladiagonale.net\/?s={search_term_string}\"},\"query-input\":\"required name=search_term_string\"}],\"inLanguage\":\"fr-FR\"},{\"@type\":\"Person\",\"@id\":\"https:\/\/www.ladiagonale.net\/#\/schema\/person\/79ff1e7b0853ed01b2aa26e64ad300bf\",\"name\":\"Damien Dellerba\",\"image\":{\"@type\":\"ImageObject\",\"inLanguage\":\"fr-FR\",\"@id\":\"https:\/\/www.ladiagonale.net\/#\/schema\/person\/image\/\",\"url\":\"https:\/\/secure.gravatar.com\/avatar\/c7850e06d3ff63cdbaee88b7fc16e2f0?s=96&d=mm&r=g\",\"contentUrl\":\"https:\/\/secure.gravatar.com\/avatar\/c7850e06d3ff63cdbaee88b7fc16e2f0?s=96&d=mm&r=g\",\"caption\":\"Damien Dellerba\"},\"url\":\"https:\/\/www.ladiagonale.net\/index.php\/author\/damien\/\"}]}<\/script>\n<!-- \/ Yoast SEO plugin. -->","yoast_head_json":{"title":"Trois Mon\u00e9gasques au Tournoi Maurice-Revello - La Diagonale","robots":{"index":"index","follow":"follow","max-snippet":"max-snippet:-1","max-image-preview":"max-image-preview:large","max-video-preview":"max-video-preview:-1"},"canonical":"https:\/\/www.ladiagonale.net\/index.php\/2025\/05\/26\/trois-monegasques-au-tournoi-maurice-revello\/","og_locale":"fr_FR","og_type":"article","og_title":"Trois Mon\u00e9gasques au Tournoi Maurice-Revello - La Diagonale","og_description":"Si l\u2019AS Monaco n\u2019a pas de repr\u00e9sentants cette ann\u00e9e \u00e0 l\u2019Euro U17, elle en enverra trois au Tournoi Maurice-Revello, plus connu sous son ancienne appellation de Tournoi de Toulon, du 3 au 15 juin. Lucas Michal, Mayssam Benama et Sa\u00efmon Bouabr\u00e9 ont \u00e9t\u00e9 convoqu\u00e9s avec l\u2019\u00e9quipe de France U20. Pour ce dernier, sa pr\u00e9sence ne [...]","og_url":"https:\/\/www.ladiagonale.net\/index.php\/2025\/05\/26\/trois-monegasques-au-tournoi-maurice-revello\/","og_site_name":"La Diagonale","article_published_time":"2025-05-26T12:14:56+00:00","article_modified_time":"2025-05-26T12:14:57+00:00","og_image":[{"width":1160,"height":650,"url":"https:\/\/www.ladiagonale.net\/wp-content\/uploads\/2024\/10\/michal-edf.png","type":"image\/png"}],"author":"Damien Dellerba","twitter_card":"summary_large_image","twitter_image":"https:\/\/www.ladiagonale.net\/wp-content\/uploads\/2024\/10\/michal-edf.png","twitter_misc":{"\u00c9crit par":"Damien Dellerba","Dur\u00e9e de lecture estim\u00e9e":"1 minute"},"schema":{"@context":"https:\/\/schema.org","@graph":[{"@type":"WebPage","@id":"https:\/\/www.ladiagonale.net\/index.php\/2025\/05\/26\/trois-monegasques-au-tournoi-maurice-revello\/","url":"https:\/\/www.ladiagonale.net\/index.php\/2025\/05\/26\/trois-monegasques-au-tournoi-maurice-revello\/","name":"Trois Mon\u00e9gasques au Tournoi Maurice-Revello - La Diagonale","isPartOf":{"@id":"https:\/\/www.ladiagonale.net\/#website"},"datePublished":"2025-05-26T12:14:56+00:00","dateModified":"2025-05-26T12:14:57+00:00","author":{"@id":"https:\/\/www.ladiagonale.net\/#\/schema\/person\/79ff1e7b0853ed01b2aa26e64ad300bf"},"breadcrumb":{"@id":"https:\/\/www.ladiagonale.net\/index.php\/2025\/05\/26\/trois-monegasques-au-tournoi-maurice-revello\/#breadcrumb"},"inLanguage":"fr-FR","potentialAction":[{"@type":"ReadAction","target":["https:\/\/www.ladiagonale.net\/index.php\/2025\/05\/26\/trois-monegasques-au-tournoi-maurice-revello\/"]}]},{"@type":"BreadcrumbList","@id":"https:\/\/www.ladiagonale.net\/index.php\/2025\/05\/26\/trois-monegasques-au-tournoi-maurice-revello\/#breadcrumb","itemListElement":[{"@type":"ListItem","position":1,"name":"Accueil","item":"https:\/\/www.ladiagonale.net\/"},{"@type":"ListItem","position":2,"name":"Trois Mon\u00e9gasques au Tournoi Maurice-Revello"}]},{"@type":"WebSite","@id":"https:\/\/www.ladiagonale.net\/#website","url":"https:\/\/www.ladiagonale.net\/","name":"La Diagonale","description":"Le site des supporters de l&#039;AS Monaco FC","potentialAction":[{"@type":"SearchAction","target":{"@type":"EntryPoint","urlTemplate":"https:\/\/www.ladiagonale.net\/?s={search_term_string}"},"query-input":"required name=search_term_string"}],"inLanguage":"fr-FR"},{"@type":"Person","@id":"https:\/\/www.ladiagonale.net\/#\/schema\/person\/79ff1e7b0853ed01b2aa26e64ad300bf","name":"Damien Dellerba","image":{"@type":"ImageObject","inLanguage":"fr-FR","@id":"https:\/\/www.ladiagonale.net\/#\/schema\/person\/image\/","url":"https:\/\/secure.gravatar.com\/avatar\/c7850e06d3ff63cdbaee88b7fc16e2f0?s=96&d=mm&r=g","contentUrl":"https:\/\/secure.gravatar.com\/avatar\/c7850e06d3ff63cdbaee88b7fc16e2f0?s=96&d=mm&r=g","caption":"Damien Dellerba"},"url":"https:\/\/www.ladiagonale.net\/index.php\/author\/damien\/"}]}},"_links":{"self":[{"href":"https:\/\/www.ladiagonale.net\/index.php\/wp-json\/wp\/v2\/posts\/31740"}],"collection":[{"href":"https:\/\/www.ladiagonale.net\/index.php\/wp-json\/wp\/v2\/posts"}],"about":[{"href":"https:\/\/www.ladiagonale.net\/index.php\/wp-json\/wp\/v2\/types\/post"}],"author":[{"embeddable":true,"href":"https:\/\/www.ladiagonale.net\/index.php\/wp-json\/wp\/v2\/users\/2"}],"replies":[{"embeddable":true,"href":"https:\/\/www.ladiagonale.net\/index.php\/wp-json\/wp\/v2\/comments?post=31740"}],"version-history":[{"count":1,"href":"https:\/\/www.ladiagonale.net\/index.php\/wp-json\/wp\/v2\/posts\/31740\/revisions"}],"predecessor-version":[{"id":31741,"href":"https:\/\/www.ladiagonale.net\/index.php\/wp-json\/wp\/v2\/posts\/31740\/revisions\/31741"}],"wp:attachment":[{"href":"https:\/\/www.ladiagonale.net\/index.php\/wp-json\/wp\/v2\/media?parent=31740"}],"wp:term":[{"taxonomy":"category","embeddable":true,"href":"https:\/\/www.ladiagonale.net\/index.php\/wp-json\/wp\/v2\/categories?post=31740"},{"taxonomy":"post_tag","embeddable":true,"href":"https:\/\/www.ladiagonale.net\/index.php\/wp-json\/wp\/v2\/tags?post=31740"}],"curies":[{"name":"wp","href":"https:\/\/api.w.org\/{rel}","templated":true}]}}