{"id":31744,"date":"2025-05-26T15:06:46","date_gmt":"2025-05-26T13:06:46","guid":{"rendered":"https:\/\/www.ladiagonale.net\/?p=31744"},"modified":"2025-05-26T15:18:42","modified_gmt":"2025-05-26T13:18:42","slug":"biereth-sacre-champion-dautriche","status":"publish","type":"post","link":"https:\/\/www.ladiagonale.net\/index.php\/2025\/05\/26\/biereth-sacre-champion-dautriche\/","title":{"rendered":"Biereth sacr\u00e9 champion\u2026 d\u2019Autriche"},"content":{"rendered":"\n\n\n<p>Visiblement tr\u00e8s actif lors des c\u00e9l\u00e9brations pour la qualification de l&rsquo;AS Monaco en Ligue des champions, Mika Biereth a eu une nouvelle occasion de faire la f\u00eate. L\u2019attaquant danois a remport\u00e9 son deuxi\u00e8me titre de champion d\u2019Autriche d\u2019affil\u00e9e, titre acquis par le Sturm Graz lors du week-end pr\u00e9c\u00e9dent. Il s\u2019agit de son troisi\u00e8me sacre sur le plan national apr\u00e8s le doubl\u00e9 Coupe-Championnat r\u00e9alis\u00e9 la saison pass\u00e9e.<\/p>\n\n\n\n<p>Biereth, qui a rejoint les rangs de l\u2019ASM au mois de janvier apr\u00e8s avoir disput\u00e9 la premi\u00e8re moiti\u00e9 de saison avec le club autrichien, a fortement contribu\u00e9 \u00e0 ce nouveau troph\u00e9e, lui qui a inscrit 11 buts et d\u00e9livr\u00e9 cinq passes d\u00e9cisives en 16 rencontres. Des chiffres qui lui ont permis de terminer \u00e0 la deuxi\u00e8me place du classement des buteurs, malgr\u00e9 une seule moiti\u00e9 de saison.<\/p>\n\n\n\n<p>Une performance qui avait attir\u00e9 l\u2019\u0153il des dirigeants mon\u00e9gasques pour le faire signer. Et avec ses trois tripl\u00e9s inscrits au mois de f\u00e9vrier contre Auxerre, Nantes et Reims, et ses 13 buts en 19 matches depuis qu&rsquo;il a rejoint Monaco, l\u2019attaquant de 22 ans ne leur a pas donn\u00e9 tort.<\/p>\n","protected":false},"excerpt":{"rendered":"<p>Visiblement tr\u00e8s actif lors des c\u00e9l\u00e9brations pour la qualification de l&rsquo;AS Monaco en Ligue des champions, Mika Biereth a eu une nouvelle occasion de faire la f\u00eate. L\u2019attaquant danois a remport\u00e9 son deuxi\u00e8me titre de champion d\u2019Autriche d\u2019affil\u00e9e, titre acquis par le Sturm Graz lors du week-end pr\u00e9c\u00e9dent. Il s\u2019agit de son troisi\u00e8me sacre sur [&#8230;]\n","protected":false},"author":2,"featured_media":0,"comment_status":"open","ping_status":"open","sticky":false,"template":"","format":"standard","meta":[],"categories":[6],"tags":[86,965],"yoast_head":"<!-- This site is optimized with the Yoast SEO plugin v19.8 - https:\/\/yoast.com\/wordpress\/plugins\/seo\/ -->\n<title>Biereth sacr\u00e9 champion\u2026 d\u2019Autriche - La Diagonale<\/title>\n<meta name=\"robots\" content=\"index, follow, max-snippet:-1, max-image-preview:large, max-video-preview:-1\" \/>\n<link rel=\"canonical\" href=\"https:\/\/www.ladiagonale.net\/index.php\/2025\/05\/26\/biereth-sacre-champion-dautriche\/\" \/>\n<meta property=\"og:locale\" content=\"fr_FR\" \/>\n<meta property=\"og:type\" content=\"article\" \/>\n<meta property=\"og:title\" content=\"Biereth sacr\u00e9 champion\u2026 d\u2019Autriche - La Diagonale\" \/>\n<meta property=\"og:description\" content=\"Visiblement tr\u00e8s actif lors des c\u00e9l\u00e9brations pour la qualification de l&rsquo;AS Monaco en Ligue des champions, Mika Biereth a eu une nouvelle occasion de faire la f\u00eate. L\u2019attaquant danois a remport\u00e9 son deuxi\u00e8me titre de champion d\u2019Autriche d\u2019affil\u00e9e, titre acquis par le Sturm Graz lors du week-end pr\u00e9c\u00e9dent. Il s\u2019agit de son troisi\u00e8me sacre sur [...]\" \/>\n<meta property=\"og:url\" content=\"https:\/\/www.ladiagonale.net\/index.php\/2025\/05\/26\/biereth-sacre-champion-dautriche\/\" \/>\n<meta property=\"og:site_name\" content=\"La Diagonale\" \/>\n<meta property=\"article:published_time\" content=\"2025-05-26T13:06:46+00:00\" \/>\n<meta property=\"article:modified_time\" content=\"2025-05-26T13:18:42+00:00\" \/>\n<meta property=\"og:image\" content=\"https:\/\/www.ladiagonale.net\/wp-content\/uploads\/2025\/02\/Biereth-triple\u0301-.png\" \/>\n\t<meta property=\"og:image:width\" content=\"1160\" \/>\n\t<meta property=\"og:image:height\" content=\"650\" \/>\n\t<meta property=\"og:image:type\" content=\"image\/png\" \/>\n<meta name=\"author\" content=\"Damien Dellerba\" \/>\n<meta name=\"twitter:card\" content=\"summary_large_image\" \/>\n<meta name=\"twitter:image\" content=\"https:\/\/www.ladiagonale.net\/wp-content\/uploads\/2025\/02\/Biereth-triple\u0301-.png\" \/>\n<meta name=\"twitter:label1\" content=\"\u00c9crit par\" \/>\n\t<meta name=\"twitter:data1\" content=\"Damien Dellerba\" \/>\n\t<meta name=\"twitter:label2\" content=\"Dur\u00e9e de lecture estim\u00e9e\" \/>\n\t<meta name=\"twitter:data2\" content=\"1 minute\" \/>\n<script type=\"application\/ld+json\" class=\"yoast-schema-graph\">{\"@context\":\"https:\/\/schema.org\",\"@graph\":[{\"@type\":\"WebPage\",\"@id\":\"https:\/\/www.ladiagonale.net\/index.php\/2025\/05\/26\/biereth-sacre-champion-dautriche\/\",\"url\":\"https:\/\/www.ladiagonale.net\/index.php\/2025\/05\/26\/biereth-sacre-champion-dautriche\/\",\"name\":\"Biereth sacr\u00e9 champion\u2026 d\u2019Autriche - La Diagonale\",\"isPartOf\":{\"@id\":\"https:\/\/www.ladiagonale.net\/#website\"},\"datePublished\":\"2025-05-26T13:06:46+00:00\",\"dateModified\":\"2025-05-26T13:18:42+00:00\",\"author\":{\"@id\":\"https:\/\/www.ladiagonale.net\/#\/schema\/person\/79ff1e7b0853ed01b2aa26e64ad300bf\"},\"breadcrumb\":{\"@id\":\"https:\/\/www.ladiagonale.net\/index.php\/2025\/05\/26\/biereth-sacre-champion-dautriche\/#breadcrumb\"},\"inLanguage\":\"fr-FR\",\"potentialAction\":[{\"@type\":\"ReadAction\",\"target\":[\"https:\/\/www.ladiagonale.net\/index.php\/2025\/05\/26\/biereth-sacre-champion-dautriche\/\"]}]},{\"@type\":\"BreadcrumbList\",\"@id\":\"https:\/\/www.ladiagonale.net\/index.php\/2025\/05\/26\/biereth-sacre-champion-dautriche\/#breadcrumb\",\"itemListElement\":[{\"@type\":\"ListItem\",\"position\":1,\"name\":\"Accueil\",\"item\":\"https:\/\/www.ladiagonale.net\/\"},{\"@type\":\"ListItem\",\"position\":2,\"name\":\"Biereth sacr\u00e9 champion\u2026 d\u2019Autriche\"}]},{\"@type\":\"WebSite\",\"@id\":\"https:\/\/www.ladiagonale.net\/#website\",\"url\":\"https:\/\/www.ladiagonale.net\/\",\"name\":\"La Diagonale\",\"description\":\"Le site des supporters de l&#039;AS Monaco FC\",\"potentialAction\":[{\"@type\":\"SearchAction\",\"target\":{\"@type\":\"EntryPoint\",\"urlTemplate\":\"https:\/\/www.ladiagonale.net\/?s={search_term_string}\"},\"query-input\":\"required name=search_term_string\"}],\"inLanguage\":\"fr-FR\"},{\"@type\":\"Person\",\"@id\":\"https:\/\/www.ladiagonale.net\/#\/schema\/person\/79ff1e7b0853ed01b2aa26e64ad300bf\",\"name\":\"Damien Dellerba\",\"image\":{\"@type\":\"ImageObject\",\"inLanguage\":\"fr-FR\",\"@id\":\"https:\/\/www.ladiagonale.net\/#\/schema\/person\/image\/\",\"url\":\"https:\/\/secure.gravatar.com\/avatar\/c7850e06d3ff63cdbaee88b7fc16e2f0?s=96&d=mm&r=g\",\"contentUrl\":\"https:\/\/secure.gravatar.com\/avatar\/c7850e06d3ff63cdbaee88b7fc16e2f0?s=96&d=mm&r=g\",\"caption\":\"Damien Dellerba\"},\"url\":\"https:\/\/www.ladiagonale.net\/index.php\/author\/damien\/\"}]}<\/script>\n<!-- \/ Yoast SEO plugin. -->","yoast_head_json":{"title":"Biereth sacr\u00e9 champion\u2026 d\u2019Autriche - La Diagonale","robots":{"index":"index","follow":"follow","max-snippet":"max-snippet:-1","max-image-preview":"max-image-preview:large","max-video-preview":"max-video-preview:-1"},"canonical":"https:\/\/www.ladiagonale.net\/index.php\/2025\/05\/26\/biereth-sacre-champion-dautriche\/","og_locale":"fr_FR","og_type":"article","og_title":"Biereth sacr\u00e9 champion\u2026 d\u2019Autriche - La Diagonale","og_description":"Visiblement tr\u00e8s actif lors des c\u00e9l\u00e9brations pour la qualification de l&rsquo;AS Monaco en Ligue des champions, Mika Biereth a eu une nouvelle occasion de faire la f\u00eate. L\u2019attaquant danois a remport\u00e9 son deuxi\u00e8me titre de champion d\u2019Autriche d\u2019affil\u00e9e, titre acquis par le Sturm Graz lors du week-end pr\u00e9c\u00e9dent. Il s\u2019agit de son troisi\u00e8me sacre sur [...]","og_url":"https:\/\/www.ladiagonale.net\/index.php\/2025\/05\/26\/biereth-sacre-champion-dautriche\/","og_site_name":"La Diagonale","article_published_time":"2025-05-26T13:06:46+00:00","article_modified_time":"2025-05-26T13:18:42+00:00","og_image":[{"width":1160,"height":650,"url":"https:\/\/www.ladiagonale.net\/wp-content\/uploads\/2025\/02\/Biereth-triple\u0301-.png","type":"image\/png"}],"author":"Damien Dellerba","twitter_card":"summary_large_image","twitter_image":"https:\/\/www.ladiagonale.net\/wp-content\/uploads\/2025\/02\/Biereth-triple\u0301-.png","twitter_misc":{"\u00c9crit par":"Damien Dellerba","Dur\u00e9e de lecture estim\u00e9e":"1 minute"},"schema":{"@context":"https:\/\/schema.org","@graph":[{"@type":"WebPage","@id":"https:\/\/www.ladiagonale.net\/index.php\/2025\/05\/26\/biereth-sacre-champion-dautriche\/","url":"https:\/\/www.ladiagonale.net\/index.php\/2025\/05\/26\/biereth-sacre-champion-dautriche\/","name":"Biereth sacr\u00e9 champion\u2026 d\u2019Autriche - La Diagonale","isPartOf":{"@id":"https:\/\/www.ladiagonale.net\/#website"},"datePublished":"2025-05-26T13:06:46+00:00","dateModified":"2025-05-26T13:18:42+00:00","author":{"@id":"https:\/\/www.ladiagonale.net\/#\/schema\/person\/79ff1e7b0853ed01b2aa26e64ad300bf"},"breadcrumb":{"@id":"https:\/\/www.ladiagonale.net\/index.php\/2025\/05\/26\/biereth-sacre-champion-dautriche\/#breadcrumb"},"inLanguage":"fr-FR","potentialAction":[{"@type":"ReadAction","target":["https:\/\/www.ladiagonale.net\/index.php\/2025\/05\/26\/biereth-sacre-champion-dautriche\/"]}]},{"@type":"BreadcrumbList","@id":"https:\/\/www.ladiagonale.net\/index.php\/2025\/05\/26\/biereth-sacre-champion-dautriche\/#breadcrumb","itemListElement":[{"@type":"ListItem","position":1,"name":"Accueil","item":"https:\/\/www.ladiagonale.net\/"},{"@type":"ListItem","position":2,"name":"Biereth sacr\u00e9 champion\u2026 d\u2019Autriche"}]},{"@type":"WebSite","@id":"https:\/\/www.ladiagonale.net\/#website","url":"https:\/\/www.ladiagonale.net\/","name":"La Diagonale","description":"Le site des supporters de l&#039;AS Monaco FC","potentialAction":[{"@type":"SearchAction","target":{"@type":"EntryPoint","urlTemplate":"https:\/\/www.ladiagonale.net\/?s={search_term_string}"},"query-input":"required name=search_term_string"}],"inLanguage":"fr-FR"},{"@type":"Person","@id":"https:\/\/www.ladiagonale.net\/#\/schema\/person\/79ff1e7b0853ed01b2aa26e64ad300bf","name":"Damien Dellerba","image":{"@type":"ImageObject","inLanguage":"fr-FR","@id":"https:\/\/www.ladiagonale.net\/#\/schema\/person\/image\/","url":"https:\/\/secure.gravatar.com\/avatar\/c7850e06d3ff63cdbaee88b7fc16e2f0?s=96&d=mm&r=g","contentUrl":"https:\/\/secure.gravatar.com\/avatar\/c7850e06d3ff63cdbaee88b7fc16e2f0?s=96&d=mm&r=g","caption":"Damien Dellerba"},"url":"https:\/\/www.ladiagonale.net\/index.php\/author\/damien\/"}]}},"_links":{"self":[{"href":"https:\/\/www.ladiagonale.net\/index.php\/wp-json\/wp\/v2\/posts\/31744"}],"collection":[{"href":"https:\/\/www.ladiagonale.net\/index.php\/wp-json\/wp\/v2\/posts"}],"about":[{"href":"https:\/\/www.ladiagonale.net\/index.php\/wp-json\/wp\/v2\/types\/post"}],"author":[{"embeddable":true,"href":"https:\/\/www.ladiagonale.net\/index.php\/wp-json\/wp\/v2\/users\/2"}],"replies":[{"embeddable":true,"href":"https:\/\/www.ladiagonale.net\/index.php\/wp-json\/wp\/v2\/comments?post=31744"}],"version-history":[{"count":2,"href":"https:\/\/www.ladiagonale.net\/index.php\/wp-json\/wp\/v2\/posts\/31744\/revisions"}],"predecessor-version":[{"id":31751,"href":"https:\/\/www.ladiagonale.net\/index.php\/wp-json\/wp\/v2\/posts\/31744\/revisions\/31751"}],"wp:attachment":[{"href":"https:\/\/www.ladiagonale.net\/index.php\/wp-json\/wp\/v2\/media?parent=31744"}],"wp:term":[{"taxonomy":"category","embeddable":true,"href":"https:\/\/www.ladiagonale.net\/index.php\/wp-json\/wp\/v2\/categories?post=31744"},{"taxonomy":"post_tag","embeddable":true,"href":"https:\/\/www.ladiagonale.net\/index.php\/wp-json\/wp\/v2\/tags?post=31744"}],"curies":[{"name":"wp","href":"https:\/\/api.w.org\/{rel}","templated":true}]}}