{"id":31750,"date":"2025-05-26T16:09:43","date_gmt":"2025-05-26T14:09:43","guid":{"rendered":"https:\/\/www.ladiagonale.net\/?p=31750"},"modified":"2025-05-26T16:09:44","modified_gmt":"2025-05-26T14:09:44","slug":"monaco-dans-le-chapeau-4-de-la-ligue-des-champions","status":"publish","type":"post","link":"https:\/\/www.ladiagonale.net\/index.php\/2025\/05\/26\/monaco-dans-le-chapeau-4-de-la-ligue-des-champions\/","title":{"rendered":"Monaco dans le chapeau 4 de la Ligue des champions"},"content":{"rendered":"\n\n\n<p>Qualifi\u00e9e pour la prochaine \u00e9dition de la Ligue des champions depuis d\u00e9j\u00e0 deux semaines et sa victoire contre Lyon (2-0, le 11 mai), l&rsquo;AS Monaco a vu de nombreuses \u00e9quipes rejoindre le tableau de la phase de ligue, \u00e0 l&rsquo;occasion des derni\u00e8res journ\u00e9es des diff\u00e9rents championnats europ\u00e9ens. Avec un coefficient de 41,000, soit 17,000 de plus que la saison pass\u00e9e, l&rsquo;ASM s&rsquo;\u00e9tait rapproch\u00e9 du troisi\u00e8me chapeau mais cela n&rsquo;a finalement pas suffi puisqu&rsquo;elle est d&rsquo;ores et d\u00e9j\u00e0 assur\u00e9e de figurer dans le chapeau 4 de la prochaine \u00e9dition.<\/p>\n\n\n\n<p>Un classement qui rev\u00eat toutefois une importante tr\u00e8s relative avec le nouveau format, introduit l&rsquo;an dernier, puisque les Rouge et Blanc affronteront deux \u00e9quipes de chacun des quatre chapeaux. Pour l&rsquo;heure, 29 clubs sont qualifi\u00e9s, dont l&rsquo;ASM, qui conna\u00eet 26 adversaires potentiels, en excluant le PSG et l&rsquo;OM, sur qui elle ne pourra pas tomber. Sept adversaires potentiels sont encore \u00e0 d\u00e9terminer, et ils ne le seront qu&rsquo;\u00e0 l&rsquo;occasion du mois d&rsquo;ao\u00fbt, lorsque les barrages livreront leur verdict. <\/p>\n\n\n\n<figure class=\"wp-block-image size-full\"><img loading=\"lazy\" width=\"951\" height=\"488\" src=\"https:\/\/www.ladiagonale.net\/wp-content\/uploads\/2025\/05\/Capture-de\u0301cran-2025-05-26-a\u0300-15.43.17.png\" alt=\"\" class=\"wp-image-31752\" srcset=\"https:\/\/www.ladiagonale.net\/wp-content\/uploads\/2025\/05\/Capture-de\u0301cran-2025-05-26-a\u0300-15.43.17.png 951w, https:\/\/www.ladiagonale.net\/wp-content\/uploads\/2025\/05\/Capture-de\u0301cran-2025-05-26-a\u0300-15.43.17-300x154.png 300w, https:\/\/www.ladiagonale.net\/wp-content\/uploads\/2025\/05\/Capture-de\u0301cran-2025-05-26-a\u0300-15.43.17-768x394.png 768w, https:\/\/www.ladiagonale.net\/wp-content\/uploads\/2025\/05\/Capture-de\u0301cran-2025-05-26-a\u0300-15.43.17-128x66.png 128w, https:\/\/www.ladiagonale.net\/wp-content\/uploads\/2025\/05\/Capture-de\u0301cran-2025-05-26-a\u0300-15.43.17-32x16.png 32w\" sizes=\"(max-width: 951px) 100vw, 951px\" \/><figcaption>La r\u00e9partition par chapeau au 26 mai 2025 &#8211; Source : Wikipedia<\/figcaption><\/figure>\n\n\n\n<p>Dans le premier chapeau, on trouve notamment la plupart des gros clubs europ\u00e9ens, comme le Real Madrid, Manchester City, le Bayern Munich, Liverpool ou encore deux des adversaires des Rouge et Blanc lors de la pr\u00e9c\u00e9dente phase de ligue, \u00e0 savoir l&rsquo;Inter Milan et le FC Barcelone. Arsenal, que les Mon\u00e9gasques avaient affront\u00e9s en d\u00e9cembre dernier, se situe dans le chapeau 2 et pourra de nouveau \u00eatre un adversaire possible. Si Benfica et l&rsquo;\u00c9toile rouge Belgrade doivent encore passer par les tours pr\u00e9liminaires, Bologne et le Dinamo Zagreb n&rsquo;en seront pas.<\/p>\n\n\n\n<p>Dans le chapeau trois, l&rsquo;ASM a de grandes chances de se frotter \u00e0 plusieurs champions nationaux : ceux d&rsquo;Italie (Naples), du Portugal (Sporting Portugal), des Pays-Bas (PSV Eindhoven), de Gr\u00e8ce (Olympiakos) ou encore de R\u00e9publique tch\u00e8que (Slavia Prague). \u00c0 moins qu&rsquo;elle ne tombe sur Tottenham, l&rsquo;ancien club de sa nouvelle recrue Eric Dier, vainqueur de la Ligue Europa et qualifi\u00e9 gr\u00e2ce \u00e0 ce sacre malgr\u00e9 une&#8230; 17<sup>e<\/sup> place finale en championnat.<\/p>\n","protected":false},"excerpt":{"rendered":"<p>Qualifi\u00e9e pour la prochaine \u00e9dition de la Ligue des champions depuis d\u00e9j\u00e0 deux semaines et sa victoire contre Lyon (2-0, le 11 mai), l&rsquo;AS Monaco a vu de nombreuses \u00e9quipes rejoindre le tableau de la phase de ligue, \u00e0 l&rsquo;occasion des derni\u00e8res journ\u00e9es des diff\u00e9rents championnats europ\u00e9ens. Avec un coefficient de 41,000, soit 17,000 de [&#8230;]\n","protected":false},"author":2,"featured_media":0,"comment_status":"open","ping_status":"open","sticky":false,"template":"","format":"standard","meta":[],"categories":[6],"tags":[86,287,293],"yoast_head":"<!-- This site is optimized with the Yoast SEO plugin v19.8 - https:\/\/yoast.com\/wordpress\/plugins\/seo\/ -->\n<title>Monaco dans le chapeau 4 de la Ligue des champions - La Diagonale<\/title>\n<meta name=\"robots\" content=\"index, follow, max-snippet:-1, max-image-preview:large, max-video-preview:-1\" \/>\n<link rel=\"canonical\" href=\"https:\/\/www.ladiagonale.net\/index.php\/2025\/05\/26\/monaco-dans-le-chapeau-4-de-la-ligue-des-champions\/\" \/>\n<meta property=\"og:locale\" content=\"fr_FR\" \/>\n<meta property=\"og:type\" content=\"article\" \/>\n<meta property=\"og:title\" content=\"Monaco dans le chapeau 4 de la Ligue des champions - La Diagonale\" \/>\n<meta property=\"og:description\" content=\"Qualifi\u00e9e pour la prochaine \u00e9dition de la Ligue des champions depuis d\u00e9j\u00e0 deux semaines et sa victoire contre Lyon (2-0, le 11 mai), l&rsquo;AS Monaco a vu de nombreuses \u00e9quipes rejoindre le tableau de la phase de ligue, \u00e0 l&rsquo;occasion des derni\u00e8res journ\u00e9es des diff\u00e9rents championnats europ\u00e9ens. Avec un coefficient de 41,000, soit 17,000 de [...]\" \/>\n<meta property=\"og:url\" content=\"https:\/\/www.ladiagonale.net\/index.php\/2025\/05\/26\/monaco-dans-le-chapeau-4-de-la-ligue-des-champions\/\" \/>\n<meta property=\"og:site_name\" content=\"La Diagonale\" \/>\n<meta property=\"article:published_time\" content=\"2025-05-26T14:09:43+00:00\" \/>\n<meta property=\"article:modified_time\" content=\"2025-05-26T14:09:44+00:00\" \/>\n<meta property=\"og:image\" content=\"https:\/\/www.ladiagonale.net\/wp-content\/uploads\/2025\/01\/tirage-ldc.png\" \/>\n\t<meta property=\"og:image:width\" content=\"1160\" \/>\n\t<meta property=\"og:image:height\" content=\"650\" \/>\n\t<meta property=\"og:image:type\" content=\"image\/png\" \/>\n<meta name=\"author\" content=\"Damien Dellerba\" \/>\n<meta name=\"twitter:card\" content=\"summary_large_image\" \/>\n<meta name=\"twitter:image\" content=\"https:\/\/www.ladiagonale.net\/wp-content\/uploads\/2025\/01\/tirage-ldc.png\" \/>\n<meta name=\"twitter:label1\" content=\"\u00c9crit par\" \/>\n\t<meta name=\"twitter:data1\" content=\"Damien Dellerba\" \/>\n\t<meta name=\"twitter:label2\" content=\"Dur\u00e9e de lecture estim\u00e9e\" \/>\n\t<meta name=\"twitter:data2\" content=\"2 minutes\" \/>\n<script type=\"application\/ld+json\" class=\"yoast-schema-graph\">{\"@context\":\"https:\/\/schema.org\",\"@graph\":[{\"@type\":\"WebPage\",\"@id\":\"https:\/\/www.ladiagonale.net\/index.php\/2025\/05\/26\/monaco-dans-le-chapeau-4-de-la-ligue-des-champions\/\",\"url\":\"https:\/\/www.ladiagonale.net\/index.php\/2025\/05\/26\/monaco-dans-le-chapeau-4-de-la-ligue-des-champions\/\",\"name\":\"Monaco dans le chapeau 4 de la Ligue des champions - La Diagonale\",\"isPartOf\":{\"@id\":\"https:\/\/www.ladiagonale.net\/#website\"},\"datePublished\":\"2025-05-26T14:09:43+00:00\",\"dateModified\":\"2025-05-26T14:09:44+00:00\",\"author\":{\"@id\":\"https:\/\/www.ladiagonale.net\/#\/schema\/person\/79ff1e7b0853ed01b2aa26e64ad300bf\"},\"breadcrumb\":{\"@id\":\"https:\/\/www.ladiagonale.net\/index.php\/2025\/05\/26\/monaco-dans-le-chapeau-4-de-la-ligue-des-champions\/#breadcrumb\"},\"inLanguage\":\"fr-FR\",\"potentialAction\":[{\"@type\":\"ReadAction\",\"target\":[\"https:\/\/www.ladiagonale.net\/index.php\/2025\/05\/26\/monaco-dans-le-chapeau-4-de-la-ligue-des-champions\/\"]}]},{\"@type\":\"BreadcrumbList\",\"@id\":\"https:\/\/www.ladiagonale.net\/index.php\/2025\/05\/26\/monaco-dans-le-chapeau-4-de-la-ligue-des-champions\/#breadcrumb\",\"itemListElement\":[{\"@type\":\"ListItem\",\"position\":1,\"name\":\"Accueil\",\"item\":\"https:\/\/www.ladiagonale.net\/\"},{\"@type\":\"ListItem\",\"position\":2,\"name\":\"Monaco dans le chapeau 4 de la Ligue des champions\"}]},{\"@type\":\"WebSite\",\"@id\":\"https:\/\/www.ladiagonale.net\/#website\",\"url\":\"https:\/\/www.ladiagonale.net\/\",\"name\":\"La Diagonale\",\"description\":\"Le site des supporters de l&#039;AS Monaco FC\",\"potentialAction\":[{\"@type\":\"SearchAction\",\"target\":{\"@type\":\"EntryPoint\",\"urlTemplate\":\"https:\/\/www.ladiagonale.net\/?s={search_term_string}\"},\"query-input\":\"required name=search_term_string\"}],\"inLanguage\":\"fr-FR\"},{\"@type\":\"Person\",\"@id\":\"https:\/\/www.ladiagonale.net\/#\/schema\/person\/79ff1e7b0853ed01b2aa26e64ad300bf\",\"name\":\"Damien Dellerba\",\"image\":{\"@type\":\"ImageObject\",\"inLanguage\":\"fr-FR\",\"@id\":\"https:\/\/www.ladiagonale.net\/#\/schema\/person\/image\/\",\"url\":\"https:\/\/secure.gravatar.com\/avatar\/c7850e06d3ff63cdbaee88b7fc16e2f0?s=96&d=mm&r=g\",\"contentUrl\":\"https:\/\/secure.gravatar.com\/avatar\/c7850e06d3ff63cdbaee88b7fc16e2f0?s=96&d=mm&r=g\",\"caption\":\"Damien Dellerba\"},\"url\":\"https:\/\/www.ladiagonale.net\/index.php\/author\/damien\/\"}]}<\/script>\n<!-- \/ Yoast SEO plugin. -->","yoast_head_json":{"title":"Monaco dans le chapeau 4 de la Ligue des champions - La Diagonale","robots":{"index":"index","follow":"follow","max-snippet":"max-snippet:-1","max-image-preview":"max-image-preview:large","max-video-preview":"max-video-preview:-1"},"canonical":"https:\/\/www.ladiagonale.net\/index.php\/2025\/05\/26\/monaco-dans-le-chapeau-4-de-la-ligue-des-champions\/","og_locale":"fr_FR","og_type":"article","og_title":"Monaco dans le chapeau 4 de la Ligue des champions - La Diagonale","og_description":"Qualifi\u00e9e pour la prochaine \u00e9dition de la Ligue des champions depuis d\u00e9j\u00e0 deux semaines et sa victoire contre Lyon (2-0, le 11 mai), l&rsquo;AS Monaco a vu de nombreuses \u00e9quipes rejoindre le tableau de la phase de ligue, \u00e0 l&rsquo;occasion des derni\u00e8res journ\u00e9es des diff\u00e9rents championnats europ\u00e9ens. Avec un coefficient de 41,000, soit 17,000 de [...]","og_url":"https:\/\/www.ladiagonale.net\/index.php\/2025\/05\/26\/monaco-dans-le-chapeau-4-de-la-ligue-des-champions\/","og_site_name":"La Diagonale","article_published_time":"2025-05-26T14:09:43+00:00","article_modified_time":"2025-05-26T14:09:44+00:00","og_image":[{"width":1160,"height":650,"url":"https:\/\/www.ladiagonale.net\/wp-content\/uploads\/2025\/01\/tirage-ldc.png","type":"image\/png"}],"author":"Damien Dellerba","twitter_card":"summary_large_image","twitter_image":"https:\/\/www.ladiagonale.net\/wp-content\/uploads\/2025\/01\/tirage-ldc.png","twitter_misc":{"\u00c9crit par":"Damien Dellerba","Dur\u00e9e de lecture estim\u00e9e":"2 minutes"},"schema":{"@context":"https:\/\/schema.org","@graph":[{"@type":"WebPage","@id":"https:\/\/www.ladiagonale.net\/index.php\/2025\/05\/26\/monaco-dans-le-chapeau-4-de-la-ligue-des-champions\/","url":"https:\/\/www.ladiagonale.net\/index.php\/2025\/05\/26\/monaco-dans-le-chapeau-4-de-la-ligue-des-champions\/","name":"Monaco dans le chapeau 4 de la Ligue des champions - La Diagonale","isPartOf":{"@id":"https:\/\/www.ladiagonale.net\/#website"},"datePublished":"2025-05-26T14:09:43+00:00","dateModified":"2025-05-26T14:09:44+00:00","author":{"@id":"https:\/\/www.ladiagonale.net\/#\/schema\/person\/79ff1e7b0853ed01b2aa26e64ad300bf"},"breadcrumb":{"@id":"https:\/\/www.ladiagonale.net\/index.php\/2025\/05\/26\/monaco-dans-le-chapeau-4-de-la-ligue-des-champions\/#breadcrumb"},"inLanguage":"fr-FR","potentialAction":[{"@type":"ReadAction","target":["https:\/\/www.ladiagonale.net\/index.php\/2025\/05\/26\/monaco-dans-le-chapeau-4-de-la-ligue-des-champions\/"]}]},{"@type":"BreadcrumbList","@id":"https:\/\/www.ladiagonale.net\/index.php\/2025\/05\/26\/monaco-dans-le-chapeau-4-de-la-ligue-des-champions\/#breadcrumb","itemListElement":[{"@type":"ListItem","position":1,"name":"Accueil","item":"https:\/\/www.ladiagonale.net\/"},{"@type":"ListItem","position":2,"name":"Monaco dans le chapeau 4 de la Ligue des champions"}]},{"@type":"WebSite","@id":"https:\/\/www.ladiagonale.net\/#website","url":"https:\/\/www.ladiagonale.net\/","name":"La Diagonale","description":"Le site des supporters de l&#039;AS Monaco FC","potentialAction":[{"@type":"SearchAction","target":{"@type":"EntryPoint","urlTemplate":"https:\/\/www.ladiagonale.net\/?s={search_term_string}"},"query-input":"required name=search_term_string"}],"inLanguage":"fr-FR"},{"@type":"Person","@id":"https:\/\/www.ladiagonale.net\/#\/schema\/person\/79ff1e7b0853ed01b2aa26e64ad300bf","name":"Damien Dellerba","image":{"@type":"ImageObject","inLanguage":"fr-FR","@id":"https:\/\/www.ladiagonale.net\/#\/schema\/person\/image\/","url":"https:\/\/secure.gravatar.com\/avatar\/c7850e06d3ff63cdbaee88b7fc16e2f0?s=96&d=mm&r=g","contentUrl":"https:\/\/secure.gravatar.com\/avatar\/c7850e06d3ff63cdbaee88b7fc16e2f0?s=96&d=mm&r=g","caption":"Damien Dellerba"},"url":"https:\/\/www.ladiagonale.net\/index.php\/author\/damien\/"}]}},"_links":{"self":[{"href":"https:\/\/www.ladiagonale.net\/index.php\/wp-json\/wp\/v2\/posts\/31750"}],"collection":[{"href":"https:\/\/www.ladiagonale.net\/index.php\/wp-json\/wp\/v2\/posts"}],"about":[{"href":"https:\/\/www.ladiagonale.net\/index.php\/wp-json\/wp\/v2\/types\/post"}],"author":[{"embeddable":true,"href":"https:\/\/www.ladiagonale.net\/index.php\/wp-json\/wp\/v2\/users\/2"}],"replies":[{"embeddable":true,"href":"https:\/\/www.ladiagonale.net\/index.php\/wp-json\/wp\/v2\/comments?post=31750"}],"version-history":[{"count":1,"href":"https:\/\/www.ladiagonale.net\/index.php\/wp-json\/wp\/v2\/posts\/31750\/revisions"}],"predecessor-version":[{"id":31753,"href":"https:\/\/www.ladiagonale.net\/index.php\/wp-json\/wp\/v2\/posts\/31750\/revisions\/31753"}],"wp:attachment":[{"href":"https:\/\/www.ladiagonale.net\/index.php\/wp-json\/wp\/v2\/media?parent=31750"}],"wp:term":[{"taxonomy":"category","embeddable":true,"href":"https:\/\/www.ladiagonale.net\/index.php\/wp-json\/wp\/v2\/categories?post=31750"},{"taxonomy":"post_tag","embeddable":true,"href":"https:\/\/www.ladiagonale.net\/index.php\/wp-json\/wp\/v2\/tags?post=31750"}],"curies":[{"name":"wp","href":"https:\/\/api.w.org\/{rel}","templated":true}]}}