{"id":31755,"date":"2025-05-27T12:27:58","date_gmt":"2025-05-27T10:27:58","guid":{"rendered":"https:\/\/www.ladiagonale.net\/?p=31755"},"modified":"2025-07-08T02:09:55","modified_gmt":"2025-07-08T00:09:55","slug":"monaco-pisterait-de-gea","status":"publish","type":"post","link":"https:\/\/www.ladiagonale.net\/index.php\/2025\/05\/27\/monaco-pisterait-de-gea\/","title":{"rendered":"Monaco pisterait De Gea"},"content":{"rendered":"\n\n\n<p>L\u2019AS Monaco n\u2019est pas heureuse de la situation avec ses gardiens. Comme Thiago Scuro l\u2019avait annonc\u00e9 au moment du bilan de la saison, le club de la Principaut\u00e9 <a href=\"https:\/\/www.ladiagonale.net\/index.php\/2025\/05\/19\/lasm-se-cherche-un-nouveau-gardien\/\" target=\"_blank\" rel=\"noreferrer noopener\">tentera de recruter un gardien<\/a> pour venir concurrencer Philipp K\u00f6hn et Radoslaw Majecki, \u00e0 condition que les deux restent, ce qui n\u2019a rien de certain. Selon le journaliste italien Fabrizio Romano, l\u2019ASM aurait plac\u00e9 David De Gea dans la liste de ces cibles. L\u2019ancien portier de Manchester United s\u2019est relanc\u00e9 \u00e0 la Fiorentina cette saison, \u00e0 34 ans, apr\u00e8s une saison enti\u00e8re sans club et a disput\u00e9 42 matches.<\/p>\n\n\n\n<p>De Gea arrive en fin de contrat en juin, mais le club de la <em>Viola<\/em> dispose d\u2019une option pour le faire signer un an de plus, qu\u2019elle peut activer quand bon lui semble. Selon les indiscr\u00e9tions du journaliste italien, les dirigeants florentins voudraient m\u00eame allonger sa dur\u00e9e et cela ralentirait certaines n\u00e9gociations entre le joueur et le club, malgr\u00e9 une volont\u00e9 commune de poursuivre l\u2019aventure. Une piste qui est donc loin de se concr\u00e9tiser en cet instant.<\/p>\n","protected":false},"excerpt":{"rendered":"<p>L\u2019AS Monaco n\u2019est pas heureuse de la situation avec ses gardiens. Comme Thiago Scuro l\u2019avait annonc\u00e9 au moment du bilan de la saison, le club de la Principaut\u00e9 tentera de recruter un gardien pour venir concurrencer Philipp K\u00f6hn et Radoslaw Majecki, \u00e0 condition que les deux restent, ce qui n\u2019a rien de certain. Selon le [&#8230;]\n","protected":false},"author":2,"featured_media":0,"comment_status":"open","ping_status":"open","sticky":false,"template":"","format":"standard","meta":[],"categories":[6,1086],"tags":[86,1050,111,110],"yoast_head":"<!-- This site is optimized with the Yoast SEO plugin v19.8 - https:\/\/yoast.com\/wordpress\/plugins\/seo\/ -->\n<title>Monaco pisterait De Gea - La Diagonale<\/title>\n<meta name=\"robots\" content=\"index, follow, max-snippet:-1, max-image-preview:large, max-video-preview:-1\" \/>\n<link rel=\"canonical\" href=\"https:\/\/www.ladiagonale.net\/index.php\/2025\/05\/27\/monaco-pisterait-de-gea\/\" \/>\n<meta property=\"og:locale\" content=\"fr_FR\" \/>\n<meta property=\"og:type\" content=\"article\" \/>\n<meta property=\"og:title\" content=\"Monaco pisterait De Gea - La Diagonale\" \/>\n<meta property=\"og:description\" content=\"L\u2019AS Monaco n\u2019est pas heureuse de la situation avec ses gardiens. Comme Thiago Scuro l\u2019avait annonc\u00e9 au moment du bilan de la saison, le club de la Principaut\u00e9 tentera de recruter un gardien pour venir concurrencer Philipp K\u00f6hn et Radoslaw Majecki, \u00e0 condition que les deux restent, ce qui n\u2019a rien de certain. Selon le [...]\" \/>\n<meta property=\"og:url\" content=\"https:\/\/www.ladiagonale.net\/index.php\/2025\/05\/27\/monaco-pisterait-de-gea\/\" \/>\n<meta property=\"og:site_name\" content=\"La Diagonale\" \/>\n<meta property=\"article:published_time\" content=\"2025-05-27T10:27:58+00:00\" \/>\n<meta property=\"article:modified_time\" content=\"2025-07-08T00:09:55+00:00\" \/>\n<meta property=\"og:image\" content=\"https:\/\/www.ladiagonale.net\/wp-content\/uploads\/2025\/05\/De-Gea.png\" \/>\n\t<meta property=\"og:image:width\" content=\"1160\" \/>\n\t<meta property=\"og:image:height\" content=\"650\" \/>\n\t<meta property=\"og:image:type\" content=\"image\/png\" \/>\n<meta name=\"author\" content=\"Damien Dellerba\" \/>\n<meta name=\"twitter:card\" content=\"summary_large_image\" \/>\n<meta name=\"twitter:image\" content=\"https:\/\/www.ladiagonale.net\/wp-content\/uploads\/2025\/05\/De-Gea.png\" \/>\n<meta name=\"twitter:label1\" content=\"\u00c9crit par\" \/>\n\t<meta name=\"twitter:data1\" content=\"Damien Dellerba\" \/>\n\t<meta name=\"twitter:label2\" content=\"Dur\u00e9e de lecture estim\u00e9e\" \/>\n\t<meta name=\"twitter:data2\" content=\"1 minute\" \/>\n<script type=\"application\/ld+json\" class=\"yoast-schema-graph\">{\"@context\":\"https:\/\/schema.org\",\"@graph\":[{\"@type\":\"WebPage\",\"@id\":\"https:\/\/www.ladiagonale.net\/index.php\/2025\/05\/27\/monaco-pisterait-de-gea\/\",\"url\":\"https:\/\/www.ladiagonale.net\/index.php\/2025\/05\/27\/monaco-pisterait-de-gea\/\",\"name\":\"Monaco pisterait De Gea - La Diagonale\",\"isPartOf\":{\"@id\":\"https:\/\/www.ladiagonale.net\/#website\"},\"datePublished\":\"2025-05-27T10:27:58+00:00\",\"dateModified\":\"2025-07-08T00:09:55+00:00\",\"author\":{\"@id\":\"https:\/\/www.ladiagonale.net\/#\/schema\/person\/79ff1e7b0853ed01b2aa26e64ad300bf\"},\"breadcrumb\":{\"@id\":\"https:\/\/www.ladiagonale.net\/index.php\/2025\/05\/27\/monaco-pisterait-de-gea\/#breadcrumb\"},\"inLanguage\":\"fr-FR\",\"potentialAction\":[{\"@type\":\"ReadAction\",\"target\":[\"https:\/\/www.ladiagonale.net\/index.php\/2025\/05\/27\/monaco-pisterait-de-gea\/\"]}]},{\"@type\":\"BreadcrumbList\",\"@id\":\"https:\/\/www.ladiagonale.net\/index.php\/2025\/05\/27\/monaco-pisterait-de-gea\/#breadcrumb\",\"itemListElement\":[{\"@type\":\"ListItem\",\"position\":1,\"name\":\"Accueil\",\"item\":\"https:\/\/www.ladiagonale.net\/\"},{\"@type\":\"ListItem\",\"position\":2,\"name\":\"Monaco pisterait De Gea\"}]},{\"@type\":\"WebSite\",\"@id\":\"https:\/\/www.ladiagonale.net\/#website\",\"url\":\"https:\/\/www.ladiagonale.net\/\",\"name\":\"La Diagonale\",\"description\":\"Le site des supporters de l&#039;AS Monaco FC\",\"potentialAction\":[{\"@type\":\"SearchAction\",\"target\":{\"@type\":\"EntryPoint\",\"urlTemplate\":\"https:\/\/www.ladiagonale.net\/?s={search_term_string}\"},\"query-input\":\"required name=search_term_string\"}],\"inLanguage\":\"fr-FR\"},{\"@type\":\"Person\",\"@id\":\"https:\/\/www.ladiagonale.net\/#\/schema\/person\/79ff1e7b0853ed01b2aa26e64ad300bf\",\"name\":\"Damien Dellerba\",\"image\":{\"@type\":\"ImageObject\",\"inLanguage\":\"fr-FR\",\"@id\":\"https:\/\/www.ladiagonale.net\/#\/schema\/person\/image\/\",\"url\":\"https:\/\/secure.gravatar.com\/avatar\/c7850e06d3ff63cdbaee88b7fc16e2f0?s=96&d=mm&r=g\",\"contentUrl\":\"https:\/\/secure.gravatar.com\/avatar\/c7850e06d3ff63cdbaee88b7fc16e2f0?s=96&d=mm&r=g\",\"caption\":\"Damien Dellerba\"},\"url\":\"https:\/\/www.ladiagonale.net\/index.php\/author\/damien\/\"}]}<\/script>\n<!-- \/ Yoast SEO plugin. -->","yoast_head_json":{"title":"Monaco pisterait De Gea - La Diagonale","robots":{"index":"index","follow":"follow","max-snippet":"max-snippet:-1","max-image-preview":"max-image-preview:large","max-video-preview":"max-video-preview:-1"},"canonical":"https:\/\/www.ladiagonale.net\/index.php\/2025\/05\/27\/monaco-pisterait-de-gea\/","og_locale":"fr_FR","og_type":"article","og_title":"Monaco pisterait De Gea - La Diagonale","og_description":"L\u2019AS Monaco n\u2019est pas heureuse de la situation avec ses gardiens. Comme Thiago Scuro l\u2019avait annonc\u00e9 au moment du bilan de la saison, le club de la Principaut\u00e9 tentera de recruter un gardien pour venir concurrencer Philipp K\u00f6hn et Radoslaw Majecki, \u00e0 condition que les deux restent, ce qui n\u2019a rien de certain. Selon le [...]","og_url":"https:\/\/www.ladiagonale.net\/index.php\/2025\/05\/27\/monaco-pisterait-de-gea\/","og_site_name":"La Diagonale","article_published_time":"2025-05-27T10:27:58+00:00","article_modified_time":"2025-07-08T00:09:55+00:00","og_image":[{"width":1160,"height":650,"url":"https:\/\/www.ladiagonale.net\/wp-content\/uploads\/2025\/05\/De-Gea.png","type":"image\/png"}],"author":"Damien Dellerba","twitter_card":"summary_large_image","twitter_image":"https:\/\/www.ladiagonale.net\/wp-content\/uploads\/2025\/05\/De-Gea.png","twitter_misc":{"\u00c9crit par":"Damien Dellerba","Dur\u00e9e de lecture estim\u00e9e":"1 minute"},"schema":{"@context":"https:\/\/schema.org","@graph":[{"@type":"WebPage","@id":"https:\/\/www.ladiagonale.net\/index.php\/2025\/05\/27\/monaco-pisterait-de-gea\/","url":"https:\/\/www.ladiagonale.net\/index.php\/2025\/05\/27\/monaco-pisterait-de-gea\/","name":"Monaco pisterait De Gea - La Diagonale","isPartOf":{"@id":"https:\/\/www.ladiagonale.net\/#website"},"datePublished":"2025-05-27T10:27:58+00:00","dateModified":"2025-07-08T00:09:55+00:00","author":{"@id":"https:\/\/www.ladiagonale.net\/#\/schema\/person\/79ff1e7b0853ed01b2aa26e64ad300bf"},"breadcrumb":{"@id":"https:\/\/www.ladiagonale.net\/index.php\/2025\/05\/27\/monaco-pisterait-de-gea\/#breadcrumb"},"inLanguage":"fr-FR","potentialAction":[{"@type":"ReadAction","target":["https:\/\/www.ladiagonale.net\/index.php\/2025\/05\/27\/monaco-pisterait-de-gea\/"]}]},{"@type":"BreadcrumbList","@id":"https:\/\/www.ladiagonale.net\/index.php\/2025\/05\/27\/monaco-pisterait-de-gea\/#breadcrumb","itemListElement":[{"@type":"ListItem","position":1,"name":"Accueil","item":"https:\/\/www.ladiagonale.net\/"},{"@type":"ListItem","position":2,"name":"Monaco pisterait De Gea"}]},{"@type":"WebSite","@id":"https:\/\/www.ladiagonale.net\/#website","url":"https:\/\/www.ladiagonale.net\/","name":"La Diagonale","description":"Le site des supporters de l&#039;AS Monaco FC","potentialAction":[{"@type":"SearchAction","target":{"@type":"EntryPoint","urlTemplate":"https:\/\/www.ladiagonale.net\/?s={search_term_string}"},"query-input":"required name=search_term_string"}],"inLanguage":"fr-FR"},{"@type":"Person","@id":"https:\/\/www.ladiagonale.net\/#\/schema\/person\/79ff1e7b0853ed01b2aa26e64ad300bf","name":"Damien Dellerba","image":{"@type":"ImageObject","inLanguage":"fr-FR","@id":"https:\/\/www.ladiagonale.net\/#\/schema\/person\/image\/","url":"https:\/\/secure.gravatar.com\/avatar\/c7850e06d3ff63cdbaee88b7fc16e2f0?s=96&d=mm&r=g","contentUrl":"https:\/\/secure.gravatar.com\/avatar\/c7850e06d3ff63cdbaee88b7fc16e2f0?s=96&d=mm&r=g","caption":"Damien Dellerba"},"url":"https:\/\/www.ladiagonale.net\/index.php\/author\/damien\/"}]}},"_links":{"self":[{"href":"https:\/\/www.ladiagonale.net\/index.php\/wp-json\/wp\/v2\/posts\/31755"}],"collection":[{"href":"https:\/\/www.ladiagonale.net\/index.php\/wp-json\/wp\/v2\/posts"}],"about":[{"href":"https:\/\/www.ladiagonale.net\/index.php\/wp-json\/wp\/v2\/types\/post"}],"author":[{"embeddable":true,"href":"https:\/\/www.ladiagonale.net\/index.php\/wp-json\/wp\/v2\/users\/2"}],"replies":[{"embeddable":true,"href":"https:\/\/www.ladiagonale.net\/index.php\/wp-json\/wp\/v2\/comments?post=31755"}],"version-history":[{"count":3,"href":"https:\/\/www.ladiagonale.net\/index.php\/wp-json\/wp\/v2\/posts\/31755\/revisions"}],"predecessor-version":[{"id":31759,"href":"https:\/\/www.ladiagonale.net\/index.php\/wp-json\/wp\/v2\/posts\/31755\/revisions\/31759"}],"wp:attachment":[{"href":"https:\/\/www.ladiagonale.net\/index.php\/wp-json\/wp\/v2\/media?parent=31755"}],"wp:term":[{"taxonomy":"category","embeddable":true,"href":"https:\/\/www.ladiagonale.net\/index.php\/wp-json\/wp\/v2\/categories?post=31755"},{"taxonomy":"post_tag","embeddable":true,"href":"https:\/\/www.ladiagonale.net\/index.php\/wp-json\/wp\/v2\/tags?post=31755"}],"curies":[{"name":"wp","href":"https:\/\/api.w.org\/{rel}","templated":true}]}}