{"id":31811,"date":"2025-06-02T02:29:35","date_gmt":"2025-06-02T00:29:35","guid":{"rendered":"https:\/\/www.ladiagonale.net\/?p=31811"},"modified":"2025-06-02T02:29:36","modified_gmt":"2025-06-02T00:29:36","slug":"magassa-a-leuro-espoirs","status":"publish","type":"post","link":"https:\/\/www.ladiagonale.net\/index.php\/2025\/06\/02\/magassa-a-leuro-espoirs\/","title":{"rendered":"Magassa \u00e0 l&rsquo;Euro Espoirs"},"content":{"rendered":"\n\n\n<p>Soungoutou Magassa aura finalement la possibilit\u00e9 de participer \u00e0 l&rsquo;Euro Espoirs. La F\u00e9d\u00e9ration fran\u00e7aise de football a indiqu\u00e9 que le milieu de terrain de l&rsquo;AS Monaco avait \u00e9t\u00e9 appel\u00e9 par G\u00e9rald Baticle en remplacement de l&rsquo;ancien Mon\u00e9gasque Enzo Millot, forfait pour des raisons familiales. <\/p>\n\n\n\n<p>Le Rouge et Blanc de 21 ans disputera sa deuxi\u00e8me comp\u00e9tition internationale avec les Bleuets, apr\u00e8s les Jeux Olympiques l&rsquo;\u00e9t\u00e9 dernier, o\u00f9 il avait gagn\u00e9 une m\u00e9daille d&rsquo;argent en compagnie de Maghnes Akliouche. La comp\u00e9tition se d\u00e9roulera du 11 au 28 juin, en Slovaquie, mais avant, la France affrontera l&rsquo;Ouzb\u00e9kistan en amical mercredi.<\/p>\n\n\n\n<p>Magassa retrouvera Christian Mawissa et Sa\u00efmon Bouabr\u00e9, d\u00e9j\u00e0 appel\u00e9s pour le stage de pr\u00e9paration, m\u00eame si ce dernier pourrait \u00eatre amen\u00e9 \u00e0 retrouver les U20 afin de disputer le Tournoi Maurice-Revello, sauf s&rsquo;il convainc le staff de Bleuets de faire partir de la liste d\u00e9finitive et du voyage.<\/p>\n","protected":false},"excerpt":{"rendered":"<p>Soungoutou Magassa aura finalement la possibilit\u00e9 de participer \u00e0 l&rsquo;Euro Espoirs. La F\u00e9d\u00e9ration fran\u00e7aise de football a indiqu\u00e9 que le milieu de terrain de l&rsquo;AS Monaco avait \u00e9t\u00e9 appel\u00e9 par G\u00e9rald Baticle en remplacement de l&rsquo;ancien Mon\u00e9gasque Enzo Millot, forfait pour des raisons familiales. Le Rouge et Blanc de 21 ans disputera sa deuxi\u00e8me comp\u00e9tition [&#8230;]\n","protected":false},"author":2,"featured_media":0,"comment_status":"open","ping_status":"open","sticky":false,"template":"","format":"standard","meta":[],"categories":[6],"tags":[86,311,577,116,147],"yoast_head":"<!-- This site is optimized with the Yoast SEO plugin v19.8 - https:\/\/yoast.com\/wordpress\/plugins\/seo\/ -->\n<title>Magassa \u00e0 l&#039;Euro Espoirs - La Diagonale<\/title>\n<meta name=\"robots\" content=\"index, follow, max-snippet:-1, max-image-preview:large, max-video-preview:-1\" \/>\n<link rel=\"canonical\" href=\"https:\/\/www.ladiagonale.net\/index.php\/2025\/06\/02\/magassa-a-leuro-espoirs\/\" \/>\n<meta property=\"og:locale\" content=\"fr_FR\" \/>\n<meta property=\"og:type\" content=\"article\" \/>\n<meta property=\"og:title\" content=\"Magassa \u00e0 l&#039;Euro Espoirs - La Diagonale\" \/>\n<meta property=\"og:description\" content=\"Soungoutou Magassa aura finalement la possibilit\u00e9 de participer \u00e0 l&rsquo;Euro Espoirs. La F\u00e9d\u00e9ration fran\u00e7aise de football a indiqu\u00e9 que le milieu de terrain de l&rsquo;AS Monaco avait \u00e9t\u00e9 appel\u00e9 par G\u00e9rald Baticle en remplacement de l&rsquo;ancien Mon\u00e9gasque Enzo Millot, forfait pour des raisons familiales. Le Rouge et Blanc de 21 ans disputera sa deuxi\u00e8me comp\u00e9tition [...]\" \/>\n<meta property=\"og:url\" content=\"https:\/\/www.ladiagonale.net\/index.php\/2025\/06\/02\/magassa-a-leuro-espoirs\/\" \/>\n<meta property=\"og:site_name\" content=\"La Diagonale\" \/>\n<meta property=\"article:published_time\" content=\"2025-06-02T00:29:35+00:00\" \/>\n<meta property=\"article:modified_time\" content=\"2025-06-02T00:29:36+00:00\" \/>\n<meta property=\"og:image\" content=\"https:\/\/www.ladiagonale.net\/wp-content\/uploads\/2025\/06\/magassa-france.png\" \/>\n\t<meta property=\"og:image:width\" content=\"1160\" \/>\n\t<meta property=\"og:image:height\" content=\"650\" \/>\n\t<meta property=\"og:image:type\" content=\"image\/png\" \/>\n<meta name=\"author\" content=\"Damien Dellerba\" \/>\n<meta name=\"twitter:card\" content=\"summary_large_image\" \/>\n<meta name=\"twitter:image\" content=\"https:\/\/www.ladiagonale.net\/wp-content\/uploads\/2025\/06\/magassa-france.png\" \/>\n<meta name=\"twitter:label1\" content=\"\u00c9crit par\" \/>\n\t<meta name=\"twitter:data1\" content=\"Damien Dellerba\" \/>\n\t<meta name=\"twitter:label2\" content=\"Dur\u00e9e de lecture estim\u00e9e\" \/>\n\t<meta name=\"twitter:data2\" content=\"1 minute\" \/>\n<script type=\"application\/ld+json\" class=\"yoast-schema-graph\">{\"@context\":\"https:\/\/schema.org\",\"@graph\":[{\"@type\":\"WebPage\",\"@id\":\"https:\/\/www.ladiagonale.net\/index.php\/2025\/06\/02\/magassa-a-leuro-espoirs\/\",\"url\":\"https:\/\/www.ladiagonale.net\/index.php\/2025\/06\/02\/magassa-a-leuro-espoirs\/\",\"name\":\"Magassa \u00e0 l'Euro Espoirs - La Diagonale\",\"isPartOf\":{\"@id\":\"https:\/\/www.ladiagonale.net\/#website\"},\"datePublished\":\"2025-06-02T00:29:35+00:00\",\"dateModified\":\"2025-06-02T00:29:36+00:00\",\"author\":{\"@id\":\"https:\/\/www.ladiagonale.net\/#\/schema\/person\/79ff1e7b0853ed01b2aa26e64ad300bf\"},\"breadcrumb\":{\"@id\":\"https:\/\/www.ladiagonale.net\/index.php\/2025\/06\/02\/magassa-a-leuro-espoirs\/#breadcrumb\"},\"inLanguage\":\"fr-FR\",\"potentialAction\":[{\"@type\":\"ReadAction\",\"target\":[\"https:\/\/www.ladiagonale.net\/index.php\/2025\/06\/02\/magassa-a-leuro-espoirs\/\"]}]},{\"@type\":\"BreadcrumbList\",\"@id\":\"https:\/\/www.ladiagonale.net\/index.php\/2025\/06\/02\/magassa-a-leuro-espoirs\/#breadcrumb\",\"itemListElement\":[{\"@type\":\"ListItem\",\"position\":1,\"name\":\"Accueil\",\"item\":\"https:\/\/www.ladiagonale.net\/\"},{\"@type\":\"ListItem\",\"position\":2,\"name\":\"Magassa \u00e0 l&rsquo;Euro Espoirs\"}]},{\"@type\":\"WebSite\",\"@id\":\"https:\/\/www.ladiagonale.net\/#website\",\"url\":\"https:\/\/www.ladiagonale.net\/\",\"name\":\"La Diagonale\",\"description\":\"Le site des supporters de l&#039;AS Monaco FC\",\"potentialAction\":[{\"@type\":\"SearchAction\",\"target\":{\"@type\":\"EntryPoint\",\"urlTemplate\":\"https:\/\/www.ladiagonale.net\/?s={search_term_string}\"},\"query-input\":\"required name=search_term_string\"}],\"inLanguage\":\"fr-FR\"},{\"@type\":\"Person\",\"@id\":\"https:\/\/www.ladiagonale.net\/#\/schema\/person\/79ff1e7b0853ed01b2aa26e64ad300bf\",\"name\":\"Damien Dellerba\",\"image\":{\"@type\":\"ImageObject\",\"inLanguage\":\"fr-FR\",\"@id\":\"https:\/\/www.ladiagonale.net\/#\/schema\/person\/image\/\",\"url\":\"https:\/\/secure.gravatar.com\/avatar\/c7850e06d3ff63cdbaee88b7fc16e2f0?s=96&d=mm&r=g\",\"contentUrl\":\"https:\/\/secure.gravatar.com\/avatar\/c7850e06d3ff63cdbaee88b7fc16e2f0?s=96&d=mm&r=g\",\"caption\":\"Damien Dellerba\"},\"url\":\"https:\/\/www.ladiagonale.net\/index.php\/author\/damien\/\"}]}<\/script>\n<!-- \/ Yoast SEO plugin. -->","yoast_head_json":{"title":"Magassa \u00e0 l'Euro Espoirs - La Diagonale","robots":{"index":"index","follow":"follow","max-snippet":"max-snippet:-1","max-image-preview":"max-image-preview:large","max-video-preview":"max-video-preview:-1"},"canonical":"https:\/\/www.ladiagonale.net\/index.php\/2025\/06\/02\/magassa-a-leuro-espoirs\/","og_locale":"fr_FR","og_type":"article","og_title":"Magassa \u00e0 l'Euro Espoirs - La Diagonale","og_description":"Soungoutou Magassa aura finalement la possibilit\u00e9 de participer \u00e0 l&rsquo;Euro Espoirs. La F\u00e9d\u00e9ration fran\u00e7aise de football a indiqu\u00e9 que le milieu de terrain de l&rsquo;AS Monaco avait \u00e9t\u00e9 appel\u00e9 par G\u00e9rald Baticle en remplacement de l&rsquo;ancien Mon\u00e9gasque Enzo Millot, forfait pour des raisons familiales. Le Rouge et Blanc de 21 ans disputera sa deuxi\u00e8me comp\u00e9tition [...]","og_url":"https:\/\/www.ladiagonale.net\/index.php\/2025\/06\/02\/magassa-a-leuro-espoirs\/","og_site_name":"La Diagonale","article_published_time":"2025-06-02T00:29:35+00:00","article_modified_time":"2025-06-02T00:29:36+00:00","og_image":[{"width":1160,"height":650,"url":"https:\/\/www.ladiagonale.net\/wp-content\/uploads\/2025\/06\/magassa-france.png","type":"image\/png"}],"author":"Damien Dellerba","twitter_card":"summary_large_image","twitter_image":"https:\/\/www.ladiagonale.net\/wp-content\/uploads\/2025\/06\/magassa-france.png","twitter_misc":{"\u00c9crit par":"Damien Dellerba","Dur\u00e9e de lecture estim\u00e9e":"1 minute"},"schema":{"@context":"https:\/\/schema.org","@graph":[{"@type":"WebPage","@id":"https:\/\/www.ladiagonale.net\/index.php\/2025\/06\/02\/magassa-a-leuro-espoirs\/","url":"https:\/\/www.ladiagonale.net\/index.php\/2025\/06\/02\/magassa-a-leuro-espoirs\/","name":"Magassa \u00e0 l'Euro Espoirs - La Diagonale","isPartOf":{"@id":"https:\/\/www.ladiagonale.net\/#website"},"datePublished":"2025-06-02T00:29:35+00:00","dateModified":"2025-06-02T00:29:36+00:00","author":{"@id":"https:\/\/www.ladiagonale.net\/#\/schema\/person\/79ff1e7b0853ed01b2aa26e64ad300bf"},"breadcrumb":{"@id":"https:\/\/www.ladiagonale.net\/index.php\/2025\/06\/02\/magassa-a-leuro-espoirs\/#breadcrumb"},"inLanguage":"fr-FR","potentialAction":[{"@type":"ReadAction","target":["https:\/\/www.ladiagonale.net\/index.php\/2025\/06\/02\/magassa-a-leuro-espoirs\/"]}]},{"@type":"BreadcrumbList","@id":"https:\/\/www.ladiagonale.net\/index.php\/2025\/06\/02\/magassa-a-leuro-espoirs\/#breadcrumb","itemListElement":[{"@type":"ListItem","position":1,"name":"Accueil","item":"https:\/\/www.ladiagonale.net\/"},{"@type":"ListItem","position":2,"name":"Magassa \u00e0 l&rsquo;Euro Espoirs"}]},{"@type":"WebSite","@id":"https:\/\/www.ladiagonale.net\/#website","url":"https:\/\/www.ladiagonale.net\/","name":"La Diagonale","description":"Le site des supporters de l&#039;AS Monaco FC","potentialAction":[{"@type":"SearchAction","target":{"@type":"EntryPoint","urlTemplate":"https:\/\/www.ladiagonale.net\/?s={search_term_string}"},"query-input":"required name=search_term_string"}],"inLanguage":"fr-FR"},{"@type":"Person","@id":"https:\/\/www.ladiagonale.net\/#\/schema\/person\/79ff1e7b0853ed01b2aa26e64ad300bf","name":"Damien Dellerba","image":{"@type":"ImageObject","inLanguage":"fr-FR","@id":"https:\/\/www.ladiagonale.net\/#\/schema\/person\/image\/","url":"https:\/\/secure.gravatar.com\/avatar\/c7850e06d3ff63cdbaee88b7fc16e2f0?s=96&d=mm&r=g","contentUrl":"https:\/\/secure.gravatar.com\/avatar\/c7850e06d3ff63cdbaee88b7fc16e2f0?s=96&d=mm&r=g","caption":"Damien Dellerba"},"url":"https:\/\/www.ladiagonale.net\/index.php\/author\/damien\/"}]}},"_links":{"self":[{"href":"https:\/\/www.ladiagonale.net\/index.php\/wp-json\/wp\/v2\/posts\/31811"}],"collection":[{"href":"https:\/\/www.ladiagonale.net\/index.php\/wp-json\/wp\/v2\/posts"}],"about":[{"href":"https:\/\/www.ladiagonale.net\/index.php\/wp-json\/wp\/v2\/types\/post"}],"author":[{"embeddable":true,"href":"https:\/\/www.ladiagonale.net\/index.php\/wp-json\/wp\/v2\/users\/2"}],"replies":[{"embeddable":true,"href":"https:\/\/www.ladiagonale.net\/index.php\/wp-json\/wp\/v2\/comments?post=31811"}],"version-history":[{"count":1,"href":"https:\/\/www.ladiagonale.net\/index.php\/wp-json\/wp\/v2\/posts\/31811\/revisions"}],"predecessor-version":[{"id":31814,"href":"https:\/\/www.ladiagonale.net\/index.php\/wp-json\/wp\/v2\/posts\/31811\/revisions\/31814"}],"wp:attachment":[{"href":"https:\/\/www.ladiagonale.net\/index.php\/wp-json\/wp\/v2\/media?parent=31811"}],"wp:term":[{"taxonomy":"category","embeddable":true,"href":"https:\/\/www.ladiagonale.net\/index.php\/wp-json\/wp\/v2\/categories?post=31811"},{"taxonomy":"post_tag","embeddable":true,"href":"https:\/\/www.ladiagonale.net\/index.php\/wp-json\/wp\/v2\/tags?post=31811"}],"curies":[{"name":"wp","href":"https:\/\/api.w.org\/{rel}","templated":true}]}}