{"id":31819,"date":"2025-06-02T18:55:07","date_gmt":"2025-06-02T16:55:07","guid":{"rendered":"https:\/\/www.ladiagonale.net\/?p=31819"},"modified":"2025-07-08T02:09:55","modified_gmt":"2025-07-08T00:09:55","slug":"kehrer-a-propos-dakliouche-il-prendra-les-bonnes-decisions","status":"publish","type":"post","link":"https:\/\/www.ladiagonale.net\/index.php\/2025\/06\/02\/kehrer-a-propos-dakliouche-il-prendra-les-bonnes-decisions\/","title":{"rendered":"Kehrer \u00e0 propos d\u2019Akliouche : \u00ab\u00a0Il prendra les bonnes d\u00e9cisions\u00a0\u00bb"},"content":{"rendered":"\n\n\n<p>L\u2019avenir de Maghnes Akliouche sera assur\u00e9ment l\u2019un des <a href=\"https:\/\/www.ladiagonale.net\/index.php\/2025\/05\/21\/monaco-empecherait-akliouche-de-disputer-leuro-espoirs\/\" target=\"_blank\" rel=\"noreferrer noopener\">sujets br\u00fblants<\/a> de l\u2019\u00e9t\u00e9 de l\u2019AS Monaco. Courtis\u00e9 notamment par le tout nouveau vainqueur de la Ligue des champions, le Paris Saint-Germain, le milieu offensif de 23 ans dispose d\u2019un bon de sortie. Interrog\u00e9 par le m\u00e9dia <em>Carr\u00e9<\/em>, le vice-capitaine mon\u00e9gasque Thilo Kehrer, <a href=\"https:\/\/www.ladiagonale.net\/index.php\/2025\/06\/02\/kehrer-retrouve-la-mannschaft\/\" target=\"_blank\" rel=\"noreferrer noopener\">appel\u00e9 en s\u00e9lection allemande<\/a> pour la premi\u00e8re fois depuis 2023 et qui a bien connu le contexte parisien entre 2018 et 2022, estime qu\u2019Akliouche saura faire le bon choix pour son avenir : \u00ab\u00a0<em>Je pense qu\u2019il va grandir et faire ses propres exp\u00e9riences. Ce n\u2019est pas \u00e0 moi de lui donner des conseils parce qu\u2019il a sa vie, des gens autour de lui pour \u00e7a. Il prendra les bonnes d\u00e9cisions pour sa vie et sa carri\u00e8re.<\/em>\u00a0\u00bb<\/p>\n\n\n\n<p>Le d\u00e9fenseur central a aussi lou\u00e9 le s\u00e9rieux de l\u2019international Espoirs, ce qui lui a valu de franchir les \u00e9tapes une \u00e0 une : \u00ab\u00a0<em>C\u2019est quelqu\u2019un qui a travaill\u00e9 dur pour \u00eatre l\u00e0 o\u00f9 il est aujourd\u2019hui. De ce que j\u2019observe, ce n\u2019est pas quelqu\u2019un qui a perc\u00e9 tr\u00e8s vite. Il a pris son temps, beaucoup progress\u00e9 au club depuis ses premi\u00e8res ann\u00e9es en montant chez les pros. Tous les jeunes chez nous ont un talent immense mais ils savent que tout n\u2019est pas donn\u00e9 et qu\u2019il faut travailler dur pour percer. Maghnes a conscience de \u00e7a. C\u2019est un gar\u00e7on intelligent, je ne suis pas inquiet pour lui.\u00a0<\/em>\u00bb<\/p>\n","protected":false},"excerpt":{"rendered":"<p>L\u2019avenir de Maghnes Akliouche sera assur\u00e9ment l\u2019un des sujets br\u00fblants de l\u2019\u00e9t\u00e9 de l\u2019AS Monaco. Courtis\u00e9 notamment par le tout nouveau vainqueur de la Ligue des champions, le Paris Saint-Germain, le milieu offensif de 23 ans dispose d\u2019un bon de sortie. Interrog\u00e9 par le m\u00e9dia Carr\u00e9, le vice-capitaine mon\u00e9gasque Thilo Kehrer, appel\u00e9 en s\u00e9lection allemande [&#8230;]\n","protected":false},"author":2,"featured_media":0,"comment_status":"open","ping_status":"open","sticky":false,"template":"","format":"standard","meta":[],"categories":[6,1086],"tags":[86,190,111,756,110],"yoast_head":"<!-- This site is optimized with the Yoast SEO plugin v19.8 - https:\/\/yoast.com\/wordpress\/plugins\/seo\/ -->\n<title>Kehrer \u00e0 propos d\u2019Akliouche : \u00ab\u00a0Il prendra les bonnes d\u00e9cisions\u00a0\u00bb - La Diagonale<\/title>\n<meta name=\"robots\" content=\"index, follow, max-snippet:-1, max-image-preview:large, max-video-preview:-1\" \/>\n<link rel=\"canonical\" href=\"https:\/\/www.ladiagonale.net\/index.php\/2025\/06\/02\/kehrer-a-propos-dakliouche-il-prendra-les-bonnes-decisions\/\" \/>\n<meta property=\"og:locale\" content=\"fr_FR\" \/>\n<meta property=\"og:type\" content=\"article\" \/>\n<meta property=\"og:title\" content=\"Kehrer \u00e0 propos d\u2019Akliouche : \u00ab\u00a0Il prendra les bonnes d\u00e9cisions\u00a0\u00bb - La Diagonale\" \/>\n<meta property=\"og:description\" content=\"L\u2019avenir de Maghnes Akliouche sera assur\u00e9ment l\u2019un des sujets br\u00fblants de l\u2019\u00e9t\u00e9 de l\u2019AS Monaco. Courtis\u00e9 notamment par le tout nouveau vainqueur de la Ligue des champions, le Paris Saint-Germain, le milieu offensif de 23 ans dispose d\u2019un bon de sortie. Interrog\u00e9 par le m\u00e9dia Carr\u00e9, le vice-capitaine mon\u00e9gasque Thilo Kehrer, appel\u00e9 en s\u00e9lection allemande [...]\" \/>\n<meta property=\"og:url\" content=\"https:\/\/www.ladiagonale.net\/index.php\/2025\/06\/02\/kehrer-a-propos-dakliouche-il-prendra-les-bonnes-decisions\/\" \/>\n<meta property=\"og:site_name\" content=\"La Diagonale\" \/>\n<meta property=\"article:published_time\" content=\"2025-06-02T16:55:07+00:00\" \/>\n<meta property=\"article:modified_time\" content=\"2025-07-08T00:09:55+00:00\" \/>\n<meta property=\"og:image\" content=\"https:\/\/www.ladiagonale.net\/wp-content\/uploads\/2025\/01\/Akliouche.png\" \/>\n\t<meta property=\"og:image:width\" content=\"1160\" \/>\n\t<meta property=\"og:image:height\" content=\"650\" \/>\n\t<meta property=\"og:image:type\" content=\"image\/png\" \/>\n<meta name=\"author\" content=\"Damien Dellerba\" \/>\n<meta name=\"twitter:card\" content=\"summary_large_image\" \/>\n<meta name=\"twitter:image\" content=\"https:\/\/www.ladiagonale.net\/wp-content\/uploads\/2025\/01\/Akliouche.png\" \/>\n<meta name=\"twitter:label1\" content=\"\u00c9crit par\" \/>\n\t<meta name=\"twitter:data1\" content=\"Damien Dellerba\" \/>\n\t<meta name=\"twitter:label2\" content=\"Dur\u00e9e de lecture estim\u00e9e\" \/>\n\t<meta name=\"twitter:data2\" content=\"2 minutes\" \/>\n<script type=\"application\/ld+json\" class=\"yoast-schema-graph\">{\"@context\":\"https:\/\/schema.org\",\"@graph\":[{\"@type\":\"WebPage\",\"@id\":\"https:\/\/www.ladiagonale.net\/index.php\/2025\/06\/02\/kehrer-a-propos-dakliouche-il-prendra-les-bonnes-decisions\/\",\"url\":\"https:\/\/www.ladiagonale.net\/index.php\/2025\/06\/02\/kehrer-a-propos-dakliouche-il-prendra-les-bonnes-decisions\/\",\"name\":\"Kehrer \u00e0 propos d\u2019Akliouche : \u00ab\u00a0Il prendra les bonnes d\u00e9cisions\u00a0\u00bb - La Diagonale\",\"isPartOf\":{\"@id\":\"https:\/\/www.ladiagonale.net\/#website\"},\"datePublished\":\"2025-06-02T16:55:07+00:00\",\"dateModified\":\"2025-07-08T00:09:55+00:00\",\"author\":{\"@id\":\"https:\/\/www.ladiagonale.net\/#\/schema\/person\/79ff1e7b0853ed01b2aa26e64ad300bf\"},\"breadcrumb\":{\"@id\":\"https:\/\/www.ladiagonale.net\/index.php\/2025\/06\/02\/kehrer-a-propos-dakliouche-il-prendra-les-bonnes-decisions\/#breadcrumb\"},\"inLanguage\":\"fr-FR\",\"potentialAction\":[{\"@type\":\"ReadAction\",\"target\":[\"https:\/\/www.ladiagonale.net\/index.php\/2025\/06\/02\/kehrer-a-propos-dakliouche-il-prendra-les-bonnes-decisions\/\"]}]},{\"@type\":\"BreadcrumbList\",\"@id\":\"https:\/\/www.ladiagonale.net\/index.php\/2025\/06\/02\/kehrer-a-propos-dakliouche-il-prendra-les-bonnes-decisions\/#breadcrumb\",\"itemListElement\":[{\"@type\":\"ListItem\",\"position\":1,\"name\":\"Accueil\",\"item\":\"https:\/\/www.ladiagonale.net\/\"},{\"@type\":\"ListItem\",\"position\":2,\"name\":\"Kehrer \u00e0 propos d\u2019Akliouche : \u00ab\u00a0Il prendra les bonnes d\u00e9cisions\u00a0\u00bb\"}]},{\"@type\":\"WebSite\",\"@id\":\"https:\/\/www.ladiagonale.net\/#website\",\"url\":\"https:\/\/www.ladiagonale.net\/\",\"name\":\"La Diagonale\",\"description\":\"Le site des supporters de l&#039;AS Monaco FC\",\"potentialAction\":[{\"@type\":\"SearchAction\",\"target\":{\"@type\":\"EntryPoint\",\"urlTemplate\":\"https:\/\/www.ladiagonale.net\/?s={search_term_string}\"},\"query-input\":\"required name=search_term_string\"}],\"inLanguage\":\"fr-FR\"},{\"@type\":\"Person\",\"@id\":\"https:\/\/www.ladiagonale.net\/#\/schema\/person\/79ff1e7b0853ed01b2aa26e64ad300bf\",\"name\":\"Damien Dellerba\",\"image\":{\"@type\":\"ImageObject\",\"inLanguage\":\"fr-FR\",\"@id\":\"https:\/\/www.ladiagonale.net\/#\/schema\/person\/image\/\",\"url\":\"https:\/\/secure.gravatar.com\/avatar\/c7850e06d3ff63cdbaee88b7fc16e2f0?s=96&d=mm&r=g\",\"contentUrl\":\"https:\/\/secure.gravatar.com\/avatar\/c7850e06d3ff63cdbaee88b7fc16e2f0?s=96&d=mm&r=g\",\"caption\":\"Damien Dellerba\"},\"url\":\"https:\/\/www.ladiagonale.net\/index.php\/author\/damien\/\"}]}<\/script>\n<!-- \/ Yoast SEO plugin. -->","yoast_head_json":{"title":"Kehrer \u00e0 propos d\u2019Akliouche : \u00ab\u00a0Il prendra les bonnes d\u00e9cisions\u00a0\u00bb - La Diagonale","robots":{"index":"index","follow":"follow","max-snippet":"max-snippet:-1","max-image-preview":"max-image-preview:large","max-video-preview":"max-video-preview:-1"},"canonical":"https:\/\/www.ladiagonale.net\/index.php\/2025\/06\/02\/kehrer-a-propos-dakliouche-il-prendra-les-bonnes-decisions\/","og_locale":"fr_FR","og_type":"article","og_title":"Kehrer \u00e0 propos d\u2019Akliouche : \u00ab\u00a0Il prendra les bonnes d\u00e9cisions\u00a0\u00bb - La Diagonale","og_description":"L\u2019avenir de Maghnes Akliouche sera assur\u00e9ment l\u2019un des sujets br\u00fblants de l\u2019\u00e9t\u00e9 de l\u2019AS Monaco. Courtis\u00e9 notamment par le tout nouveau vainqueur de la Ligue des champions, le Paris Saint-Germain, le milieu offensif de 23 ans dispose d\u2019un bon de sortie. Interrog\u00e9 par le m\u00e9dia Carr\u00e9, le vice-capitaine mon\u00e9gasque Thilo Kehrer, appel\u00e9 en s\u00e9lection allemande [...]","og_url":"https:\/\/www.ladiagonale.net\/index.php\/2025\/06\/02\/kehrer-a-propos-dakliouche-il-prendra-les-bonnes-decisions\/","og_site_name":"La Diagonale","article_published_time":"2025-06-02T16:55:07+00:00","article_modified_time":"2025-07-08T00:09:55+00:00","og_image":[{"width":1160,"height":650,"url":"https:\/\/www.ladiagonale.net\/wp-content\/uploads\/2025\/01\/Akliouche.png","type":"image\/png"}],"author":"Damien Dellerba","twitter_card":"summary_large_image","twitter_image":"https:\/\/www.ladiagonale.net\/wp-content\/uploads\/2025\/01\/Akliouche.png","twitter_misc":{"\u00c9crit par":"Damien Dellerba","Dur\u00e9e de lecture estim\u00e9e":"2 minutes"},"schema":{"@context":"https:\/\/schema.org","@graph":[{"@type":"WebPage","@id":"https:\/\/www.ladiagonale.net\/index.php\/2025\/06\/02\/kehrer-a-propos-dakliouche-il-prendra-les-bonnes-decisions\/","url":"https:\/\/www.ladiagonale.net\/index.php\/2025\/06\/02\/kehrer-a-propos-dakliouche-il-prendra-les-bonnes-decisions\/","name":"Kehrer \u00e0 propos d\u2019Akliouche : \u00ab\u00a0Il prendra les bonnes d\u00e9cisions\u00a0\u00bb - La Diagonale","isPartOf":{"@id":"https:\/\/www.ladiagonale.net\/#website"},"datePublished":"2025-06-02T16:55:07+00:00","dateModified":"2025-07-08T00:09:55+00:00","author":{"@id":"https:\/\/www.ladiagonale.net\/#\/schema\/person\/79ff1e7b0853ed01b2aa26e64ad300bf"},"breadcrumb":{"@id":"https:\/\/www.ladiagonale.net\/index.php\/2025\/06\/02\/kehrer-a-propos-dakliouche-il-prendra-les-bonnes-decisions\/#breadcrumb"},"inLanguage":"fr-FR","potentialAction":[{"@type":"ReadAction","target":["https:\/\/www.ladiagonale.net\/index.php\/2025\/06\/02\/kehrer-a-propos-dakliouche-il-prendra-les-bonnes-decisions\/"]}]},{"@type":"BreadcrumbList","@id":"https:\/\/www.ladiagonale.net\/index.php\/2025\/06\/02\/kehrer-a-propos-dakliouche-il-prendra-les-bonnes-decisions\/#breadcrumb","itemListElement":[{"@type":"ListItem","position":1,"name":"Accueil","item":"https:\/\/www.ladiagonale.net\/"},{"@type":"ListItem","position":2,"name":"Kehrer \u00e0 propos d\u2019Akliouche : \u00ab\u00a0Il prendra les bonnes d\u00e9cisions\u00a0\u00bb"}]},{"@type":"WebSite","@id":"https:\/\/www.ladiagonale.net\/#website","url":"https:\/\/www.ladiagonale.net\/","name":"La Diagonale","description":"Le site des supporters de l&#039;AS Monaco FC","potentialAction":[{"@type":"SearchAction","target":{"@type":"EntryPoint","urlTemplate":"https:\/\/www.ladiagonale.net\/?s={search_term_string}"},"query-input":"required name=search_term_string"}],"inLanguage":"fr-FR"},{"@type":"Person","@id":"https:\/\/www.ladiagonale.net\/#\/schema\/person\/79ff1e7b0853ed01b2aa26e64ad300bf","name":"Damien Dellerba","image":{"@type":"ImageObject","inLanguage":"fr-FR","@id":"https:\/\/www.ladiagonale.net\/#\/schema\/person\/image\/","url":"https:\/\/secure.gravatar.com\/avatar\/c7850e06d3ff63cdbaee88b7fc16e2f0?s=96&d=mm&r=g","contentUrl":"https:\/\/secure.gravatar.com\/avatar\/c7850e06d3ff63cdbaee88b7fc16e2f0?s=96&d=mm&r=g","caption":"Damien Dellerba"},"url":"https:\/\/www.ladiagonale.net\/index.php\/author\/damien\/"}]}},"_links":{"self":[{"href":"https:\/\/www.ladiagonale.net\/index.php\/wp-json\/wp\/v2\/posts\/31819"}],"collection":[{"href":"https:\/\/www.ladiagonale.net\/index.php\/wp-json\/wp\/v2\/posts"}],"about":[{"href":"https:\/\/www.ladiagonale.net\/index.php\/wp-json\/wp\/v2\/types\/post"}],"author":[{"embeddable":true,"href":"https:\/\/www.ladiagonale.net\/index.php\/wp-json\/wp\/v2\/users\/2"}],"replies":[{"embeddable":true,"href":"https:\/\/www.ladiagonale.net\/index.php\/wp-json\/wp\/v2\/comments?post=31819"}],"version-history":[{"count":1,"href":"https:\/\/www.ladiagonale.net\/index.php\/wp-json\/wp\/v2\/posts\/31819\/revisions"}],"predecessor-version":[{"id":31820,"href":"https:\/\/www.ladiagonale.net\/index.php\/wp-json\/wp\/v2\/posts\/31819\/revisions\/31820"}],"wp:attachment":[{"href":"https:\/\/www.ladiagonale.net\/index.php\/wp-json\/wp\/v2\/media?parent=31819"}],"wp:term":[{"taxonomy":"category","embeddable":true,"href":"https:\/\/www.ladiagonale.net\/index.php\/wp-json\/wp\/v2\/categories?post=31819"},{"taxonomy":"post_tag","embeddable":true,"href":"https:\/\/www.ladiagonale.net\/index.php\/wp-json\/wp\/v2\/tags?post=31819"}],"curies":[{"name":"wp","href":"https:\/\/api.w.org\/{rel}","templated":true}]}}