{"id":31822,"date":"2025-06-03T13:51:00","date_gmt":"2025-06-03T11:51:00","guid":{"rendered":"https:\/\/www.ladiagonale.net\/?p=31822"},"modified":"2025-07-08T02:09:55","modified_gmt":"2025-07-08T00:09:55","slug":"le-barca-aurait-ferme-la-porte-pour-vanderson","status":"publish","type":"post","link":"https:\/\/www.ladiagonale.net\/index.php\/2025\/06\/03\/le-barca-aurait-ferme-la-porte-pour-vanderson\/","title":{"rendered":"Le Bar\u00e7a aurait ferm\u00e9 la porte pour Vanderson"},"content":{"rendered":"\n<p>L\u2019int\u00e9r\u00eat de longue date du FC Barcelone pour Vanderson ne devrait pas se concr\u00e9tiser, du moins pas cet \u00e9t\u00e9. Si le lat\u00e9ral droit de l\u2019AS Monaco a souvent \u00e9t\u00e9 cit\u00e9 dans les petits papiers du club catalan, il ne devrait pas y avoir de transfert. D\u2019apr\u00e8s <em>Mundo Deportivo<\/em>, le Bar\u00e7a aurait revu ses priorit\u00e9s en termes de recrutement, et le poste d\u2019arri\u00e8re droit n\u2019en ferait plus partie. Selon le quotidien catalan, qui tiendrait ses informations de l\u2019entourage du joueur, Vanderson serait conscient que le champion de <em>Liga<\/em> n\u2019effectuerait pas d\u2019investissement cons\u00e9quent en vue d\u2019un transfert \u00e0 ce poste et ne serait donc pas en mesure de s\u2019aligner sur les exigences de l\u2019ASM, sup\u00e9rieures \u00e0 30 millions d\u2019euros.<\/p>\n\n\n\n<p><em>Mundo Deportivo<\/em> pr\u00e9cise que le club de la Principaut\u00e9 privil\u00e9gierait un d\u00e9part vers l\u2019Angleterre pour l\u2019international br\u00e9silien de 23 ans, sous contrat jusqu\u2019en 2028. Le vainqueur de la Ligue Europa, Tottenham, et Manchester United ont notamment \u00e9t\u00e9 cit\u00e9s comme candidats potentiels pour accueillir Vanderson au cours des derniers mois, et r\u00e9cemment, un int\u00e9r\u00eat de Liverpool, le champion de <em>Premier League<\/em>, a aussi \u00e9t\u00e9 \u00e9voqu\u00e9 pour remplacer Trent Alexander-Arnold.<\/p>\n\n\n","protected":false},"excerpt":{"rendered":"<p>L\u2019int\u00e9r\u00eat de longue date du FC Barcelone pour Vanderson ne devrait pas se concr\u00e9tiser, du moins pas cet \u00e9t\u00e9. Si le lat\u00e9ral droit de l\u2019AS Monaco a souvent \u00e9t\u00e9 cit\u00e9 dans les petits papiers du club catalan, il ne devrait pas y avoir de transfert. D\u2019apr\u00e8s Mundo Deportivo, le Bar\u00e7a aurait revu ses priorit\u00e9s en [&#8230;]\n","protected":false},"author":2,"featured_media":0,"comment_status":"open","ping_status":"open","sticky":false,"template":"","format":"standard","meta":[],"categories":[6,1086],"tags":[86,111,110,125],"yoast_head":"<!-- This site is optimized with the Yoast SEO plugin v19.8 - https:\/\/yoast.com\/wordpress\/plugins\/seo\/ -->\n<title>Le Bar\u00e7a aurait ferm\u00e9 la porte pour Vanderson - La Diagonale<\/title>\n<meta name=\"robots\" content=\"index, follow, max-snippet:-1, max-image-preview:large, max-video-preview:-1\" \/>\n<link rel=\"canonical\" href=\"https:\/\/www.ladiagonale.net\/index.php\/2025\/06\/03\/le-barca-aurait-ferme-la-porte-pour-vanderson\/\" \/>\n<meta property=\"og:locale\" content=\"fr_FR\" \/>\n<meta property=\"og:type\" content=\"article\" \/>\n<meta property=\"og:title\" content=\"Le Bar\u00e7a aurait ferm\u00e9 la porte pour Vanderson - La Diagonale\" \/>\n<meta property=\"og:description\" content=\"L\u2019int\u00e9r\u00eat de longue date du FC Barcelone pour Vanderson ne devrait pas se concr\u00e9tiser, du moins pas cet \u00e9t\u00e9. Si le lat\u00e9ral droit de l\u2019AS Monaco a souvent \u00e9t\u00e9 cit\u00e9 dans les petits papiers du club catalan, il ne devrait pas y avoir de transfert. D\u2019apr\u00e8s Mundo Deportivo, le Bar\u00e7a aurait revu ses priorit\u00e9s en [...]\" \/>\n<meta property=\"og:url\" content=\"https:\/\/www.ladiagonale.net\/index.php\/2025\/06\/03\/le-barca-aurait-ferme-la-porte-pour-vanderson\/\" \/>\n<meta property=\"og:site_name\" content=\"La Diagonale\" \/>\n<meta property=\"article:published_time\" content=\"2025-06-03T11:51:00+00:00\" \/>\n<meta property=\"article:modified_time\" content=\"2025-07-08T00:09:55+00:00\" \/>\n<meta property=\"og:image\" content=\"https:\/\/www.ladiagonale.net\/wp-content\/uploads\/2024\/12\/vanderson-barca.png\" \/>\n\t<meta property=\"og:image:width\" content=\"1160\" \/>\n\t<meta property=\"og:image:height\" content=\"650\" \/>\n\t<meta property=\"og:image:type\" content=\"image\/png\" \/>\n<meta name=\"author\" content=\"Damien Dellerba\" \/>\n<meta name=\"twitter:card\" content=\"summary_large_image\" \/>\n<meta name=\"twitter:image\" content=\"https:\/\/www.ladiagonale.net\/wp-content\/uploads\/2024\/12\/vanderson-barca.png\" \/>\n<meta name=\"twitter:label1\" content=\"\u00c9crit par\" \/>\n\t<meta name=\"twitter:data1\" content=\"Damien Dellerba\" \/>\n\t<meta name=\"twitter:label2\" content=\"Dur\u00e9e de lecture estim\u00e9e\" \/>\n\t<meta name=\"twitter:data2\" content=\"1 minute\" \/>\n<script type=\"application\/ld+json\" class=\"yoast-schema-graph\">{\"@context\":\"https:\/\/schema.org\",\"@graph\":[{\"@type\":\"WebPage\",\"@id\":\"https:\/\/www.ladiagonale.net\/index.php\/2025\/06\/03\/le-barca-aurait-ferme-la-porte-pour-vanderson\/\",\"url\":\"https:\/\/www.ladiagonale.net\/index.php\/2025\/06\/03\/le-barca-aurait-ferme-la-porte-pour-vanderson\/\",\"name\":\"Le Bar\u00e7a aurait ferm\u00e9 la porte pour Vanderson - La Diagonale\",\"isPartOf\":{\"@id\":\"https:\/\/www.ladiagonale.net\/#website\"},\"datePublished\":\"2025-06-03T11:51:00+00:00\",\"dateModified\":\"2025-07-08T00:09:55+00:00\",\"author\":{\"@id\":\"https:\/\/www.ladiagonale.net\/#\/schema\/person\/79ff1e7b0853ed01b2aa26e64ad300bf\"},\"breadcrumb\":{\"@id\":\"https:\/\/www.ladiagonale.net\/index.php\/2025\/06\/03\/le-barca-aurait-ferme-la-porte-pour-vanderson\/#breadcrumb\"},\"inLanguage\":\"fr-FR\",\"potentialAction\":[{\"@type\":\"ReadAction\",\"target\":[\"https:\/\/www.ladiagonale.net\/index.php\/2025\/06\/03\/le-barca-aurait-ferme-la-porte-pour-vanderson\/\"]}]},{\"@type\":\"BreadcrumbList\",\"@id\":\"https:\/\/www.ladiagonale.net\/index.php\/2025\/06\/03\/le-barca-aurait-ferme-la-porte-pour-vanderson\/#breadcrumb\",\"itemListElement\":[{\"@type\":\"ListItem\",\"position\":1,\"name\":\"Accueil\",\"item\":\"https:\/\/www.ladiagonale.net\/\"},{\"@type\":\"ListItem\",\"position\":2,\"name\":\"Le Bar\u00e7a aurait ferm\u00e9 la porte pour Vanderson\"}]},{\"@type\":\"WebSite\",\"@id\":\"https:\/\/www.ladiagonale.net\/#website\",\"url\":\"https:\/\/www.ladiagonale.net\/\",\"name\":\"La Diagonale\",\"description\":\"Le site des supporters de l&#039;AS Monaco FC\",\"potentialAction\":[{\"@type\":\"SearchAction\",\"target\":{\"@type\":\"EntryPoint\",\"urlTemplate\":\"https:\/\/www.ladiagonale.net\/?s={search_term_string}\"},\"query-input\":\"required name=search_term_string\"}],\"inLanguage\":\"fr-FR\"},{\"@type\":\"Person\",\"@id\":\"https:\/\/www.ladiagonale.net\/#\/schema\/person\/79ff1e7b0853ed01b2aa26e64ad300bf\",\"name\":\"Damien Dellerba\",\"image\":{\"@type\":\"ImageObject\",\"inLanguage\":\"fr-FR\",\"@id\":\"https:\/\/www.ladiagonale.net\/#\/schema\/person\/image\/\",\"url\":\"https:\/\/secure.gravatar.com\/avatar\/c7850e06d3ff63cdbaee88b7fc16e2f0?s=96&d=mm&r=g\",\"contentUrl\":\"https:\/\/secure.gravatar.com\/avatar\/c7850e06d3ff63cdbaee88b7fc16e2f0?s=96&d=mm&r=g\",\"caption\":\"Damien Dellerba\"},\"url\":\"https:\/\/www.ladiagonale.net\/index.php\/author\/damien\/\"}]}<\/script>\n<!-- \/ Yoast SEO plugin. -->","yoast_head_json":{"title":"Le Bar\u00e7a aurait ferm\u00e9 la porte pour Vanderson - La Diagonale","robots":{"index":"index","follow":"follow","max-snippet":"max-snippet:-1","max-image-preview":"max-image-preview:large","max-video-preview":"max-video-preview:-1"},"canonical":"https:\/\/www.ladiagonale.net\/index.php\/2025\/06\/03\/le-barca-aurait-ferme-la-porte-pour-vanderson\/","og_locale":"fr_FR","og_type":"article","og_title":"Le Bar\u00e7a aurait ferm\u00e9 la porte pour Vanderson - La Diagonale","og_description":"L\u2019int\u00e9r\u00eat de longue date du FC Barcelone pour Vanderson ne devrait pas se concr\u00e9tiser, du moins pas cet \u00e9t\u00e9. Si le lat\u00e9ral droit de l\u2019AS Monaco a souvent \u00e9t\u00e9 cit\u00e9 dans les petits papiers du club catalan, il ne devrait pas y avoir de transfert. D\u2019apr\u00e8s Mundo Deportivo, le Bar\u00e7a aurait revu ses priorit\u00e9s en [...]","og_url":"https:\/\/www.ladiagonale.net\/index.php\/2025\/06\/03\/le-barca-aurait-ferme-la-porte-pour-vanderson\/","og_site_name":"La Diagonale","article_published_time":"2025-06-03T11:51:00+00:00","article_modified_time":"2025-07-08T00:09:55+00:00","og_image":[{"width":1160,"height":650,"url":"https:\/\/www.ladiagonale.net\/wp-content\/uploads\/2024\/12\/vanderson-barca.png","type":"image\/png"}],"author":"Damien Dellerba","twitter_card":"summary_large_image","twitter_image":"https:\/\/www.ladiagonale.net\/wp-content\/uploads\/2024\/12\/vanderson-barca.png","twitter_misc":{"\u00c9crit par":"Damien Dellerba","Dur\u00e9e de lecture estim\u00e9e":"1 minute"},"schema":{"@context":"https:\/\/schema.org","@graph":[{"@type":"WebPage","@id":"https:\/\/www.ladiagonale.net\/index.php\/2025\/06\/03\/le-barca-aurait-ferme-la-porte-pour-vanderson\/","url":"https:\/\/www.ladiagonale.net\/index.php\/2025\/06\/03\/le-barca-aurait-ferme-la-porte-pour-vanderson\/","name":"Le Bar\u00e7a aurait ferm\u00e9 la porte pour Vanderson - La Diagonale","isPartOf":{"@id":"https:\/\/www.ladiagonale.net\/#website"},"datePublished":"2025-06-03T11:51:00+00:00","dateModified":"2025-07-08T00:09:55+00:00","author":{"@id":"https:\/\/www.ladiagonale.net\/#\/schema\/person\/79ff1e7b0853ed01b2aa26e64ad300bf"},"breadcrumb":{"@id":"https:\/\/www.ladiagonale.net\/index.php\/2025\/06\/03\/le-barca-aurait-ferme-la-porte-pour-vanderson\/#breadcrumb"},"inLanguage":"fr-FR","potentialAction":[{"@type":"ReadAction","target":["https:\/\/www.ladiagonale.net\/index.php\/2025\/06\/03\/le-barca-aurait-ferme-la-porte-pour-vanderson\/"]}]},{"@type":"BreadcrumbList","@id":"https:\/\/www.ladiagonale.net\/index.php\/2025\/06\/03\/le-barca-aurait-ferme-la-porte-pour-vanderson\/#breadcrumb","itemListElement":[{"@type":"ListItem","position":1,"name":"Accueil","item":"https:\/\/www.ladiagonale.net\/"},{"@type":"ListItem","position":2,"name":"Le Bar\u00e7a aurait ferm\u00e9 la porte pour Vanderson"}]},{"@type":"WebSite","@id":"https:\/\/www.ladiagonale.net\/#website","url":"https:\/\/www.ladiagonale.net\/","name":"La Diagonale","description":"Le site des supporters de l&#039;AS Monaco FC","potentialAction":[{"@type":"SearchAction","target":{"@type":"EntryPoint","urlTemplate":"https:\/\/www.ladiagonale.net\/?s={search_term_string}"},"query-input":"required name=search_term_string"}],"inLanguage":"fr-FR"},{"@type":"Person","@id":"https:\/\/www.ladiagonale.net\/#\/schema\/person\/79ff1e7b0853ed01b2aa26e64ad300bf","name":"Damien Dellerba","image":{"@type":"ImageObject","inLanguage":"fr-FR","@id":"https:\/\/www.ladiagonale.net\/#\/schema\/person\/image\/","url":"https:\/\/secure.gravatar.com\/avatar\/c7850e06d3ff63cdbaee88b7fc16e2f0?s=96&d=mm&r=g","contentUrl":"https:\/\/secure.gravatar.com\/avatar\/c7850e06d3ff63cdbaee88b7fc16e2f0?s=96&d=mm&r=g","caption":"Damien Dellerba"},"url":"https:\/\/www.ladiagonale.net\/index.php\/author\/damien\/"}]}},"_links":{"self":[{"href":"https:\/\/www.ladiagonale.net\/index.php\/wp-json\/wp\/v2\/posts\/31822"}],"collection":[{"href":"https:\/\/www.ladiagonale.net\/index.php\/wp-json\/wp\/v2\/posts"}],"about":[{"href":"https:\/\/www.ladiagonale.net\/index.php\/wp-json\/wp\/v2\/types\/post"}],"author":[{"embeddable":true,"href":"https:\/\/www.ladiagonale.net\/index.php\/wp-json\/wp\/v2\/users\/2"}],"replies":[{"embeddable":true,"href":"https:\/\/www.ladiagonale.net\/index.php\/wp-json\/wp\/v2\/comments?post=31822"}],"version-history":[{"count":1,"href":"https:\/\/www.ladiagonale.net\/index.php\/wp-json\/wp\/v2\/posts\/31822\/revisions"}],"predecessor-version":[{"id":31823,"href":"https:\/\/www.ladiagonale.net\/index.php\/wp-json\/wp\/v2\/posts\/31822\/revisions\/31823"}],"wp:attachment":[{"href":"https:\/\/www.ladiagonale.net\/index.php\/wp-json\/wp\/v2\/media?parent=31822"}],"wp:term":[{"taxonomy":"category","embeddable":true,"href":"https:\/\/www.ladiagonale.net\/index.php\/wp-json\/wp\/v2\/categories?post=31822"},{"taxonomy":"post_tag","embeddable":true,"href":"https:\/\/www.ladiagonale.net\/index.php\/wp-json\/wp\/v2\/tags?post=31822"}],"curies":[{"name":"wp","href":"https:\/\/api.w.org\/{rel}","templated":true}]}}