{"id":31834,"date":"2025-06-05T02:19:39","date_gmt":"2025-06-05T00:19:39","guid":{"rendered":"https:\/\/www.ladiagonale.net\/?p=31834"},"modified":"2025-06-05T02:19:39","modified_gmt":"2025-06-05T00:19:39","slug":"kehrer-battu-en-demi-finale-de-la-ligue-des-nations","status":"publish","type":"post","link":"https:\/\/www.ladiagonale.net\/index.php\/2025\/06\/05\/kehrer-battu-en-demi-finale-de-la-ligue-des-nations\/","title":{"rendered":"Kehrer battu en demi-finale de la Ligue des nations"},"content":{"rendered":"\n\n\n<p>Cette fin de saison a vu le grand retour de Thilo Kehrer avec l\u2019Allemagne. La s\u00e9lection germanique disputait mercredi soir la premi\u00e8re demi-finale du \u00ab\u00a0<em>final four<\/em>\u00a0\u00bb de la Ligue des nations. Oppos\u00e9s au Portugal de Bernardo Silva, Kehrer et ses partenaires ont \u00e9t\u00e9 battus (1-2) et n\u2019iront donc pas en finale. Rempla\u00e7ant, le d\u00e9fenseur de l\u2019AS Monaco n\u2019est pas entr\u00e9 en jeu.<\/p>\n\n\n\n<p>L\u2019Allemagne aura l\u2019occasion de jouer le match pour la troisi\u00e8me place, dimanche (15h), et Kehrer de relancer son compteur en s\u00e9lection avant de partir en vacances. Le prochain adversaire de la <em>Mannschaft<\/em> sera le perdant de l&rsquo;autre demi-finale, jeudi, qui opposera la France et l\u2019Espagne.<\/p>\n","protected":false},"excerpt":{"rendered":"<p>Cette fin de saison a vu le grand retour de Thilo Kehrer avec l\u2019Allemagne. La s\u00e9lection germanique disputait mercredi soir la premi\u00e8re demi-finale du \u00ab\u00a0final four\u00a0\u00bb de la Ligue des nations. Oppos\u00e9s au Portugal de Bernardo Silva, Kehrer et ses partenaires ont \u00e9t\u00e9 battus (1-2) et n\u2019iront donc pas en finale. Rempla\u00e7ant, le d\u00e9fenseur de [&#8230;]\n","protected":false},"author":2,"featured_media":0,"comment_status":"open","ping_status":"open","sticky":false,"template":"","format":"standard","meta":[],"categories":[6],"tags":[835,86,118,116,756],"yoast_head":"<!-- This site is optimized with the Yoast SEO plugin v19.8 - https:\/\/yoast.com\/wordpress\/plugins\/seo\/ -->\n<title>Kehrer battu en demi-finale de la Ligue des nations - La Diagonale<\/title>\n<meta name=\"robots\" content=\"index, follow, max-snippet:-1, max-image-preview:large, max-video-preview:-1\" \/>\n<link rel=\"canonical\" href=\"https:\/\/www.ladiagonale.net\/index.php\/2025\/06\/05\/kehrer-battu-en-demi-finale-de-la-ligue-des-nations\/\" \/>\n<meta property=\"og:locale\" content=\"fr_FR\" \/>\n<meta property=\"og:type\" content=\"article\" \/>\n<meta property=\"og:title\" content=\"Kehrer battu en demi-finale de la Ligue des nations - La Diagonale\" \/>\n<meta property=\"og:description\" content=\"Cette fin de saison a vu le grand retour de Thilo Kehrer avec l\u2019Allemagne. La s\u00e9lection germanique disputait mercredi soir la premi\u00e8re demi-finale du \u00ab\u00a0final four\u00a0\u00bb de la Ligue des nations. Oppos\u00e9s au Portugal de Bernardo Silva, Kehrer et ses partenaires ont \u00e9t\u00e9 battus (1-2) et n\u2019iront donc pas en finale. Rempla\u00e7ant, le d\u00e9fenseur de [...]\" \/>\n<meta property=\"og:url\" content=\"https:\/\/www.ladiagonale.net\/index.php\/2025\/06\/05\/kehrer-battu-en-demi-finale-de-la-ligue-des-nations\/\" \/>\n<meta property=\"og:site_name\" content=\"La Diagonale\" \/>\n<meta property=\"article:published_time\" content=\"2025-06-05T00:19:39+00:00\" \/>\n<meta property=\"og:image\" content=\"https:\/\/www.ladiagonale.net\/wp-content\/uploads\/2024\/05\/kehrer-allemagne.png\" \/>\n\t<meta property=\"og:image:width\" content=\"1160\" \/>\n\t<meta property=\"og:image:height\" content=\"650\" \/>\n\t<meta property=\"og:image:type\" content=\"image\/png\" \/>\n<meta name=\"author\" content=\"Damien Dellerba\" \/>\n<meta name=\"twitter:card\" content=\"summary_large_image\" \/>\n<meta name=\"twitter:image\" content=\"https:\/\/www.ladiagonale.net\/wp-content\/uploads\/2024\/05\/kehrer-allemagne.png\" \/>\n<meta name=\"twitter:label1\" content=\"\u00c9crit par\" \/>\n\t<meta name=\"twitter:data1\" content=\"Damien Dellerba\" \/>\n\t<meta name=\"twitter:label2\" content=\"Dur\u00e9e de lecture estim\u00e9e\" \/>\n\t<meta name=\"twitter:data2\" content=\"1 minute\" \/>\n<script type=\"application\/ld+json\" class=\"yoast-schema-graph\">{\"@context\":\"https:\/\/schema.org\",\"@graph\":[{\"@type\":\"WebPage\",\"@id\":\"https:\/\/www.ladiagonale.net\/index.php\/2025\/06\/05\/kehrer-battu-en-demi-finale-de-la-ligue-des-nations\/\",\"url\":\"https:\/\/www.ladiagonale.net\/index.php\/2025\/06\/05\/kehrer-battu-en-demi-finale-de-la-ligue-des-nations\/\",\"name\":\"Kehrer battu en demi-finale de la Ligue des nations - La Diagonale\",\"isPartOf\":{\"@id\":\"https:\/\/www.ladiagonale.net\/#website\"},\"datePublished\":\"2025-06-05T00:19:39+00:00\",\"dateModified\":\"2025-06-05T00:19:39+00:00\",\"author\":{\"@id\":\"https:\/\/www.ladiagonale.net\/#\/schema\/person\/79ff1e7b0853ed01b2aa26e64ad300bf\"},\"breadcrumb\":{\"@id\":\"https:\/\/www.ladiagonale.net\/index.php\/2025\/06\/05\/kehrer-battu-en-demi-finale-de-la-ligue-des-nations\/#breadcrumb\"},\"inLanguage\":\"fr-FR\",\"potentialAction\":[{\"@type\":\"ReadAction\",\"target\":[\"https:\/\/www.ladiagonale.net\/index.php\/2025\/06\/05\/kehrer-battu-en-demi-finale-de-la-ligue-des-nations\/\"]}]},{\"@type\":\"BreadcrumbList\",\"@id\":\"https:\/\/www.ladiagonale.net\/index.php\/2025\/06\/05\/kehrer-battu-en-demi-finale-de-la-ligue-des-nations\/#breadcrumb\",\"itemListElement\":[{\"@type\":\"ListItem\",\"position\":1,\"name\":\"Accueil\",\"item\":\"https:\/\/www.ladiagonale.net\/\"},{\"@type\":\"ListItem\",\"position\":2,\"name\":\"Kehrer battu en demi-finale de la Ligue des nations\"}]},{\"@type\":\"WebSite\",\"@id\":\"https:\/\/www.ladiagonale.net\/#website\",\"url\":\"https:\/\/www.ladiagonale.net\/\",\"name\":\"La Diagonale\",\"description\":\"Le site des supporters de l&#039;AS Monaco FC\",\"potentialAction\":[{\"@type\":\"SearchAction\",\"target\":{\"@type\":\"EntryPoint\",\"urlTemplate\":\"https:\/\/www.ladiagonale.net\/?s={search_term_string}\"},\"query-input\":\"required name=search_term_string\"}],\"inLanguage\":\"fr-FR\"},{\"@type\":\"Person\",\"@id\":\"https:\/\/www.ladiagonale.net\/#\/schema\/person\/79ff1e7b0853ed01b2aa26e64ad300bf\",\"name\":\"Damien Dellerba\",\"image\":{\"@type\":\"ImageObject\",\"inLanguage\":\"fr-FR\",\"@id\":\"https:\/\/www.ladiagonale.net\/#\/schema\/person\/image\/\",\"url\":\"https:\/\/secure.gravatar.com\/avatar\/c7850e06d3ff63cdbaee88b7fc16e2f0?s=96&d=mm&r=g\",\"contentUrl\":\"https:\/\/secure.gravatar.com\/avatar\/c7850e06d3ff63cdbaee88b7fc16e2f0?s=96&d=mm&r=g\",\"caption\":\"Damien Dellerba\"},\"url\":\"https:\/\/www.ladiagonale.net\/index.php\/author\/damien\/\"}]}<\/script>\n<!-- \/ Yoast SEO plugin. -->","yoast_head_json":{"title":"Kehrer battu en demi-finale de la Ligue des nations - La Diagonale","robots":{"index":"index","follow":"follow","max-snippet":"max-snippet:-1","max-image-preview":"max-image-preview:large","max-video-preview":"max-video-preview:-1"},"canonical":"https:\/\/www.ladiagonale.net\/index.php\/2025\/06\/05\/kehrer-battu-en-demi-finale-de-la-ligue-des-nations\/","og_locale":"fr_FR","og_type":"article","og_title":"Kehrer battu en demi-finale de la Ligue des nations - La Diagonale","og_description":"Cette fin de saison a vu le grand retour de Thilo Kehrer avec l\u2019Allemagne. La s\u00e9lection germanique disputait mercredi soir la premi\u00e8re demi-finale du \u00ab\u00a0final four\u00a0\u00bb de la Ligue des nations. Oppos\u00e9s au Portugal de Bernardo Silva, Kehrer et ses partenaires ont \u00e9t\u00e9 battus (1-2) et n\u2019iront donc pas en finale. Rempla\u00e7ant, le d\u00e9fenseur de [...]","og_url":"https:\/\/www.ladiagonale.net\/index.php\/2025\/06\/05\/kehrer-battu-en-demi-finale-de-la-ligue-des-nations\/","og_site_name":"La Diagonale","article_published_time":"2025-06-05T00:19:39+00:00","og_image":[{"width":1160,"height":650,"url":"https:\/\/www.ladiagonale.net\/wp-content\/uploads\/2024\/05\/kehrer-allemagne.png","type":"image\/png"}],"author":"Damien Dellerba","twitter_card":"summary_large_image","twitter_image":"https:\/\/www.ladiagonale.net\/wp-content\/uploads\/2024\/05\/kehrer-allemagne.png","twitter_misc":{"\u00c9crit par":"Damien Dellerba","Dur\u00e9e de lecture estim\u00e9e":"1 minute"},"schema":{"@context":"https:\/\/schema.org","@graph":[{"@type":"WebPage","@id":"https:\/\/www.ladiagonale.net\/index.php\/2025\/06\/05\/kehrer-battu-en-demi-finale-de-la-ligue-des-nations\/","url":"https:\/\/www.ladiagonale.net\/index.php\/2025\/06\/05\/kehrer-battu-en-demi-finale-de-la-ligue-des-nations\/","name":"Kehrer battu en demi-finale de la Ligue des nations - La Diagonale","isPartOf":{"@id":"https:\/\/www.ladiagonale.net\/#website"},"datePublished":"2025-06-05T00:19:39+00:00","dateModified":"2025-06-05T00:19:39+00:00","author":{"@id":"https:\/\/www.ladiagonale.net\/#\/schema\/person\/79ff1e7b0853ed01b2aa26e64ad300bf"},"breadcrumb":{"@id":"https:\/\/www.ladiagonale.net\/index.php\/2025\/06\/05\/kehrer-battu-en-demi-finale-de-la-ligue-des-nations\/#breadcrumb"},"inLanguage":"fr-FR","potentialAction":[{"@type":"ReadAction","target":["https:\/\/www.ladiagonale.net\/index.php\/2025\/06\/05\/kehrer-battu-en-demi-finale-de-la-ligue-des-nations\/"]}]},{"@type":"BreadcrumbList","@id":"https:\/\/www.ladiagonale.net\/index.php\/2025\/06\/05\/kehrer-battu-en-demi-finale-de-la-ligue-des-nations\/#breadcrumb","itemListElement":[{"@type":"ListItem","position":1,"name":"Accueil","item":"https:\/\/www.ladiagonale.net\/"},{"@type":"ListItem","position":2,"name":"Kehrer battu en demi-finale de la Ligue des nations"}]},{"@type":"WebSite","@id":"https:\/\/www.ladiagonale.net\/#website","url":"https:\/\/www.ladiagonale.net\/","name":"La Diagonale","description":"Le site des supporters de l&#039;AS Monaco FC","potentialAction":[{"@type":"SearchAction","target":{"@type":"EntryPoint","urlTemplate":"https:\/\/www.ladiagonale.net\/?s={search_term_string}"},"query-input":"required name=search_term_string"}],"inLanguage":"fr-FR"},{"@type":"Person","@id":"https:\/\/www.ladiagonale.net\/#\/schema\/person\/79ff1e7b0853ed01b2aa26e64ad300bf","name":"Damien Dellerba","image":{"@type":"ImageObject","inLanguage":"fr-FR","@id":"https:\/\/www.ladiagonale.net\/#\/schema\/person\/image\/","url":"https:\/\/secure.gravatar.com\/avatar\/c7850e06d3ff63cdbaee88b7fc16e2f0?s=96&d=mm&r=g","contentUrl":"https:\/\/secure.gravatar.com\/avatar\/c7850e06d3ff63cdbaee88b7fc16e2f0?s=96&d=mm&r=g","caption":"Damien Dellerba"},"url":"https:\/\/www.ladiagonale.net\/index.php\/author\/damien\/"}]}},"_links":{"self":[{"href":"https:\/\/www.ladiagonale.net\/index.php\/wp-json\/wp\/v2\/posts\/31834"}],"collection":[{"href":"https:\/\/www.ladiagonale.net\/index.php\/wp-json\/wp\/v2\/posts"}],"about":[{"href":"https:\/\/www.ladiagonale.net\/index.php\/wp-json\/wp\/v2\/types\/post"}],"author":[{"embeddable":true,"href":"https:\/\/www.ladiagonale.net\/index.php\/wp-json\/wp\/v2\/users\/2"}],"replies":[{"embeddable":true,"href":"https:\/\/www.ladiagonale.net\/index.php\/wp-json\/wp\/v2\/comments?post=31834"}],"version-history":[{"count":1,"href":"https:\/\/www.ladiagonale.net\/index.php\/wp-json\/wp\/v2\/posts\/31834\/revisions"}],"predecessor-version":[{"id":31835,"href":"https:\/\/www.ladiagonale.net\/index.php\/wp-json\/wp\/v2\/posts\/31834\/revisions\/31835"}],"wp:attachment":[{"href":"https:\/\/www.ladiagonale.net\/index.php\/wp-json\/wp\/v2\/media?parent=31834"}],"wp:term":[{"taxonomy":"category","embeddable":true,"href":"https:\/\/www.ladiagonale.net\/index.php\/wp-json\/wp\/v2\/categories?post=31834"},{"taxonomy":"post_tag","embeddable":true,"href":"https:\/\/www.ladiagonale.net\/index.php\/wp-json\/wp\/v2\/tags?post=31834"}],"curies":[{"name":"wp","href":"https:\/\/api.w.org\/{rel}","templated":true}]}}