{"id":31864,"date":"2025-06-07T14:34:05","date_gmt":"2025-06-07T12:34:05","guid":{"rendered":"https:\/\/www.ladiagonale.net\/?p=31864"},"modified":"2025-07-08T02:09:54","modified_gmt":"2025-07-08T00:09:54","slug":"ben-seghir-serait-toujours-suivi-par-naples","status":"publish","type":"post","link":"https:\/\/www.ladiagonale.net\/index.php\/2025\/06\/07\/ben-seghir-serait-toujours-suivi-par-naples\/","title":{"rendered":"Ben Seghir serait toujours suivi par Naples"},"content":{"rendered":"\n\n\n<p>D\u00e9j\u00e0 convoit\u00e9 par Naples <a href=\"https:\/\/www.ladiagonale.net\/index.php\/2025\/01\/13\/ben-seghir-convoite-par-naples\/\" target=\"_blank\" rel=\"noreferrer noopener\">au mois de janvier<\/a>, Eliesse Ben Seghir semble toujours \u00eatre sur les radars du champion d\u2019Italie, en plus <a href=\"https:\/\/www.ladiagonale.net\/index.php\/2025\/05\/24\/le-barca-garderait-un-oeil-sur-ben-seghir-et-akliouche\/\" target=\"_blank\" rel=\"noreferrer noopener\">de ceux du FC Barcelone<\/a>. Selon <em>La Gazzetta dello Sport<\/em>, le milieu offensif de l\u2019AS Monaco (20 ans) plairait tout particuli\u00e8rement au directeur sportif du club napolitain, Giovanni Manna, mais l\u2019int\u00e9r\u00eat port\u00e9 au joueur serait loin de se concr\u00e9tiser et aucune n\u00e9gociation n\u2019aurait \u00e9t\u00e9 entam\u00e9e. Surtout, Naples aurait d&rsquo;autres joueurs dans le viseur, tels que Noa Lang et Dan Ndoye.<\/p>\n\n\n\n<p>Selon le quotidien italien, le prix \u00e9voqu\u00e9 pour essayer d\u2019obtenir le transfert du Mon\u00e9gasque, autour de 40 millions, pourrait \u00eatre consid\u00e9r\u00e9 comme trop \u00e9lev\u00e9, m\u00eame si Naples dispose d\u2019une enveloppe de 200 millions d\u2019euros pour son recrutement estival. Une autre r\u00e9serve concernerait la r\u00e9gression du joueur en cours de saison, quand bien m\u00eame les dirigeants italiens semblent extatiques quant au potentiel de Ben Seghir. <\/p>\n\n\n\n<p>Du c\u00f4t\u00e9 de Monaco, il semble en tout cas assez clair que l\u2019on compte sur le joueur form\u00e9 au club, qui dispose d&rsquo;un contrat jusqu&rsquo;en 2027, pour la saison \u00e0 venir, \u00e0 moins qu&rsquo;il <a href=\"https:\/\/www.ladiagonale.net\/index.php\/2025\/04\/28\/plus-indispensable-pour-hutter-ben-seghir-se-questionnerait-sur-son-avenir\/\" target=\"_blank\" rel=\"noreferrer noopener\">ne fasse part de ses envies de d\u00e9part<\/a>. C\u2019est en tout cas la volont\u00e9 exprim\u00e9e par Thiago Scuro le mois dernier, qui veut voir l\u2019international marocain <a href=\"https:\/\/www.ladiagonale.net\/index.php\/2025\/05\/15\/scuro-veut-convaincre-les-jeunes-joueurs-de-sinscrire-dans-la-duree-au-club\/\">s\u2019inscrire dans la dur\u00e9e<\/a> en Principaut\u00e9 avant d\u2019aller franchir un palier au niveau sup\u00e9rieur. <\/p>\n\n\n\n<p>Ben Seghir avait d\u00e9marr\u00e9 tr\u00e8s fort la saison 2024-2025 avant de conna\u00eetre un v\u00e9ritable trou d&rsquo;air et de n\u2019\u00eatre utilis\u00e9 qu\u2019avec parcimonie par son entra\u00eeneur Adi H\u00fctter, ce qui ne l&rsquo;a toutefois pas emp\u00each\u00e9 de jouer 46 des 47 matches de l&rsquo;exercice. Les relations avec l\u2019Autrichien seraient d\u2019ailleurs tr\u00e8s fra\u00eeches et une cohabitation pour une ann\u00e9e suppl\u00e9mentaire pourrait \u00eatre difficile.<\/p>\n","protected":false},"excerpt":{"rendered":"<p>D\u00e9j\u00e0 convoit\u00e9 par Naples au mois de janvier, Eliesse Ben Seghir semble toujours \u00eatre sur les radars du champion d\u2019Italie, en plus de ceux du FC Barcelone. Selon La Gazzetta dello Sport, le milieu offensif de l\u2019AS Monaco (20 ans) plairait tout particuli\u00e8rement au directeur sportif du club napolitain, Giovanni Manna, mais l\u2019int\u00e9r\u00eat port\u00e9 au [&#8230;]\n","protected":false},"author":2,"featured_media":0,"comment_status":"open","ping_status":"open","sticky":false,"template":"","format":"standard","meta":[],"categories":[6,1086],"tags":[86,286,111,110],"yoast_head":"<!-- This site is optimized with the Yoast SEO plugin v19.8 - https:\/\/yoast.com\/wordpress\/plugins\/seo\/ -->\n<title>Ben Seghir serait toujours suivi par Naples - La Diagonale<\/title>\n<meta name=\"robots\" content=\"index, follow, max-snippet:-1, max-image-preview:large, max-video-preview:-1\" \/>\n<link rel=\"canonical\" href=\"https:\/\/www.ladiagonale.net\/index.php\/2025\/06\/07\/ben-seghir-serait-toujours-suivi-par-naples\/\" \/>\n<meta property=\"og:locale\" content=\"fr_FR\" \/>\n<meta property=\"og:type\" content=\"article\" \/>\n<meta property=\"og:title\" content=\"Ben Seghir serait toujours suivi par Naples - La Diagonale\" \/>\n<meta property=\"og:description\" content=\"D\u00e9j\u00e0 convoit\u00e9 par Naples au mois de janvier, Eliesse Ben Seghir semble toujours \u00eatre sur les radars du champion d\u2019Italie, en plus de ceux du FC Barcelone. Selon La Gazzetta dello Sport, le milieu offensif de l\u2019AS Monaco (20 ans) plairait tout particuli\u00e8rement au directeur sportif du club napolitain, Giovanni Manna, mais l\u2019int\u00e9r\u00eat port\u00e9 au [...]\" \/>\n<meta property=\"og:url\" content=\"https:\/\/www.ladiagonale.net\/index.php\/2025\/06\/07\/ben-seghir-serait-toujours-suivi-par-naples\/\" \/>\n<meta property=\"og:site_name\" content=\"La Diagonale\" \/>\n<meta property=\"article:published_time\" content=\"2025-06-07T12:34:05+00:00\" \/>\n<meta property=\"article:modified_time\" content=\"2025-07-08T00:09:54+00:00\" \/>\n<meta property=\"og:image\" content=\"https:\/\/www.ladiagonale.net\/wp-content\/uploads\/2024\/09\/ben-seghir-24.png\" \/>\n\t<meta property=\"og:image:width\" content=\"1160\" \/>\n\t<meta property=\"og:image:height\" content=\"650\" \/>\n\t<meta property=\"og:image:type\" content=\"image\/png\" \/>\n<meta name=\"author\" content=\"Damien Dellerba\" \/>\n<meta name=\"twitter:card\" content=\"summary_large_image\" \/>\n<meta name=\"twitter:image\" content=\"https:\/\/www.ladiagonale.net\/wp-content\/uploads\/2024\/09\/ben-seghir-24.png\" \/>\n<meta name=\"twitter:label1\" content=\"\u00c9crit par\" \/>\n\t<meta name=\"twitter:data1\" content=\"Damien Dellerba\" \/>\n\t<meta name=\"twitter:label2\" content=\"Dur\u00e9e de lecture estim\u00e9e\" \/>\n\t<meta name=\"twitter:data2\" content=\"2 minutes\" \/>\n<script type=\"application\/ld+json\" class=\"yoast-schema-graph\">{\"@context\":\"https:\/\/schema.org\",\"@graph\":[{\"@type\":\"WebPage\",\"@id\":\"https:\/\/www.ladiagonale.net\/index.php\/2025\/06\/07\/ben-seghir-serait-toujours-suivi-par-naples\/\",\"url\":\"https:\/\/www.ladiagonale.net\/index.php\/2025\/06\/07\/ben-seghir-serait-toujours-suivi-par-naples\/\",\"name\":\"Ben Seghir serait toujours suivi par Naples - La Diagonale\",\"isPartOf\":{\"@id\":\"https:\/\/www.ladiagonale.net\/#website\"},\"datePublished\":\"2025-06-07T12:34:05+00:00\",\"dateModified\":\"2025-07-08T00:09:54+00:00\",\"author\":{\"@id\":\"https:\/\/www.ladiagonale.net\/#\/schema\/person\/79ff1e7b0853ed01b2aa26e64ad300bf\"},\"breadcrumb\":{\"@id\":\"https:\/\/www.ladiagonale.net\/index.php\/2025\/06\/07\/ben-seghir-serait-toujours-suivi-par-naples\/#breadcrumb\"},\"inLanguage\":\"fr-FR\",\"potentialAction\":[{\"@type\":\"ReadAction\",\"target\":[\"https:\/\/www.ladiagonale.net\/index.php\/2025\/06\/07\/ben-seghir-serait-toujours-suivi-par-naples\/\"]}]},{\"@type\":\"BreadcrumbList\",\"@id\":\"https:\/\/www.ladiagonale.net\/index.php\/2025\/06\/07\/ben-seghir-serait-toujours-suivi-par-naples\/#breadcrumb\",\"itemListElement\":[{\"@type\":\"ListItem\",\"position\":1,\"name\":\"Accueil\",\"item\":\"https:\/\/www.ladiagonale.net\/\"},{\"@type\":\"ListItem\",\"position\":2,\"name\":\"Ben Seghir serait toujours suivi par Naples\"}]},{\"@type\":\"WebSite\",\"@id\":\"https:\/\/www.ladiagonale.net\/#website\",\"url\":\"https:\/\/www.ladiagonale.net\/\",\"name\":\"La Diagonale\",\"description\":\"Le site des supporters de l&#039;AS Monaco FC\",\"potentialAction\":[{\"@type\":\"SearchAction\",\"target\":{\"@type\":\"EntryPoint\",\"urlTemplate\":\"https:\/\/www.ladiagonale.net\/?s={search_term_string}\"},\"query-input\":\"required name=search_term_string\"}],\"inLanguage\":\"fr-FR\"},{\"@type\":\"Person\",\"@id\":\"https:\/\/www.ladiagonale.net\/#\/schema\/person\/79ff1e7b0853ed01b2aa26e64ad300bf\",\"name\":\"Damien Dellerba\",\"image\":{\"@type\":\"ImageObject\",\"inLanguage\":\"fr-FR\",\"@id\":\"https:\/\/www.ladiagonale.net\/#\/schema\/person\/image\/\",\"url\":\"https:\/\/secure.gravatar.com\/avatar\/c7850e06d3ff63cdbaee88b7fc16e2f0?s=96&d=mm&r=g\",\"contentUrl\":\"https:\/\/secure.gravatar.com\/avatar\/c7850e06d3ff63cdbaee88b7fc16e2f0?s=96&d=mm&r=g\",\"caption\":\"Damien Dellerba\"},\"url\":\"https:\/\/www.ladiagonale.net\/index.php\/author\/damien\/\"}]}<\/script>\n<!-- \/ Yoast SEO plugin. -->","yoast_head_json":{"title":"Ben Seghir serait toujours suivi par Naples - La Diagonale","robots":{"index":"index","follow":"follow","max-snippet":"max-snippet:-1","max-image-preview":"max-image-preview:large","max-video-preview":"max-video-preview:-1"},"canonical":"https:\/\/www.ladiagonale.net\/index.php\/2025\/06\/07\/ben-seghir-serait-toujours-suivi-par-naples\/","og_locale":"fr_FR","og_type":"article","og_title":"Ben Seghir serait toujours suivi par Naples - La Diagonale","og_description":"D\u00e9j\u00e0 convoit\u00e9 par Naples au mois de janvier, Eliesse Ben Seghir semble toujours \u00eatre sur les radars du champion d\u2019Italie, en plus de ceux du FC Barcelone. Selon La Gazzetta dello Sport, le milieu offensif de l\u2019AS Monaco (20 ans) plairait tout particuli\u00e8rement au directeur sportif du club napolitain, Giovanni Manna, mais l\u2019int\u00e9r\u00eat port\u00e9 au [...]","og_url":"https:\/\/www.ladiagonale.net\/index.php\/2025\/06\/07\/ben-seghir-serait-toujours-suivi-par-naples\/","og_site_name":"La Diagonale","article_published_time":"2025-06-07T12:34:05+00:00","article_modified_time":"2025-07-08T00:09:54+00:00","og_image":[{"width":1160,"height":650,"url":"https:\/\/www.ladiagonale.net\/wp-content\/uploads\/2024\/09\/ben-seghir-24.png","type":"image\/png"}],"author":"Damien Dellerba","twitter_card":"summary_large_image","twitter_image":"https:\/\/www.ladiagonale.net\/wp-content\/uploads\/2024\/09\/ben-seghir-24.png","twitter_misc":{"\u00c9crit par":"Damien Dellerba","Dur\u00e9e de lecture estim\u00e9e":"2 minutes"},"schema":{"@context":"https:\/\/schema.org","@graph":[{"@type":"WebPage","@id":"https:\/\/www.ladiagonale.net\/index.php\/2025\/06\/07\/ben-seghir-serait-toujours-suivi-par-naples\/","url":"https:\/\/www.ladiagonale.net\/index.php\/2025\/06\/07\/ben-seghir-serait-toujours-suivi-par-naples\/","name":"Ben Seghir serait toujours suivi par Naples - La Diagonale","isPartOf":{"@id":"https:\/\/www.ladiagonale.net\/#website"},"datePublished":"2025-06-07T12:34:05+00:00","dateModified":"2025-07-08T00:09:54+00:00","author":{"@id":"https:\/\/www.ladiagonale.net\/#\/schema\/person\/79ff1e7b0853ed01b2aa26e64ad300bf"},"breadcrumb":{"@id":"https:\/\/www.ladiagonale.net\/index.php\/2025\/06\/07\/ben-seghir-serait-toujours-suivi-par-naples\/#breadcrumb"},"inLanguage":"fr-FR","potentialAction":[{"@type":"ReadAction","target":["https:\/\/www.ladiagonale.net\/index.php\/2025\/06\/07\/ben-seghir-serait-toujours-suivi-par-naples\/"]}]},{"@type":"BreadcrumbList","@id":"https:\/\/www.ladiagonale.net\/index.php\/2025\/06\/07\/ben-seghir-serait-toujours-suivi-par-naples\/#breadcrumb","itemListElement":[{"@type":"ListItem","position":1,"name":"Accueil","item":"https:\/\/www.ladiagonale.net\/"},{"@type":"ListItem","position":2,"name":"Ben Seghir serait toujours suivi par Naples"}]},{"@type":"WebSite","@id":"https:\/\/www.ladiagonale.net\/#website","url":"https:\/\/www.ladiagonale.net\/","name":"La Diagonale","description":"Le site des supporters de l&#039;AS Monaco FC","potentialAction":[{"@type":"SearchAction","target":{"@type":"EntryPoint","urlTemplate":"https:\/\/www.ladiagonale.net\/?s={search_term_string}"},"query-input":"required name=search_term_string"}],"inLanguage":"fr-FR"},{"@type":"Person","@id":"https:\/\/www.ladiagonale.net\/#\/schema\/person\/79ff1e7b0853ed01b2aa26e64ad300bf","name":"Damien Dellerba","image":{"@type":"ImageObject","inLanguage":"fr-FR","@id":"https:\/\/www.ladiagonale.net\/#\/schema\/person\/image\/","url":"https:\/\/secure.gravatar.com\/avatar\/c7850e06d3ff63cdbaee88b7fc16e2f0?s=96&d=mm&r=g","contentUrl":"https:\/\/secure.gravatar.com\/avatar\/c7850e06d3ff63cdbaee88b7fc16e2f0?s=96&d=mm&r=g","caption":"Damien Dellerba"},"url":"https:\/\/www.ladiagonale.net\/index.php\/author\/damien\/"}]}},"_links":{"self":[{"href":"https:\/\/www.ladiagonale.net\/index.php\/wp-json\/wp\/v2\/posts\/31864"}],"collection":[{"href":"https:\/\/www.ladiagonale.net\/index.php\/wp-json\/wp\/v2\/posts"}],"about":[{"href":"https:\/\/www.ladiagonale.net\/index.php\/wp-json\/wp\/v2\/types\/post"}],"author":[{"embeddable":true,"href":"https:\/\/www.ladiagonale.net\/index.php\/wp-json\/wp\/v2\/users\/2"}],"replies":[{"embeddable":true,"href":"https:\/\/www.ladiagonale.net\/index.php\/wp-json\/wp\/v2\/comments?post=31864"}],"version-history":[{"count":4,"href":"https:\/\/www.ladiagonale.net\/index.php\/wp-json\/wp\/v2\/posts\/31864\/revisions"}],"predecessor-version":[{"id":31869,"href":"https:\/\/www.ladiagonale.net\/index.php\/wp-json\/wp\/v2\/posts\/31864\/revisions\/31869"}],"wp:attachment":[{"href":"https:\/\/www.ladiagonale.net\/index.php\/wp-json\/wp\/v2\/media?parent=31864"}],"wp:term":[{"taxonomy":"category","embeddable":true,"href":"https:\/\/www.ladiagonale.net\/index.php\/wp-json\/wp\/v2\/categories?post=31864"},{"taxonomy":"post_tag","embeddable":true,"href":"https:\/\/www.ladiagonale.net\/index.php\/wp-json\/wp\/v2\/tags?post=31864"}],"curies":[{"name":"wp","href":"https:\/\/api.w.org\/{rel}","templated":true}]}}