{"id":31870,"date":"2025-06-07T15:28:08","date_gmt":"2025-06-07T13:28:08","guid":{"rendered":"https:\/\/www.ladiagonale.net\/?p=31870"},"modified":"2025-06-07T21:49:49","modified_gmt":"2025-06-07T19:49:49","slug":"bouabre-rate-un-tir-au-but-avec-la-france-pas-benama","status":"publish","type":"post","link":"https:\/\/www.ladiagonale.net\/index.php\/2025\/06\/07\/bouabre-rate-un-tir-au-but-avec-la-france-pas-benama\/","title":{"rendered":"Bouabr\u00e9 rate un tir au but avec la France, pas Benama"},"content":{"rendered":"\n\n\n<p>Alors que son cas personnel a \u00e9t\u00e9 <a href=\"https:\/\/www.ladiagonale.net\/index.php\/2025\/06\/05\/convoque-avec-la-france-u20-limbroglio-bouabre-se-poursuit\/\" target=\"_blank\" rel=\"noreferrer noopener\">au c\u0153ur de l\u2019actualit\u00e9<\/a> ces derniers jours, Sa\u00efmon Bouabr\u00e9 a retrouv\u00e9 les terrains en s\u00e9lection, mais sans doute pas comme il l\u2019esp\u00e9rait. Oppos\u00e9 au Mali avec l\u2019\u00e9quipe de France U20 lors du Tournoi Maurice-Revello, le milieu offensif de l\u2019AS Monaco a contribu\u00e9 \u00e0 la d\u00e9faite des siens aux tirs au but (1-1, 4-5 aux t.a.b.). Entr\u00e9 en jeu \u00e0 la pause, en remplacement de son co\u00e9quipier en club Aladji Bamba, Bouabr\u00e9 a notamment rat\u00e9 son tir au but.<\/p>\n\n\n\n<p>Mayssam Benama, qui a remplac\u00e9 \u00e0 la 83<sup>e<\/sup> minute le Montpelli\u00e9rain Nzingoula, buteur lors du match du centenaire <em>(2-1, le 28 septembre)<\/em>, n\u2019a pas trembl\u00e9 face au gardien adverse et r\u00e9ussi sa tentative. Titulaire lors du premier match contre l\u2019Arabie saoudite, Lucas Michal est cette fois rest\u00e9 sur le banc de touche. Les hommes de Bernard Diom\u00e8de restent en t\u00eate de leur groupe et affronteront le Panama pour la troisi\u00e8me et derni\u00e8re opposition de cette phase.<\/p>\n\n\n\n<p>Appel\u00e9 pour la premi\u00e8re fois avec les U23 de la C\u00f4te d&rsquo;Ivoire, Valy Konat\u00e9 a pass\u00e9 une mauvaise soir\u00e9e. Les <em>\u00c9l\u00e9phanteaux<\/em> ont en effet \u00e9t\u00e9 corrig\u00e9s par les U21 des Pays-Bas (3-0). Le lat\u00e9ral gauche de 18 ans a \u00e9t\u00e9 titularis\u00e9 et a \u00e9t\u00e9 trop facilement pris dans son dos sur le premier but. Il a aussi re\u00e7u un carton jaune en fin de rencontre. <\/p>\n\n\n\n<p>Le Maroc U17 en a quant \u00e0 lui termin\u00e9 de son rassemblement. Les champions d&rsquo;Afrique, avec Ilies Belmokhtar et Yasir Mouh, ont battu le Canada (2-1) et perdu contre le Japon (0-2) lors de deux rencontres amicales. Belmokhtar a \u00e9t\u00e9 titularis\u00e9 \u00e0 chaque fois et Mouh lors du second.<\/p>\n","protected":false},"excerpt":{"rendered":"<p>Alors que son cas personnel a \u00e9t\u00e9 au c\u0153ur de l\u2019actualit\u00e9 ces derniers jours, Sa\u00efmon Bouabr\u00e9 a retrouv\u00e9 les terrains en s\u00e9lection, mais sans doute pas comme il l\u2019esp\u00e9rait. Oppos\u00e9 au Mali avec l\u2019\u00e9quipe de France U20 lors du Tournoi Maurice-Revello, le milieu offensif de l\u2019AS Monaco a contribu\u00e9 \u00e0 la d\u00e9faite des siens aux [&#8230;]\n","protected":false},"author":2,"featured_media":0,"comment_status":"open","ping_status":"open","sticky":false,"template":"","format":"standard","meta":[],"categories":[6],"tags":[76,688,86,1052,71,799,543,914,453,413,116,551,887],"yoast_head":"<!-- This site is optimized with the Yoast SEO plugin v19.8 - https:\/\/yoast.com\/wordpress\/plugins\/seo\/ -->\n<title>Bouabr\u00e9 rate un tir au but avec la France, pas Benama - La Diagonale<\/title>\n<meta name=\"robots\" content=\"index, follow, max-snippet:-1, max-image-preview:large, max-video-preview:-1\" \/>\n<link rel=\"canonical\" href=\"https:\/\/www.ladiagonale.net\/index.php\/2025\/06\/07\/bouabre-rate-un-tir-au-but-avec-la-france-pas-benama\/\" \/>\n<meta property=\"og:locale\" content=\"fr_FR\" \/>\n<meta property=\"og:type\" content=\"article\" \/>\n<meta property=\"og:title\" content=\"Bouabr\u00e9 rate un tir au but avec la France, pas Benama - La Diagonale\" \/>\n<meta property=\"og:description\" content=\"Alors que son cas personnel a \u00e9t\u00e9 au c\u0153ur de l\u2019actualit\u00e9 ces derniers jours, Sa\u00efmon Bouabr\u00e9 a retrouv\u00e9 les terrains en s\u00e9lection, mais sans doute pas comme il l\u2019esp\u00e9rait. Oppos\u00e9 au Mali avec l\u2019\u00e9quipe de France U20 lors du Tournoi Maurice-Revello, le milieu offensif de l\u2019AS Monaco a contribu\u00e9 \u00e0 la d\u00e9faite des siens aux [...]\" \/>\n<meta property=\"og:url\" content=\"https:\/\/www.ladiagonale.net\/index.php\/2025\/06\/07\/bouabre-rate-un-tir-au-but-avec-la-france-pas-benama\/\" \/>\n<meta property=\"og:site_name\" content=\"La Diagonale\" \/>\n<meta property=\"article:published_time\" content=\"2025-06-07T13:28:08+00:00\" \/>\n<meta property=\"article:modified_time\" content=\"2025-06-07T19:49:49+00:00\" \/>\n<meta property=\"og:image\" content=\"https:\/\/www.ladiagonale.net\/wp-content\/uploads\/2024\/07\/bouabre\u0301edf.png\" \/>\n\t<meta property=\"og:image:width\" content=\"1160\" \/>\n\t<meta property=\"og:image:height\" content=\"650\" \/>\n\t<meta property=\"og:image:type\" content=\"image\/png\" \/>\n<meta name=\"author\" content=\"Damien Dellerba\" \/>\n<meta name=\"twitter:card\" content=\"summary_large_image\" \/>\n<meta name=\"twitter:image\" content=\"https:\/\/www.ladiagonale.net\/wp-content\/uploads\/2024\/07\/bouabre\u0301edf.png\" \/>\n<meta name=\"twitter:label1\" content=\"\u00c9crit par\" \/>\n\t<meta name=\"twitter:data1\" content=\"Damien Dellerba\" \/>\n\t<meta name=\"twitter:label2\" content=\"Dur\u00e9e de lecture estim\u00e9e\" \/>\n\t<meta name=\"twitter:data2\" content=\"2 minutes\" \/>\n<script type=\"application\/ld+json\" class=\"yoast-schema-graph\">{\"@context\":\"https:\/\/schema.org\",\"@graph\":[{\"@type\":\"WebPage\",\"@id\":\"https:\/\/www.ladiagonale.net\/index.php\/2025\/06\/07\/bouabre-rate-un-tir-au-but-avec-la-france-pas-benama\/\",\"url\":\"https:\/\/www.ladiagonale.net\/index.php\/2025\/06\/07\/bouabre-rate-un-tir-au-but-avec-la-france-pas-benama\/\",\"name\":\"Bouabr\u00e9 rate un tir au but avec la France, pas Benama - La Diagonale\",\"isPartOf\":{\"@id\":\"https:\/\/www.ladiagonale.net\/#website\"},\"datePublished\":\"2025-06-07T13:28:08+00:00\",\"dateModified\":\"2025-06-07T19:49:49+00:00\",\"author\":{\"@id\":\"https:\/\/www.ladiagonale.net\/#\/schema\/person\/79ff1e7b0853ed01b2aa26e64ad300bf\"},\"breadcrumb\":{\"@id\":\"https:\/\/www.ladiagonale.net\/index.php\/2025\/06\/07\/bouabre-rate-un-tir-au-but-avec-la-france-pas-benama\/#breadcrumb\"},\"inLanguage\":\"fr-FR\",\"potentialAction\":[{\"@type\":\"ReadAction\",\"target\":[\"https:\/\/www.ladiagonale.net\/index.php\/2025\/06\/07\/bouabre-rate-un-tir-au-but-avec-la-france-pas-benama\/\"]}]},{\"@type\":\"BreadcrumbList\",\"@id\":\"https:\/\/www.ladiagonale.net\/index.php\/2025\/06\/07\/bouabre-rate-un-tir-au-but-avec-la-france-pas-benama\/#breadcrumb\",\"itemListElement\":[{\"@type\":\"ListItem\",\"position\":1,\"name\":\"Accueil\",\"item\":\"https:\/\/www.ladiagonale.net\/\"},{\"@type\":\"ListItem\",\"position\":2,\"name\":\"Bouabr\u00e9 rate un tir au but avec la France, pas Benama\"}]},{\"@type\":\"WebSite\",\"@id\":\"https:\/\/www.ladiagonale.net\/#website\",\"url\":\"https:\/\/www.ladiagonale.net\/\",\"name\":\"La Diagonale\",\"description\":\"Le site des supporters de l&#039;AS Monaco FC\",\"potentialAction\":[{\"@type\":\"SearchAction\",\"target\":{\"@type\":\"EntryPoint\",\"urlTemplate\":\"https:\/\/www.ladiagonale.net\/?s={search_term_string}\"},\"query-input\":\"required name=search_term_string\"}],\"inLanguage\":\"fr-FR\"},{\"@type\":\"Person\",\"@id\":\"https:\/\/www.ladiagonale.net\/#\/schema\/person\/79ff1e7b0853ed01b2aa26e64ad300bf\",\"name\":\"Damien Dellerba\",\"image\":{\"@type\":\"ImageObject\",\"inLanguage\":\"fr-FR\",\"@id\":\"https:\/\/www.ladiagonale.net\/#\/schema\/person\/image\/\",\"url\":\"https:\/\/secure.gravatar.com\/avatar\/c7850e06d3ff63cdbaee88b7fc16e2f0?s=96&d=mm&r=g\",\"contentUrl\":\"https:\/\/secure.gravatar.com\/avatar\/c7850e06d3ff63cdbaee88b7fc16e2f0?s=96&d=mm&r=g\",\"caption\":\"Damien Dellerba\"},\"url\":\"https:\/\/www.ladiagonale.net\/index.php\/author\/damien\/\"}]}<\/script>\n<!-- \/ Yoast SEO plugin. -->","yoast_head_json":{"title":"Bouabr\u00e9 rate un tir au but avec la France, pas Benama - La Diagonale","robots":{"index":"index","follow":"follow","max-snippet":"max-snippet:-1","max-image-preview":"max-image-preview:large","max-video-preview":"max-video-preview:-1"},"canonical":"https:\/\/www.ladiagonale.net\/index.php\/2025\/06\/07\/bouabre-rate-un-tir-au-but-avec-la-france-pas-benama\/","og_locale":"fr_FR","og_type":"article","og_title":"Bouabr\u00e9 rate un tir au but avec la France, pas Benama - La Diagonale","og_description":"Alors que son cas personnel a \u00e9t\u00e9 au c\u0153ur de l\u2019actualit\u00e9 ces derniers jours, Sa\u00efmon Bouabr\u00e9 a retrouv\u00e9 les terrains en s\u00e9lection, mais sans doute pas comme il l\u2019esp\u00e9rait. Oppos\u00e9 au Mali avec l\u2019\u00e9quipe de France U20 lors du Tournoi Maurice-Revello, le milieu offensif de l\u2019AS Monaco a contribu\u00e9 \u00e0 la d\u00e9faite des siens aux [...]","og_url":"https:\/\/www.ladiagonale.net\/index.php\/2025\/06\/07\/bouabre-rate-un-tir-au-but-avec-la-france-pas-benama\/","og_site_name":"La Diagonale","article_published_time":"2025-06-07T13:28:08+00:00","article_modified_time":"2025-06-07T19:49:49+00:00","og_image":[{"width":1160,"height":650,"url":"https:\/\/www.ladiagonale.net\/wp-content\/uploads\/2024\/07\/bouabre\u0301edf.png","type":"image\/png"}],"author":"Damien Dellerba","twitter_card":"summary_large_image","twitter_image":"https:\/\/www.ladiagonale.net\/wp-content\/uploads\/2024\/07\/bouabre\u0301edf.png","twitter_misc":{"\u00c9crit par":"Damien Dellerba","Dur\u00e9e de lecture estim\u00e9e":"2 minutes"},"schema":{"@context":"https:\/\/schema.org","@graph":[{"@type":"WebPage","@id":"https:\/\/www.ladiagonale.net\/index.php\/2025\/06\/07\/bouabre-rate-un-tir-au-but-avec-la-france-pas-benama\/","url":"https:\/\/www.ladiagonale.net\/index.php\/2025\/06\/07\/bouabre-rate-un-tir-au-but-avec-la-france-pas-benama\/","name":"Bouabr\u00e9 rate un tir au but avec la France, pas Benama - La Diagonale","isPartOf":{"@id":"https:\/\/www.ladiagonale.net\/#website"},"datePublished":"2025-06-07T13:28:08+00:00","dateModified":"2025-06-07T19:49:49+00:00","author":{"@id":"https:\/\/www.ladiagonale.net\/#\/schema\/person\/79ff1e7b0853ed01b2aa26e64ad300bf"},"breadcrumb":{"@id":"https:\/\/www.ladiagonale.net\/index.php\/2025\/06\/07\/bouabre-rate-un-tir-au-but-avec-la-france-pas-benama\/#breadcrumb"},"inLanguage":"fr-FR","potentialAction":[{"@type":"ReadAction","target":["https:\/\/www.ladiagonale.net\/index.php\/2025\/06\/07\/bouabre-rate-un-tir-au-but-avec-la-france-pas-benama\/"]}]},{"@type":"BreadcrumbList","@id":"https:\/\/www.ladiagonale.net\/index.php\/2025\/06\/07\/bouabre-rate-un-tir-au-but-avec-la-france-pas-benama\/#breadcrumb","itemListElement":[{"@type":"ListItem","position":1,"name":"Accueil","item":"https:\/\/www.ladiagonale.net\/"},{"@type":"ListItem","position":2,"name":"Bouabr\u00e9 rate un tir au but avec la France, pas Benama"}]},{"@type":"WebSite","@id":"https:\/\/www.ladiagonale.net\/#website","url":"https:\/\/www.ladiagonale.net\/","name":"La Diagonale","description":"Le site des supporters de l&#039;AS Monaco FC","potentialAction":[{"@type":"SearchAction","target":{"@type":"EntryPoint","urlTemplate":"https:\/\/www.ladiagonale.net\/?s={search_term_string}"},"query-input":"required name=search_term_string"}],"inLanguage":"fr-FR"},{"@type":"Person","@id":"https:\/\/www.ladiagonale.net\/#\/schema\/person\/79ff1e7b0853ed01b2aa26e64ad300bf","name":"Damien Dellerba","image":{"@type":"ImageObject","inLanguage":"fr-FR","@id":"https:\/\/www.ladiagonale.net\/#\/schema\/person\/image\/","url":"https:\/\/secure.gravatar.com\/avatar\/c7850e06d3ff63cdbaee88b7fc16e2f0?s=96&d=mm&r=g","contentUrl":"https:\/\/secure.gravatar.com\/avatar\/c7850e06d3ff63cdbaee88b7fc16e2f0?s=96&d=mm&r=g","caption":"Damien Dellerba"},"url":"https:\/\/www.ladiagonale.net\/index.php\/author\/damien\/"}]}},"_links":{"self":[{"href":"https:\/\/www.ladiagonale.net\/index.php\/wp-json\/wp\/v2\/posts\/31870"}],"collection":[{"href":"https:\/\/www.ladiagonale.net\/index.php\/wp-json\/wp\/v2\/posts"}],"about":[{"href":"https:\/\/www.ladiagonale.net\/index.php\/wp-json\/wp\/v2\/types\/post"}],"author":[{"embeddable":true,"href":"https:\/\/www.ladiagonale.net\/index.php\/wp-json\/wp\/v2\/users\/2"}],"replies":[{"embeddable":true,"href":"https:\/\/www.ladiagonale.net\/index.php\/wp-json\/wp\/v2\/comments?post=31870"}],"version-history":[{"count":5,"href":"https:\/\/www.ladiagonale.net\/index.php\/wp-json\/wp\/v2\/posts\/31870\/revisions"}],"predecessor-version":[{"id":31886,"href":"https:\/\/www.ladiagonale.net\/index.php\/wp-json\/wp\/v2\/posts\/31870\/revisions\/31886"}],"wp:attachment":[{"href":"https:\/\/www.ladiagonale.net\/index.php\/wp-json\/wp\/v2\/media?parent=31870"}],"wp:term":[{"taxonomy":"category","embeddable":true,"href":"https:\/\/www.ladiagonale.net\/index.php\/wp-json\/wp\/v2\/categories?post=31870"},{"taxonomy":"post_tag","embeddable":true,"href":"https:\/\/www.ladiagonale.net\/index.php\/wp-json\/wp\/v2\/tags?post=31870"}],"curies":[{"name":"wp","href":"https:\/\/api.w.org\/{rel}","templated":true}]}}