{"id":31878,"date":"2025-06-07T18:14:03","date_gmt":"2025-06-07T16:14:03","guid":{"rendered":"https:\/\/www.ladiagonale.net\/?p=31878"},"modified":"2025-06-07T18:14:04","modified_gmt":"2025-06-07T16:14:04","slug":"monaco-recule-au-championnat-des-pelouses","status":"publish","type":"post","link":"https:\/\/www.ladiagonale.net\/index.php\/2025\/06\/07\/monaco-recule-au-championnat-des-pelouses\/","title":{"rendered":"Monaco recule au championnat des pelouses"},"content":{"rendered":"\n\n\n<p>L\u2019AS Monaco a perdu une place en Ligue 1 cette saison par rapport \u00e0 la pr\u00e9c\u00e9dente, mais ce n\u2019est rien en comparaison de sa chute au classement du championnat des pelouses. 4<sup>e<\/sup> et <a href=\"https:\/\/www.ladiagonale.net\/index.php\/2024\/05\/23\/monaco-au-pied-du-podium-au-championnat-des-pelouses\/\" target=\"_blank\" rel=\"noreferrer noopener\">au pied du podium<\/a> lors de l\u2019exercice 2023-2024, le club de la Principaut\u00e9 et sa pelouse du stade Louis-II se classent au 8<sup>e<\/sup> rang, malgr\u00e9 une tr\u00e8s bonne note moyenne de 17,01\/20. Par rapport \u00e0 la saison pr\u00e9c\u00e9dente, la baisse est l\u00e9g\u00e8re puisque le gazon de la Principaut\u00e9 pr\u00e9sentait une \u00e9valuation de 17,3\/20.<\/p>\n\n\n\n<p>Une baisse qui doit sans doute \u00e0 l\u2019\u00e9tat catastrophique de la pelouse en d\u00e9but de saison, surtout lors du dernier \u00e9t\u00e9, <a href=\"https:\/\/www.ladiagonale.net\/index.php\/2024\/08\/18\/le-mauvais-etat-de-la-pelouse-explique\/\" target=\"_blank\" rel=\"noreferrer noopener\">br\u00fbl\u00e9e pendant le trajet<\/a> depuis l\u2019Espagne en raison d\u2019un probl\u00e8me de refroidissement dans le camion de transport. Ces probl\u00e8mes de pelouse avaient surtout fait parler \u00e0 l\u2019occasion de la rencontre contre Lens (1-1, le 1er septembre) et mis en col\u00e8re l\u2019ex-entra\u00eeneur des Sang et Or, Will Still, pour qui l\u2019\u00e9tat du terrain \u00e9tait responsable de la blessure de Zaroury. Le directeur g\u00e9n\u00e9ral <a href=\"https:\/\/www.ladiagonale.net\/index.php\/2024\/09\/02\/scuro-sexcuse-pour-la-pelouse-et-promet-un-changement-dans-la-semaine\/\" target=\"_blank\" rel=\"noreferrer noopener\">Thiago Scuro avait d\u00fb s\u2019excuser<\/a> pour ce billard \u00e9lim\u00e9.<\/p>\n\n\n<div class=\"wp-block-image\">\n<figure class=\"aligncenter size-full is-resized\"><img loading=\"lazy\" src=\"https:\/\/www.ladiagonale.net\/wp-content\/uploads\/2025\/06\/large_Tableau_championnat_pelouses_3_L1_MD_7e80398d8d.png\" alt=\"\" class=\"wp-image-31879\" width=\"706\" height=\"750\" srcset=\"https:\/\/www.ladiagonale.net\/wp-content\/uploads\/2025\/06\/large_Tableau_championnat_pelouses_3_L1_MD_7e80398d8d.png 941w, https:\/\/www.ladiagonale.net\/wp-content\/uploads\/2025\/06\/large_Tableau_championnat_pelouses_3_L1_MD_7e80398d8d-282x300.png 282w, https:\/\/www.ladiagonale.net\/wp-content\/uploads\/2025\/06\/large_Tableau_championnat_pelouses_3_L1_MD_7e80398d8d-768x816.png 768w, https:\/\/www.ladiagonale.net\/wp-content\/uploads\/2025\/06\/large_Tableau_championnat_pelouses_3_L1_MD_7e80398d8d-120x128.png 120w, https:\/\/www.ladiagonale.net\/wp-content\/uploads\/2025\/06\/large_Tableau_championnat_pelouses_3_L1_MD_7e80398d8d-30x32.png 30w\" sizes=\"(max-width: 706px) 100vw, 706px\" \/><figcaption>Cr\u00e9dit : LFP<\/figcaption><\/figure><\/div>\n\n\n<div class=\"wp-container-1 wp-block-group has-white-color has-text-color has-background\" style=\"background-color:#303030\"><div class=\"wp-block-group__inner-container\">\n<h4 class=\"has-text-align-center\"><strong>Le classement du championnat des pelouses expliqu\u00e9<\/strong><\/h4>\n\n\n\n<p>Quatre acteurs sont amen\u00e9s \u00e0 noter la pelouse selon plusieurs crit\u00e8res et avec des coefficients diff\u00e9rents. Le plus \u00e9lev\u00e9 (coeff. 3) est pour l\u2019arbitre central, puis vient celui des clubs qui s\u2019affrontent (coeff. 2). Enfin le plus faible est celui du r\u00e9alisateur TV (coeff. 1). Avec pour ce dernier des crit\u00e8res l\u00e9g\u00e8rement diff\u00e9rents des trois premi\u00e8res entit\u00e9s. Clubs et arbitre vont principalement \u00e9valuer la trajectoire du ballon au sol, la souplesse\/duret\u00e9 du terrain et la qualit\u00e9 des appuis, le r\u00e9alisateur va davantage prendre en compte la dimension visuelle du billard (couleur, densit\u00e9 du terrain et dessin de tonte).<\/p>\n<\/div><\/div>\n","protected":false},"excerpt":{"rendered":"<p>L\u2019AS Monaco a perdu une place en Ligue 1 cette saison par rapport \u00e0 la pr\u00e9c\u00e9dente, mais ce n\u2019est rien en comparaison de sa chute au classement du championnat des pelouses. 4e et au pied du podium lors de l\u2019exercice 2023-2024, le club de la Principaut\u00e9 et sa pelouse du stade Louis-II se classent au [&#8230;]\n","protected":false},"author":2,"featured_media":0,"comment_status":"open","ping_status":"open","sticky":false,"template":"","format":"standard","meta":[],"categories":[6],"tags":[86,845,512,152],"yoast_head":"<!-- This site is optimized with the Yoast SEO plugin v19.8 - https:\/\/yoast.com\/wordpress\/plugins\/seo\/ -->\n<title>Monaco recule au championnat des pelouses - La Diagonale<\/title>\n<meta name=\"robots\" content=\"index, follow, max-snippet:-1, max-image-preview:large, max-video-preview:-1\" \/>\n<link rel=\"canonical\" href=\"https:\/\/www.ladiagonale.net\/index.php\/2025\/06\/07\/monaco-recule-au-championnat-des-pelouses\/\" \/>\n<meta property=\"og:locale\" content=\"fr_FR\" \/>\n<meta property=\"og:type\" content=\"article\" \/>\n<meta property=\"og:title\" content=\"Monaco recule au championnat des pelouses - La Diagonale\" \/>\n<meta property=\"og:description\" content=\"L\u2019AS Monaco a perdu une place en Ligue 1 cette saison par rapport \u00e0 la pr\u00e9c\u00e9dente, mais ce n\u2019est rien en comparaison de sa chute au classement du championnat des pelouses. 4e et au pied du podium lors de l\u2019exercice 2023-2024, le club de la Principaut\u00e9 et sa pelouse du stade Louis-II se classent au [...]\" \/>\n<meta property=\"og:url\" content=\"https:\/\/www.ladiagonale.net\/index.php\/2025\/06\/07\/monaco-recule-au-championnat-des-pelouses\/\" \/>\n<meta property=\"og:site_name\" content=\"La Diagonale\" \/>\n<meta property=\"article:published_time\" content=\"2025-06-07T16:14:03+00:00\" \/>\n<meta property=\"article:modified_time\" content=\"2025-06-07T16:14:04+00:00\" \/>\n<meta property=\"og:image\" content=\"https:\/\/www.ladiagonale.net\/wp-content\/uploads\/2024\/09\/pelouse.png\" \/>\n\t<meta property=\"og:image:width\" content=\"1160\" \/>\n\t<meta property=\"og:image:height\" content=\"650\" \/>\n\t<meta property=\"og:image:type\" content=\"image\/png\" \/>\n<meta name=\"author\" content=\"Damien Dellerba\" \/>\n<meta name=\"twitter:card\" content=\"summary_large_image\" \/>\n<meta name=\"twitter:image\" content=\"https:\/\/www.ladiagonale.net\/wp-content\/uploads\/2024\/09\/pelouse.png\" \/>\n<meta name=\"twitter:label1\" content=\"\u00c9crit par\" \/>\n\t<meta name=\"twitter:data1\" content=\"Damien Dellerba\" \/>\n\t<meta name=\"twitter:label2\" content=\"Dur\u00e9e de lecture estim\u00e9e\" \/>\n\t<meta name=\"twitter:data2\" content=\"2 minutes\" \/>\n<script type=\"application\/ld+json\" class=\"yoast-schema-graph\">{\"@context\":\"https:\/\/schema.org\",\"@graph\":[{\"@type\":\"WebPage\",\"@id\":\"https:\/\/www.ladiagonale.net\/index.php\/2025\/06\/07\/monaco-recule-au-championnat-des-pelouses\/\",\"url\":\"https:\/\/www.ladiagonale.net\/index.php\/2025\/06\/07\/monaco-recule-au-championnat-des-pelouses\/\",\"name\":\"Monaco recule au championnat des pelouses - La Diagonale\",\"isPartOf\":{\"@id\":\"https:\/\/www.ladiagonale.net\/#website\"},\"datePublished\":\"2025-06-07T16:14:03+00:00\",\"dateModified\":\"2025-06-07T16:14:04+00:00\",\"author\":{\"@id\":\"https:\/\/www.ladiagonale.net\/#\/schema\/person\/79ff1e7b0853ed01b2aa26e64ad300bf\"},\"breadcrumb\":{\"@id\":\"https:\/\/www.ladiagonale.net\/index.php\/2025\/06\/07\/monaco-recule-au-championnat-des-pelouses\/#breadcrumb\"},\"inLanguage\":\"fr-FR\",\"potentialAction\":[{\"@type\":\"ReadAction\",\"target\":[\"https:\/\/www.ladiagonale.net\/index.php\/2025\/06\/07\/monaco-recule-au-championnat-des-pelouses\/\"]}]},{\"@type\":\"BreadcrumbList\",\"@id\":\"https:\/\/www.ladiagonale.net\/index.php\/2025\/06\/07\/monaco-recule-au-championnat-des-pelouses\/#breadcrumb\",\"itemListElement\":[{\"@type\":\"ListItem\",\"position\":1,\"name\":\"Accueil\",\"item\":\"https:\/\/www.ladiagonale.net\/\"},{\"@type\":\"ListItem\",\"position\":2,\"name\":\"Monaco recule au championnat des pelouses\"}]},{\"@type\":\"WebSite\",\"@id\":\"https:\/\/www.ladiagonale.net\/#website\",\"url\":\"https:\/\/www.ladiagonale.net\/\",\"name\":\"La Diagonale\",\"description\":\"Le site des supporters de l&#039;AS Monaco FC\",\"potentialAction\":[{\"@type\":\"SearchAction\",\"target\":{\"@type\":\"EntryPoint\",\"urlTemplate\":\"https:\/\/www.ladiagonale.net\/?s={search_term_string}\"},\"query-input\":\"required name=search_term_string\"}],\"inLanguage\":\"fr-FR\"},{\"@type\":\"Person\",\"@id\":\"https:\/\/www.ladiagonale.net\/#\/schema\/person\/79ff1e7b0853ed01b2aa26e64ad300bf\",\"name\":\"Damien Dellerba\",\"image\":{\"@type\":\"ImageObject\",\"inLanguage\":\"fr-FR\",\"@id\":\"https:\/\/www.ladiagonale.net\/#\/schema\/person\/image\/\",\"url\":\"https:\/\/secure.gravatar.com\/avatar\/c7850e06d3ff63cdbaee88b7fc16e2f0?s=96&d=mm&r=g\",\"contentUrl\":\"https:\/\/secure.gravatar.com\/avatar\/c7850e06d3ff63cdbaee88b7fc16e2f0?s=96&d=mm&r=g\",\"caption\":\"Damien Dellerba\"},\"url\":\"https:\/\/www.ladiagonale.net\/index.php\/author\/damien\/\"}]}<\/script>\n<!-- \/ Yoast SEO plugin. -->","yoast_head_json":{"title":"Monaco recule au championnat des pelouses - La Diagonale","robots":{"index":"index","follow":"follow","max-snippet":"max-snippet:-1","max-image-preview":"max-image-preview:large","max-video-preview":"max-video-preview:-1"},"canonical":"https:\/\/www.ladiagonale.net\/index.php\/2025\/06\/07\/monaco-recule-au-championnat-des-pelouses\/","og_locale":"fr_FR","og_type":"article","og_title":"Monaco recule au championnat des pelouses - La Diagonale","og_description":"L\u2019AS Monaco a perdu une place en Ligue 1 cette saison par rapport \u00e0 la pr\u00e9c\u00e9dente, mais ce n\u2019est rien en comparaison de sa chute au classement du championnat des pelouses. 4e et au pied du podium lors de l\u2019exercice 2023-2024, le club de la Principaut\u00e9 et sa pelouse du stade Louis-II se classent au [...]","og_url":"https:\/\/www.ladiagonale.net\/index.php\/2025\/06\/07\/monaco-recule-au-championnat-des-pelouses\/","og_site_name":"La Diagonale","article_published_time":"2025-06-07T16:14:03+00:00","article_modified_time":"2025-06-07T16:14:04+00:00","og_image":[{"width":1160,"height":650,"url":"https:\/\/www.ladiagonale.net\/wp-content\/uploads\/2024\/09\/pelouse.png","type":"image\/png"}],"author":"Damien Dellerba","twitter_card":"summary_large_image","twitter_image":"https:\/\/www.ladiagonale.net\/wp-content\/uploads\/2024\/09\/pelouse.png","twitter_misc":{"\u00c9crit par":"Damien Dellerba","Dur\u00e9e de lecture estim\u00e9e":"2 minutes"},"schema":{"@context":"https:\/\/schema.org","@graph":[{"@type":"WebPage","@id":"https:\/\/www.ladiagonale.net\/index.php\/2025\/06\/07\/monaco-recule-au-championnat-des-pelouses\/","url":"https:\/\/www.ladiagonale.net\/index.php\/2025\/06\/07\/monaco-recule-au-championnat-des-pelouses\/","name":"Monaco recule au championnat des pelouses - La Diagonale","isPartOf":{"@id":"https:\/\/www.ladiagonale.net\/#website"},"datePublished":"2025-06-07T16:14:03+00:00","dateModified":"2025-06-07T16:14:04+00:00","author":{"@id":"https:\/\/www.ladiagonale.net\/#\/schema\/person\/79ff1e7b0853ed01b2aa26e64ad300bf"},"breadcrumb":{"@id":"https:\/\/www.ladiagonale.net\/index.php\/2025\/06\/07\/monaco-recule-au-championnat-des-pelouses\/#breadcrumb"},"inLanguage":"fr-FR","potentialAction":[{"@type":"ReadAction","target":["https:\/\/www.ladiagonale.net\/index.php\/2025\/06\/07\/monaco-recule-au-championnat-des-pelouses\/"]}]},{"@type":"BreadcrumbList","@id":"https:\/\/www.ladiagonale.net\/index.php\/2025\/06\/07\/monaco-recule-au-championnat-des-pelouses\/#breadcrumb","itemListElement":[{"@type":"ListItem","position":1,"name":"Accueil","item":"https:\/\/www.ladiagonale.net\/"},{"@type":"ListItem","position":2,"name":"Monaco recule au championnat des pelouses"}]},{"@type":"WebSite","@id":"https:\/\/www.ladiagonale.net\/#website","url":"https:\/\/www.ladiagonale.net\/","name":"La Diagonale","description":"Le site des supporters de l&#039;AS Monaco FC","potentialAction":[{"@type":"SearchAction","target":{"@type":"EntryPoint","urlTemplate":"https:\/\/www.ladiagonale.net\/?s={search_term_string}"},"query-input":"required name=search_term_string"}],"inLanguage":"fr-FR"},{"@type":"Person","@id":"https:\/\/www.ladiagonale.net\/#\/schema\/person\/79ff1e7b0853ed01b2aa26e64ad300bf","name":"Damien Dellerba","image":{"@type":"ImageObject","inLanguage":"fr-FR","@id":"https:\/\/www.ladiagonale.net\/#\/schema\/person\/image\/","url":"https:\/\/secure.gravatar.com\/avatar\/c7850e06d3ff63cdbaee88b7fc16e2f0?s=96&d=mm&r=g","contentUrl":"https:\/\/secure.gravatar.com\/avatar\/c7850e06d3ff63cdbaee88b7fc16e2f0?s=96&d=mm&r=g","caption":"Damien Dellerba"},"url":"https:\/\/www.ladiagonale.net\/index.php\/author\/damien\/"}]}},"_links":{"self":[{"href":"https:\/\/www.ladiagonale.net\/index.php\/wp-json\/wp\/v2\/posts\/31878"}],"collection":[{"href":"https:\/\/www.ladiagonale.net\/index.php\/wp-json\/wp\/v2\/posts"}],"about":[{"href":"https:\/\/www.ladiagonale.net\/index.php\/wp-json\/wp\/v2\/types\/post"}],"author":[{"embeddable":true,"href":"https:\/\/www.ladiagonale.net\/index.php\/wp-json\/wp\/v2\/users\/2"}],"replies":[{"embeddable":true,"href":"https:\/\/www.ladiagonale.net\/index.php\/wp-json\/wp\/v2\/comments?post=31878"}],"version-history":[{"count":1,"href":"https:\/\/www.ladiagonale.net\/index.php\/wp-json\/wp\/v2\/posts\/31878\/revisions"}],"predecessor-version":[{"id":31880,"href":"https:\/\/www.ladiagonale.net\/index.php\/wp-json\/wp\/v2\/posts\/31878\/revisions\/31880"}],"wp:attachment":[{"href":"https:\/\/www.ladiagonale.net\/index.php\/wp-json\/wp\/v2\/media?parent=31878"}],"wp:term":[{"taxonomy":"category","embeddable":true,"href":"https:\/\/www.ladiagonale.net\/index.php\/wp-json\/wp\/v2\/categories?post=31878"},{"taxonomy":"post_tag","embeddable":true,"href":"https:\/\/www.ladiagonale.net\/index.php\/wp-json\/wp\/v2\/tags?post=31878"}],"curies":[{"name":"wp","href":"https:\/\/api.w.org\/{rel}","templated":true}]}}