{"id":31892,"date":"2025-06-08T00:10:20","date_gmt":"2025-06-07T22:10:20","guid":{"rendered":"https:\/\/www.ladiagonale.net\/?p=31892"},"modified":"2025-06-08T00:10:21","modified_gmt":"2025-06-07T22:10:21","slug":"embolo-buteur-avec-la-suisse-2","status":"publish","type":"post","link":"https:\/\/www.ladiagonale.net\/index.php\/2025\/06\/08\/embolo-buteur-avec-la-suisse-2\/","title":{"rendered":"Embolo buteur avec la Suisse"},"content":{"rendered":"\n<p>Orphelin de <a href=\"https:\/\/www.ladiagonale.net\/index.php\/2025\/06\/06\/zakaria-forfait-avec-la-suisse\/\">Denis Zakaria<\/a> avec la s\u00e9lection suisse, Breel Embolo a fait contre mauvaise fortune bon c\u0153ur. L&rsquo;attaquant de l&rsquo;AS Monaco a de nouveau fait trembler les filets avec son \u00e9quipe nationale, son 17<sup>e<\/sup> but en 76 s\u00e9lections, lors d&rsquo;un match amical contre le Mexique (4-2), samedi soir. Buteur lors du dernier match contre le Luxembourg en mars, Embolo a donc r\u00e9cidiv\u00e9, parfaitement lanc\u00e9 en profondeur par Ricardo Rodriguez. L&rsquo;athl\u00e9tique Mon\u00e9gasque a ensuite laiss\u00e9 sa place \u00e0 la 62<sup>e<\/sup> minute de jeu. La Suisse affrontera les \u00c9tats-Unis dans la nuit de mardi \u00e0 mercredi.<\/p>\n\n\n\n<blockquote class=\"twitter-tweet\" data-media-max-width=\"560\"><p lang=\"en\" dir=\"ltr\">EMBOLO STRIKES FIRST. \ud83d\ude33\ud83e\udee8 Switzerland takes the lead! <a href=\"https:\/\/twitter.com\/hashtag\/MNTonFOXDeportes?src=hash&amp;ref_src=twsrc%5Etfw\">#MNTonFOXDeportes<\/a> <a href=\"https:\/\/t.co\/jrOcYXi2ty\">pic.twitter.com\/jrOcYXi2ty<\/a><\/p>&mdash; FOX Deportes (@FOXDeportes) <a href=\"https:\/\/twitter.com\/FOXDeportes\/status\/1931446815137698104?ref_src=twsrc%5Etfw\">June 7, 2025<\/a><\/blockquote> <script async src=\"https:\/\/platform.twitter.com\/widgets.js\" charset=\"utf-8\"><\/script> \n\n\n\n<p>Mika Biereth \u00e9tait lui aussi sur le pont ce samedi soir. Le Danemark affrontait en amical l&rsquo;Irlande du Nord et s&rsquo;est impos\u00e9 (2-1). Le buteur de l&rsquo;ASM, entr\u00e9 en jeu \u00e0 la 66<sup>e<\/sup> minute, n&rsquo;a pas eu la possibilit\u00e9 d&rsquo;ouvrir son compteur en s\u00e9lection pour sa troisi\u00e8me cape. La quatri\u00e8me sera peut-\u00eatre la bonne pour lui, avec une seconde rencontre amicale, cette fois face \u00e0 la Lituanie mardi soir.<\/p>\n","protected":false},"excerpt":{"rendered":"<p>Orphelin de Denis Zakaria avec la s\u00e9lection suisse, Breel Embolo a fait contre mauvaise fortune bon c\u0153ur. L&rsquo;attaquant de l&rsquo;AS Monaco a de nouveau fait trembler les filets avec son \u00e9quipe nationale, son 17e but en 76 s\u00e9lections, lors d&rsquo;un match amical contre le Mexique (4-2), samedi soir. Buteur lors du dernier match contre le [&#8230;]\n","protected":false},"author":2,"featured_media":0,"comment_status":"open","ping_status":"open","sticky":false,"template":"","format":"standard","meta":[],"categories":[6],"tags":[86,161,1006,965,116,117],"yoast_head":"<!-- This site is optimized with the Yoast SEO plugin v19.8 - https:\/\/yoast.com\/wordpress\/plugins\/seo\/ -->\n<title>Embolo buteur avec la Suisse - La Diagonale<\/title>\n<meta name=\"robots\" content=\"index, follow, max-snippet:-1, max-image-preview:large, max-video-preview:-1\" \/>\n<link rel=\"canonical\" href=\"https:\/\/www.ladiagonale.net\/index.php\/2025\/06\/08\/embolo-buteur-avec-la-suisse-2\/\" \/>\n<meta property=\"og:locale\" content=\"fr_FR\" \/>\n<meta property=\"og:type\" content=\"article\" \/>\n<meta property=\"og:title\" content=\"Embolo buteur avec la Suisse - La Diagonale\" \/>\n<meta property=\"og:description\" content=\"Orphelin de Denis Zakaria avec la s\u00e9lection suisse, Breel Embolo a fait contre mauvaise fortune bon c\u0153ur. L&rsquo;attaquant de l&rsquo;AS Monaco a de nouveau fait trembler les filets avec son \u00e9quipe nationale, son 17e but en 76 s\u00e9lections, lors d&rsquo;un match amical contre le Mexique (4-2), samedi soir. Buteur lors du dernier match contre le [...]\" \/>\n<meta property=\"og:url\" content=\"https:\/\/www.ladiagonale.net\/index.php\/2025\/06\/08\/embolo-buteur-avec-la-suisse-2\/\" \/>\n<meta property=\"og:site_name\" content=\"La Diagonale\" \/>\n<meta property=\"article:published_time\" content=\"2025-06-07T22:10:20+00:00\" \/>\n<meta property=\"article:modified_time\" content=\"2025-06-07T22:10:21+00:00\" \/>\n<meta property=\"og:image\" content=\"https:\/\/www.ladiagonale.net\/wp-content\/uploads\/2024\/06\/embolo-suisse.png\" \/>\n\t<meta property=\"og:image:width\" content=\"1160\" \/>\n\t<meta property=\"og:image:height\" content=\"650\" \/>\n\t<meta property=\"og:image:type\" content=\"image\/png\" \/>\n<meta name=\"author\" content=\"Damien Dellerba\" \/>\n<meta name=\"twitter:card\" content=\"summary_large_image\" \/>\n<meta name=\"twitter:image\" content=\"https:\/\/www.ladiagonale.net\/wp-content\/uploads\/2024\/06\/embolo-suisse.png\" \/>\n<meta name=\"twitter:label1\" content=\"\u00c9crit par\" \/>\n\t<meta name=\"twitter:data1\" content=\"Damien Dellerba\" \/>\n\t<meta name=\"twitter:label2\" content=\"Dur\u00e9e de lecture estim\u00e9e\" \/>\n\t<meta name=\"twitter:data2\" content=\"1 minute\" \/>\n<script type=\"application\/ld+json\" class=\"yoast-schema-graph\">{\"@context\":\"https:\/\/schema.org\",\"@graph\":[{\"@type\":\"WebPage\",\"@id\":\"https:\/\/www.ladiagonale.net\/index.php\/2025\/06\/08\/embolo-buteur-avec-la-suisse-2\/\",\"url\":\"https:\/\/www.ladiagonale.net\/index.php\/2025\/06\/08\/embolo-buteur-avec-la-suisse-2\/\",\"name\":\"Embolo buteur avec la Suisse - La Diagonale\",\"isPartOf\":{\"@id\":\"https:\/\/www.ladiagonale.net\/#website\"},\"datePublished\":\"2025-06-07T22:10:20+00:00\",\"dateModified\":\"2025-06-07T22:10:21+00:00\",\"author\":{\"@id\":\"https:\/\/www.ladiagonale.net\/#\/schema\/person\/79ff1e7b0853ed01b2aa26e64ad300bf\"},\"breadcrumb\":{\"@id\":\"https:\/\/www.ladiagonale.net\/index.php\/2025\/06\/08\/embolo-buteur-avec-la-suisse-2\/#breadcrumb\"},\"inLanguage\":\"fr-FR\",\"potentialAction\":[{\"@type\":\"ReadAction\",\"target\":[\"https:\/\/www.ladiagonale.net\/index.php\/2025\/06\/08\/embolo-buteur-avec-la-suisse-2\/\"]}]},{\"@type\":\"BreadcrumbList\",\"@id\":\"https:\/\/www.ladiagonale.net\/index.php\/2025\/06\/08\/embolo-buteur-avec-la-suisse-2\/#breadcrumb\",\"itemListElement\":[{\"@type\":\"ListItem\",\"position\":1,\"name\":\"Accueil\",\"item\":\"https:\/\/www.ladiagonale.net\/\"},{\"@type\":\"ListItem\",\"position\":2,\"name\":\"Embolo buteur avec la Suisse\"}]},{\"@type\":\"WebSite\",\"@id\":\"https:\/\/www.ladiagonale.net\/#website\",\"url\":\"https:\/\/www.ladiagonale.net\/\",\"name\":\"La Diagonale\",\"description\":\"Le site des supporters de l&#039;AS Monaco FC\",\"potentialAction\":[{\"@type\":\"SearchAction\",\"target\":{\"@type\":\"EntryPoint\",\"urlTemplate\":\"https:\/\/www.ladiagonale.net\/?s={search_term_string}\"},\"query-input\":\"required name=search_term_string\"}],\"inLanguage\":\"fr-FR\"},{\"@type\":\"Person\",\"@id\":\"https:\/\/www.ladiagonale.net\/#\/schema\/person\/79ff1e7b0853ed01b2aa26e64ad300bf\",\"name\":\"Damien Dellerba\",\"image\":{\"@type\":\"ImageObject\",\"inLanguage\":\"fr-FR\",\"@id\":\"https:\/\/www.ladiagonale.net\/#\/schema\/person\/image\/\",\"url\":\"https:\/\/secure.gravatar.com\/avatar\/c7850e06d3ff63cdbaee88b7fc16e2f0?s=96&d=mm&r=g\",\"contentUrl\":\"https:\/\/secure.gravatar.com\/avatar\/c7850e06d3ff63cdbaee88b7fc16e2f0?s=96&d=mm&r=g\",\"caption\":\"Damien Dellerba\"},\"url\":\"https:\/\/www.ladiagonale.net\/index.php\/author\/damien\/\"}]}<\/script>\n<!-- \/ Yoast SEO plugin. -->","yoast_head_json":{"title":"Embolo buteur avec la Suisse - La Diagonale","robots":{"index":"index","follow":"follow","max-snippet":"max-snippet:-1","max-image-preview":"max-image-preview:large","max-video-preview":"max-video-preview:-1"},"canonical":"https:\/\/www.ladiagonale.net\/index.php\/2025\/06\/08\/embolo-buteur-avec-la-suisse-2\/","og_locale":"fr_FR","og_type":"article","og_title":"Embolo buteur avec la Suisse - La Diagonale","og_description":"Orphelin de Denis Zakaria avec la s\u00e9lection suisse, Breel Embolo a fait contre mauvaise fortune bon c\u0153ur. L&rsquo;attaquant de l&rsquo;AS Monaco a de nouveau fait trembler les filets avec son \u00e9quipe nationale, son 17e but en 76 s\u00e9lections, lors d&rsquo;un match amical contre le Mexique (4-2), samedi soir. Buteur lors du dernier match contre le [...]","og_url":"https:\/\/www.ladiagonale.net\/index.php\/2025\/06\/08\/embolo-buteur-avec-la-suisse-2\/","og_site_name":"La Diagonale","article_published_time":"2025-06-07T22:10:20+00:00","article_modified_time":"2025-06-07T22:10:21+00:00","og_image":[{"width":1160,"height":650,"url":"https:\/\/www.ladiagonale.net\/wp-content\/uploads\/2024\/06\/embolo-suisse.png","type":"image\/png"}],"author":"Damien Dellerba","twitter_card":"summary_large_image","twitter_image":"https:\/\/www.ladiagonale.net\/wp-content\/uploads\/2024\/06\/embolo-suisse.png","twitter_misc":{"\u00c9crit par":"Damien Dellerba","Dur\u00e9e de lecture estim\u00e9e":"1 minute"},"schema":{"@context":"https:\/\/schema.org","@graph":[{"@type":"WebPage","@id":"https:\/\/www.ladiagonale.net\/index.php\/2025\/06\/08\/embolo-buteur-avec-la-suisse-2\/","url":"https:\/\/www.ladiagonale.net\/index.php\/2025\/06\/08\/embolo-buteur-avec-la-suisse-2\/","name":"Embolo buteur avec la Suisse - La Diagonale","isPartOf":{"@id":"https:\/\/www.ladiagonale.net\/#website"},"datePublished":"2025-06-07T22:10:20+00:00","dateModified":"2025-06-07T22:10:21+00:00","author":{"@id":"https:\/\/www.ladiagonale.net\/#\/schema\/person\/79ff1e7b0853ed01b2aa26e64ad300bf"},"breadcrumb":{"@id":"https:\/\/www.ladiagonale.net\/index.php\/2025\/06\/08\/embolo-buteur-avec-la-suisse-2\/#breadcrumb"},"inLanguage":"fr-FR","potentialAction":[{"@type":"ReadAction","target":["https:\/\/www.ladiagonale.net\/index.php\/2025\/06\/08\/embolo-buteur-avec-la-suisse-2\/"]}]},{"@type":"BreadcrumbList","@id":"https:\/\/www.ladiagonale.net\/index.php\/2025\/06\/08\/embolo-buteur-avec-la-suisse-2\/#breadcrumb","itemListElement":[{"@type":"ListItem","position":1,"name":"Accueil","item":"https:\/\/www.ladiagonale.net\/"},{"@type":"ListItem","position":2,"name":"Embolo buteur avec la Suisse"}]},{"@type":"WebSite","@id":"https:\/\/www.ladiagonale.net\/#website","url":"https:\/\/www.ladiagonale.net\/","name":"La Diagonale","description":"Le site des supporters de l&#039;AS Monaco FC","potentialAction":[{"@type":"SearchAction","target":{"@type":"EntryPoint","urlTemplate":"https:\/\/www.ladiagonale.net\/?s={search_term_string}"},"query-input":"required name=search_term_string"}],"inLanguage":"fr-FR"},{"@type":"Person","@id":"https:\/\/www.ladiagonale.net\/#\/schema\/person\/79ff1e7b0853ed01b2aa26e64ad300bf","name":"Damien Dellerba","image":{"@type":"ImageObject","inLanguage":"fr-FR","@id":"https:\/\/www.ladiagonale.net\/#\/schema\/person\/image\/","url":"https:\/\/secure.gravatar.com\/avatar\/c7850e06d3ff63cdbaee88b7fc16e2f0?s=96&d=mm&r=g","contentUrl":"https:\/\/secure.gravatar.com\/avatar\/c7850e06d3ff63cdbaee88b7fc16e2f0?s=96&d=mm&r=g","caption":"Damien Dellerba"},"url":"https:\/\/www.ladiagonale.net\/index.php\/author\/damien\/"}]}},"_links":{"self":[{"href":"https:\/\/www.ladiagonale.net\/index.php\/wp-json\/wp\/v2\/posts\/31892"}],"collection":[{"href":"https:\/\/www.ladiagonale.net\/index.php\/wp-json\/wp\/v2\/posts"}],"about":[{"href":"https:\/\/www.ladiagonale.net\/index.php\/wp-json\/wp\/v2\/types\/post"}],"author":[{"embeddable":true,"href":"https:\/\/www.ladiagonale.net\/index.php\/wp-json\/wp\/v2\/users\/2"}],"replies":[{"embeddable":true,"href":"https:\/\/www.ladiagonale.net\/index.php\/wp-json\/wp\/v2\/comments?post=31892"}],"version-history":[{"count":1,"href":"https:\/\/www.ladiagonale.net\/index.php\/wp-json\/wp\/v2\/posts\/31892\/revisions"}],"predecessor-version":[{"id":31894,"href":"https:\/\/www.ladiagonale.net\/index.php\/wp-json\/wp\/v2\/posts\/31892\/revisions\/31894"}],"wp:attachment":[{"href":"https:\/\/www.ladiagonale.net\/index.php\/wp-json\/wp\/v2\/media?parent=31892"}],"wp:term":[{"taxonomy":"category","embeddable":true,"href":"https:\/\/www.ladiagonale.net\/index.php\/wp-json\/wp\/v2\/categories?post=31892"},{"taxonomy":"post_tag","embeddable":true,"href":"https:\/\/www.ladiagonale.net\/index.php\/wp-json\/wp\/v2\/tags?post=31892"}],"curies":[{"name":"wp","href":"https:\/\/api.w.org\/{rel}","templated":true}]}}