{"id":31905,"date":"2025-06-09T15:13:40","date_gmt":"2025-06-09T13:13:40","guid":{"rendered":"https:\/\/www.ladiagonale.net\/?p=31905"},"modified":"2025-07-08T02:09:53","modified_gmt":"2025-07-08T00:09:53","slug":"un-nouveau-renfort-pour-lacademy-en-approche","status":"publish","type":"post","link":"https:\/\/www.ladiagonale.net\/index.php\/2025\/06\/09\/un-nouveau-renfort-pour-lacademy-en-approche\/","title":{"rendered":"Un nouveau renfort pour l\u2019Academy en approche"},"content":{"rendered":"\n<p>L\u2019AS Monaco s\u2019est montr\u00e9e tr\u00e8s active sur le mercato de son centre de formation. Il y a quelques joueurs, deux attaquants, <a href=\"https:\/\/www.ladiagonale.net\/index.php\/2025\/06\/07\/un-buteur-de-16-ans-tout-proche-de-signer-a-monaco\/\" target=\"_blank\" rel=\"noreferrer noopener\">Safouane Benzahra<\/a> et <a href=\"https:\/\/www.ladiagonale.net\/index.php\/2025\/06\/07\/monaco-devrait-accueillir-un-autre-attaquant-de-16-ans\/\" target=\"_blank\" rel=\"noreferrer noopener\">Nahel Haddani<\/a>, ont \u00e9t\u00e9 annonc\u00e9es du c\u00f4t\u00e9 du Rocher, et une nouvelle recrue devrait \u00eatre enregistr\u00e9e. Selon une information r\u00e9v\u00e9l\u00e9e par <em><a href=\"https:\/\/socios-fcmetz.com\/fc-metz-un-jeune-espoir-messin-courtise-par-monaco\/\" target=\"_blank\" rel=\"noreferrer noopener\">Socios FC Metz<\/a><\/em>, et confirm\u00e9e par <em>L\u2019\u00c9quipe<\/em>, Anis Soubeir devrait venir garnir les rangs de l\u2019Academy \u00e0 compter de la saison prochaine.<\/p>\n\n\n\n<p>Le milieu de terrain de 18 ans a jou\u00e9 cette saison avec les U19 du FC Metz et particip\u00e9 \u00e0 19 rencontres. Il a \u00e9galement particip\u00e9 \u00e0 2 matches de Coupe Gambardella.<\/p>\n\n\n\n<p>Ces noms s\u2019ajoutent \u00e0 ceux du gardien <a href=\"https:\/\/www.ladiagonale.net\/index.php\/2025\/05\/06\/un-nouveau-tres-jeune-gardien-en-approche\/\" target=\"_blank\" rel=\"noreferrer noopener\">Axel Decrenisse<\/a> (Servette), du lat\u00e9ral droit <a href=\"https:\/\/www.ladiagonale.net\/index.php\/2025\/05\/20\/un-guingampais-de-17-ans-dans-le-viseur\/\" target=\"_blank\" rel=\"noreferrer noopener\">Mustapha Azenked<\/a> (Guingamp), et de l\u2019attaquant <a href=\"https:\/\/www.ladiagonale.net\/index.php\/2025\/04\/02\/une-premiere-recrue-pour-lacademy-en-provenance-de-saint-priest\/\" target=\"_blank\" rel=\"noreferrer noopener\">Jassim Djelloul Bench\u00e9rif<\/a> (Saint-Priest), d\u00e9j\u00e0 \u00e9voqu\u00e9s au cours des derniers mois.<\/p>\n\n\n","protected":false},"excerpt":{"rendered":"<p>L\u2019AS Monaco s\u2019est montr\u00e9e tr\u00e8s active sur le mercato de son centre de formation. Il y a quelques joueurs, deux attaquants, Safouane Benzahra et Nahel Haddani, ont \u00e9t\u00e9 annonc\u00e9es du c\u00f4t\u00e9 du Rocher, et une nouvelle recrue devrait \u00eatre enregistr\u00e9e. Selon une information r\u00e9v\u00e9l\u00e9e par Socios FC Metz, et confirm\u00e9e par L\u2019\u00c9quipe, Anis Soubeir devrait [&#8230;]\n","protected":false},"author":2,"featured_media":0,"comment_status":"open","ping_status":"open","sticky":false,"template":"","format":"standard","meta":[],"categories":[6,1086],"tags":[76,1061,86,111,110],"yoast_head":"<!-- This site is optimized with the Yoast SEO plugin v19.8 - https:\/\/yoast.com\/wordpress\/plugins\/seo\/ -->\n<title>Un nouveau renfort pour l\u2019Academy en approche - La Diagonale<\/title>\n<meta name=\"robots\" content=\"index, follow, max-snippet:-1, max-image-preview:large, max-video-preview:-1\" \/>\n<link rel=\"canonical\" href=\"https:\/\/www.ladiagonale.net\/index.php\/2025\/06\/09\/un-nouveau-renfort-pour-lacademy-en-approche\/\" \/>\n<meta property=\"og:locale\" content=\"fr_FR\" \/>\n<meta property=\"og:type\" content=\"article\" \/>\n<meta property=\"og:title\" content=\"Un nouveau renfort pour l\u2019Academy en approche - La Diagonale\" \/>\n<meta property=\"og:description\" content=\"L\u2019AS Monaco s\u2019est montr\u00e9e tr\u00e8s active sur le mercato de son centre de formation. Il y a quelques joueurs, deux attaquants, Safouane Benzahra et Nahel Haddani, ont \u00e9t\u00e9 annonc\u00e9es du c\u00f4t\u00e9 du Rocher, et une nouvelle recrue devrait \u00eatre enregistr\u00e9e. Selon une information r\u00e9v\u00e9l\u00e9e par Socios FC Metz, et confirm\u00e9e par L\u2019\u00c9quipe, Anis Soubeir devrait [...]\" \/>\n<meta property=\"og:url\" content=\"https:\/\/www.ladiagonale.net\/index.php\/2025\/06\/09\/un-nouveau-renfort-pour-lacademy-en-approche\/\" \/>\n<meta property=\"og:site_name\" content=\"La Diagonale\" \/>\n<meta property=\"article:published_time\" content=\"2025-06-09T13:13:40+00:00\" \/>\n<meta property=\"article:modified_time\" content=\"2025-07-08T00:09:53+00:00\" \/>\n<meta property=\"og:image\" content=\"https:\/\/www.ladiagonale.net\/wp-content\/uploads\/2025\/06\/Soubeir.png\" \/>\n\t<meta property=\"og:image:width\" content=\"1160\" \/>\n\t<meta property=\"og:image:height\" content=\"650\" \/>\n\t<meta property=\"og:image:type\" content=\"image\/png\" \/>\n<meta name=\"author\" content=\"Damien Dellerba\" \/>\n<meta name=\"twitter:card\" content=\"summary_large_image\" \/>\n<meta name=\"twitter:image\" content=\"https:\/\/www.ladiagonale.net\/wp-content\/uploads\/2025\/06\/Soubeir.png\" \/>\n<meta name=\"twitter:label1\" content=\"\u00c9crit par\" \/>\n\t<meta name=\"twitter:data1\" content=\"Damien Dellerba\" \/>\n\t<meta name=\"twitter:label2\" content=\"Dur\u00e9e de lecture estim\u00e9e\" \/>\n\t<meta name=\"twitter:data2\" content=\"1 minute\" \/>\n<script type=\"application\/ld+json\" class=\"yoast-schema-graph\">{\"@context\":\"https:\/\/schema.org\",\"@graph\":[{\"@type\":\"WebPage\",\"@id\":\"https:\/\/www.ladiagonale.net\/index.php\/2025\/06\/09\/un-nouveau-renfort-pour-lacademy-en-approche\/\",\"url\":\"https:\/\/www.ladiagonale.net\/index.php\/2025\/06\/09\/un-nouveau-renfort-pour-lacademy-en-approche\/\",\"name\":\"Un nouveau renfort pour l\u2019Academy en approche - La Diagonale\",\"isPartOf\":{\"@id\":\"https:\/\/www.ladiagonale.net\/#website\"},\"datePublished\":\"2025-06-09T13:13:40+00:00\",\"dateModified\":\"2025-07-08T00:09:53+00:00\",\"author\":{\"@id\":\"https:\/\/www.ladiagonale.net\/#\/schema\/person\/79ff1e7b0853ed01b2aa26e64ad300bf\"},\"breadcrumb\":{\"@id\":\"https:\/\/www.ladiagonale.net\/index.php\/2025\/06\/09\/un-nouveau-renfort-pour-lacademy-en-approche\/#breadcrumb\"},\"inLanguage\":\"fr-FR\",\"potentialAction\":[{\"@type\":\"ReadAction\",\"target\":[\"https:\/\/www.ladiagonale.net\/index.php\/2025\/06\/09\/un-nouveau-renfort-pour-lacademy-en-approche\/\"]}]},{\"@type\":\"BreadcrumbList\",\"@id\":\"https:\/\/www.ladiagonale.net\/index.php\/2025\/06\/09\/un-nouveau-renfort-pour-lacademy-en-approche\/#breadcrumb\",\"itemListElement\":[{\"@type\":\"ListItem\",\"position\":1,\"name\":\"Accueil\",\"item\":\"https:\/\/www.ladiagonale.net\/\"},{\"@type\":\"ListItem\",\"position\":2,\"name\":\"Un nouveau renfort pour l\u2019Academy en approche\"}]},{\"@type\":\"WebSite\",\"@id\":\"https:\/\/www.ladiagonale.net\/#website\",\"url\":\"https:\/\/www.ladiagonale.net\/\",\"name\":\"La Diagonale\",\"description\":\"Le site des supporters de l&#039;AS Monaco FC\",\"potentialAction\":[{\"@type\":\"SearchAction\",\"target\":{\"@type\":\"EntryPoint\",\"urlTemplate\":\"https:\/\/www.ladiagonale.net\/?s={search_term_string}\"},\"query-input\":\"required name=search_term_string\"}],\"inLanguage\":\"fr-FR\"},{\"@type\":\"Person\",\"@id\":\"https:\/\/www.ladiagonale.net\/#\/schema\/person\/79ff1e7b0853ed01b2aa26e64ad300bf\",\"name\":\"Damien Dellerba\",\"image\":{\"@type\":\"ImageObject\",\"inLanguage\":\"fr-FR\",\"@id\":\"https:\/\/www.ladiagonale.net\/#\/schema\/person\/image\/\",\"url\":\"https:\/\/secure.gravatar.com\/avatar\/c7850e06d3ff63cdbaee88b7fc16e2f0?s=96&d=mm&r=g\",\"contentUrl\":\"https:\/\/secure.gravatar.com\/avatar\/c7850e06d3ff63cdbaee88b7fc16e2f0?s=96&d=mm&r=g\",\"caption\":\"Damien Dellerba\"},\"url\":\"https:\/\/www.ladiagonale.net\/index.php\/author\/damien\/\"}]}<\/script>\n<!-- \/ Yoast SEO plugin. -->","yoast_head_json":{"title":"Un nouveau renfort pour l\u2019Academy en approche - La Diagonale","robots":{"index":"index","follow":"follow","max-snippet":"max-snippet:-1","max-image-preview":"max-image-preview:large","max-video-preview":"max-video-preview:-1"},"canonical":"https:\/\/www.ladiagonale.net\/index.php\/2025\/06\/09\/un-nouveau-renfort-pour-lacademy-en-approche\/","og_locale":"fr_FR","og_type":"article","og_title":"Un nouveau renfort pour l\u2019Academy en approche - La Diagonale","og_description":"L\u2019AS Monaco s\u2019est montr\u00e9e tr\u00e8s active sur le mercato de son centre de formation. Il y a quelques joueurs, deux attaquants, Safouane Benzahra et Nahel Haddani, ont \u00e9t\u00e9 annonc\u00e9es du c\u00f4t\u00e9 du Rocher, et une nouvelle recrue devrait \u00eatre enregistr\u00e9e. Selon une information r\u00e9v\u00e9l\u00e9e par Socios FC Metz, et confirm\u00e9e par L\u2019\u00c9quipe, Anis Soubeir devrait [...]","og_url":"https:\/\/www.ladiagonale.net\/index.php\/2025\/06\/09\/un-nouveau-renfort-pour-lacademy-en-approche\/","og_site_name":"La Diagonale","article_published_time":"2025-06-09T13:13:40+00:00","article_modified_time":"2025-07-08T00:09:53+00:00","og_image":[{"width":1160,"height":650,"url":"https:\/\/www.ladiagonale.net\/wp-content\/uploads\/2025\/06\/Soubeir.png","type":"image\/png"}],"author":"Damien Dellerba","twitter_card":"summary_large_image","twitter_image":"https:\/\/www.ladiagonale.net\/wp-content\/uploads\/2025\/06\/Soubeir.png","twitter_misc":{"\u00c9crit par":"Damien Dellerba","Dur\u00e9e de lecture estim\u00e9e":"1 minute"},"schema":{"@context":"https:\/\/schema.org","@graph":[{"@type":"WebPage","@id":"https:\/\/www.ladiagonale.net\/index.php\/2025\/06\/09\/un-nouveau-renfort-pour-lacademy-en-approche\/","url":"https:\/\/www.ladiagonale.net\/index.php\/2025\/06\/09\/un-nouveau-renfort-pour-lacademy-en-approche\/","name":"Un nouveau renfort pour l\u2019Academy en approche - La Diagonale","isPartOf":{"@id":"https:\/\/www.ladiagonale.net\/#website"},"datePublished":"2025-06-09T13:13:40+00:00","dateModified":"2025-07-08T00:09:53+00:00","author":{"@id":"https:\/\/www.ladiagonale.net\/#\/schema\/person\/79ff1e7b0853ed01b2aa26e64ad300bf"},"breadcrumb":{"@id":"https:\/\/www.ladiagonale.net\/index.php\/2025\/06\/09\/un-nouveau-renfort-pour-lacademy-en-approche\/#breadcrumb"},"inLanguage":"fr-FR","potentialAction":[{"@type":"ReadAction","target":["https:\/\/www.ladiagonale.net\/index.php\/2025\/06\/09\/un-nouveau-renfort-pour-lacademy-en-approche\/"]}]},{"@type":"BreadcrumbList","@id":"https:\/\/www.ladiagonale.net\/index.php\/2025\/06\/09\/un-nouveau-renfort-pour-lacademy-en-approche\/#breadcrumb","itemListElement":[{"@type":"ListItem","position":1,"name":"Accueil","item":"https:\/\/www.ladiagonale.net\/"},{"@type":"ListItem","position":2,"name":"Un nouveau renfort pour l\u2019Academy en approche"}]},{"@type":"WebSite","@id":"https:\/\/www.ladiagonale.net\/#website","url":"https:\/\/www.ladiagonale.net\/","name":"La Diagonale","description":"Le site des supporters de l&#039;AS Monaco FC","potentialAction":[{"@type":"SearchAction","target":{"@type":"EntryPoint","urlTemplate":"https:\/\/www.ladiagonale.net\/?s={search_term_string}"},"query-input":"required name=search_term_string"}],"inLanguage":"fr-FR"},{"@type":"Person","@id":"https:\/\/www.ladiagonale.net\/#\/schema\/person\/79ff1e7b0853ed01b2aa26e64ad300bf","name":"Damien Dellerba","image":{"@type":"ImageObject","inLanguage":"fr-FR","@id":"https:\/\/www.ladiagonale.net\/#\/schema\/person\/image\/","url":"https:\/\/secure.gravatar.com\/avatar\/c7850e06d3ff63cdbaee88b7fc16e2f0?s=96&d=mm&r=g","contentUrl":"https:\/\/secure.gravatar.com\/avatar\/c7850e06d3ff63cdbaee88b7fc16e2f0?s=96&d=mm&r=g","caption":"Damien Dellerba"},"url":"https:\/\/www.ladiagonale.net\/index.php\/author\/damien\/"}]}},"_links":{"self":[{"href":"https:\/\/www.ladiagonale.net\/index.php\/wp-json\/wp\/v2\/posts\/31905"}],"collection":[{"href":"https:\/\/www.ladiagonale.net\/index.php\/wp-json\/wp\/v2\/posts"}],"about":[{"href":"https:\/\/www.ladiagonale.net\/index.php\/wp-json\/wp\/v2\/types\/post"}],"author":[{"embeddable":true,"href":"https:\/\/www.ladiagonale.net\/index.php\/wp-json\/wp\/v2\/users\/2"}],"replies":[{"embeddable":true,"href":"https:\/\/www.ladiagonale.net\/index.php\/wp-json\/wp\/v2\/comments?post=31905"}],"version-history":[{"count":1,"href":"https:\/\/www.ladiagonale.net\/index.php\/wp-json\/wp\/v2\/posts\/31905\/revisions"}],"predecessor-version":[{"id":31907,"href":"https:\/\/www.ladiagonale.net\/index.php\/wp-json\/wp\/v2\/posts\/31905\/revisions\/31907"}],"wp:attachment":[{"href":"https:\/\/www.ladiagonale.net\/index.php\/wp-json\/wp\/v2\/media?parent=31905"}],"wp:term":[{"taxonomy":"category","embeddable":true,"href":"https:\/\/www.ladiagonale.net\/index.php\/wp-json\/wp\/v2\/categories?post=31905"},{"taxonomy":"post_tag","embeddable":true,"href":"https:\/\/www.ladiagonale.net\/index.php\/wp-json\/wp\/v2\/tags?post=31905"}],"curies":[{"name":"wp","href":"https:\/\/api.w.org\/{rel}","templated":true}]}}