{"id":31922,"date":"2025-06-10T14:19:16","date_gmt":"2025-06-10T12:19:16","guid":{"rendered":"https:\/\/www.ladiagonale.net\/?p=31922"},"modified":"2025-07-08T02:09:53","modified_gmt":"2025-07-08T00:09:53","slug":"officiel-benzahra-signe-a-monaco","status":"publish","type":"post","link":"https:\/\/www.ladiagonale.net\/index.php\/2025\/06\/10\/officiel-benzahra-signe-a-monaco\/","title":{"rendered":"Officiel : Benzahra signe \u00e0 Monaco"},"content":{"rendered":"\n\n\n<p>L\u2019AS Monaco devrait renforcer de fa\u00e7on significative les effectifs de son centre de formation cet \u00e9t\u00e9. De nombreux noms ont \u00e9t\u00e9 \u00e9voqu\u00e9s et l\u2019un d\u2019eux a \u00e9t\u00e9 officialis\u00e9. Safouane Benzahra, tr\u00e8s jeune attaquant de 16 ans, est d\u00e9sormais Mon\u00e9gasque, comme l\u2019a officialis\u00e9 son club n\u00e9erlandais du NAC Breda. Selon les informations parues dans la presse, son contrat porterait sur trois saisons.<\/p>\n\n\n\n<p>\u00ab\u00a0<em>Le NAC lui a propos\u00e9 un contrat de trois ans, mais il n&rsquo;a pas pu refuser l&rsquo;offre de Monaco, <\/em>a indiqu\u00e9 le club n\u00e9erlandais<em>. Il est regrettable qu&rsquo;il ne reste pas li\u00e9 au NAC, mais nous lui souhaitons bien s\u00fbr beaucoup de succ\u00e8s dans sa nouvelle aventure<\/em>\u00a0\u00bb. De son c\u00f4t\u00e9, le N\u00e9erlando-Marocain a \u00e9voqu\u00e9 \u00ab\u00a0<em>opportunit\u00e9<\/em>\u00a0\u00bb qu\u2019il ne pouvait \u00ab\u00a0<em>vraiment pas laisser passer<\/em>\u00a0\u00bb.<\/p>\n\n\n\n<p>Lors du dernier exercice, Benzahra a jou\u00e9 14 rencontres en championnat U17 et inscrit 17 buts.<\/p>\n","protected":false},"excerpt":{"rendered":"<p>L\u2019AS Monaco devrait renforcer de fa\u00e7on significative les effectifs de son centre de formation cet \u00e9t\u00e9. De nombreux noms ont \u00e9t\u00e9 \u00e9voqu\u00e9s et l\u2019un d\u2019eux a \u00e9t\u00e9 officialis\u00e9. Safouane Benzahra, tr\u00e8s jeune attaquant de 16 ans, est d\u00e9sormais Mon\u00e9gasque, comme l\u2019a officialis\u00e9 son club n\u00e9erlandais du NAC Breda. Selon les informations parues dans la presse, [&#8230;]\n","protected":false},"author":2,"featured_media":0,"comment_status":"open","ping_status":"open","sticky":false,"template":"","format":"standard","meta":[],"categories":[4,6,1086],"tags":[76,86,111,1058,110],"yoast_head":"<!-- This site is optimized with the Yoast SEO plugin v19.8 - https:\/\/yoast.com\/wordpress\/plugins\/seo\/ -->\n<title>Officiel : Benzahra signe \u00e0 Monaco - La Diagonale<\/title>\n<meta name=\"robots\" content=\"index, follow, max-snippet:-1, max-image-preview:large, max-video-preview:-1\" \/>\n<link rel=\"canonical\" href=\"https:\/\/www.ladiagonale.net\/index.php\/2025\/06\/10\/officiel-benzahra-signe-a-monaco\/\" \/>\n<meta property=\"og:locale\" content=\"fr_FR\" \/>\n<meta property=\"og:type\" content=\"article\" \/>\n<meta property=\"og:title\" content=\"Officiel : Benzahra signe \u00e0 Monaco - La Diagonale\" \/>\n<meta property=\"og:description\" content=\"L\u2019AS Monaco devrait renforcer de fa\u00e7on significative les effectifs de son centre de formation cet \u00e9t\u00e9. De nombreux noms ont \u00e9t\u00e9 \u00e9voqu\u00e9s et l\u2019un d\u2019eux a \u00e9t\u00e9 officialis\u00e9. Safouane Benzahra, tr\u00e8s jeune attaquant de 16 ans, est d\u00e9sormais Mon\u00e9gasque, comme l\u2019a officialis\u00e9 son club n\u00e9erlandais du NAC Breda. Selon les informations parues dans la presse, [...]\" \/>\n<meta property=\"og:url\" content=\"https:\/\/www.ladiagonale.net\/index.php\/2025\/06\/10\/officiel-benzahra-signe-a-monaco\/\" \/>\n<meta property=\"og:site_name\" content=\"La Diagonale\" \/>\n<meta property=\"article:published_time\" content=\"2025-06-10T12:19:16+00:00\" \/>\n<meta property=\"article:modified_time\" content=\"2025-07-08T00:09:53+00:00\" \/>\n<meta property=\"og:image\" content=\"https:\/\/www.ladiagonale.net\/wp-content\/uploads\/2025\/06\/Benzahra2.png\" \/>\n\t<meta property=\"og:image:width\" content=\"1160\" \/>\n\t<meta property=\"og:image:height\" content=\"650\" \/>\n\t<meta property=\"og:image:type\" content=\"image\/png\" \/>\n<meta name=\"author\" content=\"Damien Dellerba\" \/>\n<meta name=\"twitter:card\" content=\"summary_large_image\" \/>\n<meta name=\"twitter:image\" content=\"https:\/\/www.ladiagonale.net\/wp-content\/uploads\/2025\/06\/Benzahra2.png\" \/>\n<meta name=\"twitter:label1\" content=\"\u00c9crit par\" \/>\n\t<meta name=\"twitter:data1\" content=\"Damien Dellerba\" \/>\n\t<meta name=\"twitter:label2\" content=\"Dur\u00e9e de lecture estim\u00e9e\" \/>\n\t<meta name=\"twitter:data2\" content=\"1 minute\" \/>\n<script type=\"application\/ld+json\" class=\"yoast-schema-graph\">{\"@context\":\"https:\/\/schema.org\",\"@graph\":[{\"@type\":\"WebPage\",\"@id\":\"https:\/\/www.ladiagonale.net\/index.php\/2025\/06\/10\/officiel-benzahra-signe-a-monaco\/\",\"url\":\"https:\/\/www.ladiagonale.net\/index.php\/2025\/06\/10\/officiel-benzahra-signe-a-monaco\/\",\"name\":\"Officiel : Benzahra signe \u00e0 Monaco - La Diagonale\",\"isPartOf\":{\"@id\":\"https:\/\/www.ladiagonale.net\/#website\"},\"datePublished\":\"2025-06-10T12:19:16+00:00\",\"dateModified\":\"2025-07-08T00:09:53+00:00\",\"author\":{\"@id\":\"https:\/\/www.ladiagonale.net\/#\/schema\/person\/79ff1e7b0853ed01b2aa26e64ad300bf\"},\"breadcrumb\":{\"@id\":\"https:\/\/www.ladiagonale.net\/index.php\/2025\/06\/10\/officiel-benzahra-signe-a-monaco\/#breadcrumb\"},\"inLanguage\":\"fr-FR\",\"potentialAction\":[{\"@type\":\"ReadAction\",\"target\":[\"https:\/\/www.ladiagonale.net\/index.php\/2025\/06\/10\/officiel-benzahra-signe-a-monaco\/\"]}]},{\"@type\":\"BreadcrumbList\",\"@id\":\"https:\/\/www.ladiagonale.net\/index.php\/2025\/06\/10\/officiel-benzahra-signe-a-monaco\/#breadcrumb\",\"itemListElement\":[{\"@type\":\"ListItem\",\"position\":1,\"name\":\"Accueil\",\"item\":\"https:\/\/www.ladiagonale.net\/\"},{\"@type\":\"ListItem\",\"position\":2,\"name\":\"Officiel : Benzahra signe \u00e0 Monaco\"}]},{\"@type\":\"WebSite\",\"@id\":\"https:\/\/www.ladiagonale.net\/#website\",\"url\":\"https:\/\/www.ladiagonale.net\/\",\"name\":\"La Diagonale\",\"description\":\"Le site des supporters de l&#039;AS Monaco FC\",\"potentialAction\":[{\"@type\":\"SearchAction\",\"target\":{\"@type\":\"EntryPoint\",\"urlTemplate\":\"https:\/\/www.ladiagonale.net\/?s={search_term_string}\"},\"query-input\":\"required name=search_term_string\"}],\"inLanguage\":\"fr-FR\"},{\"@type\":\"Person\",\"@id\":\"https:\/\/www.ladiagonale.net\/#\/schema\/person\/79ff1e7b0853ed01b2aa26e64ad300bf\",\"name\":\"Damien Dellerba\",\"image\":{\"@type\":\"ImageObject\",\"inLanguage\":\"fr-FR\",\"@id\":\"https:\/\/www.ladiagonale.net\/#\/schema\/person\/image\/\",\"url\":\"https:\/\/secure.gravatar.com\/avatar\/c7850e06d3ff63cdbaee88b7fc16e2f0?s=96&d=mm&r=g\",\"contentUrl\":\"https:\/\/secure.gravatar.com\/avatar\/c7850e06d3ff63cdbaee88b7fc16e2f0?s=96&d=mm&r=g\",\"caption\":\"Damien Dellerba\"},\"url\":\"https:\/\/www.ladiagonale.net\/index.php\/author\/damien\/\"}]}<\/script>\n<!-- \/ Yoast SEO plugin. -->","yoast_head_json":{"title":"Officiel : Benzahra signe \u00e0 Monaco - La Diagonale","robots":{"index":"index","follow":"follow","max-snippet":"max-snippet:-1","max-image-preview":"max-image-preview:large","max-video-preview":"max-video-preview:-1"},"canonical":"https:\/\/www.ladiagonale.net\/index.php\/2025\/06\/10\/officiel-benzahra-signe-a-monaco\/","og_locale":"fr_FR","og_type":"article","og_title":"Officiel : Benzahra signe \u00e0 Monaco - La Diagonale","og_description":"L\u2019AS Monaco devrait renforcer de fa\u00e7on significative les effectifs de son centre de formation cet \u00e9t\u00e9. De nombreux noms ont \u00e9t\u00e9 \u00e9voqu\u00e9s et l\u2019un d\u2019eux a \u00e9t\u00e9 officialis\u00e9. Safouane Benzahra, tr\u00e8s jeune attaquant de 16 ans, est d\u00e9sormais Mon\u00e9gasque, comme l\u2019a officialis\u00e9 son club n\u00e9erlandais du NAC Breda. Selon les informations parues dans la presse, [...]","og_url":"https:\/\/www.ladiagonale.net\/index.php\/2025\/06\/10\/officiel-benzahra-signe-a-monaco\/","og_site_name":"La Diagonale","article_published_time":"2025-06-10T12:19:16+00:00","article_modified_time":"2025-07-08T00:09:53+00:00","og_image":[{"width":1160,"height":650,"url":"https:\/\/www.ladiagonale.net\/wp-content\/uploads\/2025\/06\/Benzahra2.png","type":"image\/png"}],"author":"Damien Dellerba","twitter_card":"summary_large_image","twitter_image":"https:\/\/www.ladiagonale.net\/wp-content\/uploads\/2025\/06\/Benzahra2.png","twitter_misc":{"\u00c9crit par":"Damien Dellerba","Dur\u00e9e de lecture estim\u00e9e":"1 minute"},"schema":{"@context":"https:\/\/schema.org","@graph":[{"@type":"WebPage","@id":"https:\/\/www.ladiagonale.net\/index.php\/2025\/06\/10\/officiel-benzahra-signe-a-monaco\/","url":"https:\/\/www.ladiagonale.net\/index.php\/2025\/06\/10\/officiel-benzahra-signe-a-monaco\/","name":"Officiel : Benzahra signe \u00e0 Monaco - La Diagonale","isPartOf":{"@id":"https:\/\/www.ladiagonale.net\/#website"},"datePublished":"2025-06-10T12:19:16+00:00","dateModified":"2025-07-08T00:09:53+00:00","author":{"@id":"https:\/\/www.ladiagonale.net\/#\/schema\/person\/79ff1e7b0853ed01b2aa26e64ad300bf"},"breadcrumb":{"@id":"https:\/\/www.ladiagonale.net\/index.php\/2025\/06\/10\/officiel-benzahra-signe-a-monaco\/#breadcrumb"},"inLanguage":"fr-FR","potentialAction":[{"@type":"ReadAction","target":["https:\/\/www.ladiagonale.net\/index.php\/2025\/06\/10\/officiel-benzahra-signe-a-monaco\/"]}]},{"@type":"BreadcrumbList","@id":"https:\/\/www.ladiagonale.net\/index.php\/2025\/06\/10\/officiel-benzahra-signe-a-monaco\/#breadcrumb","itemListElement":[{"@type":"ListItem","position":1,"name":"Accueil","item":"https:\/\/www.ladiagonale.net\/"},{"@type":"ListItem","position":2,"name":"Officiel : Benzahra signe \u00e0 Monaco"}]},{"@type":"WebSite","@id":"https:\/\/www.ladiagonale.net\/#website","url":"https:\/\/www.ladiagonale.net\/","name":"La Diagonale","description":"Le site des supporters de l&#039;AS Monaco FC","potentialAction":[{"@type":"SearchAction","target":{"@type":"EntryPoint","urlTemplate":"https:\/\/www.ladiagonale.net\/?s={search_term_string}"},"query-input":"required name=search_term_string"}],"inLanguage":"fr-FR"},{"@type":"Person","@id":"https:\/\/www.ladiagonale.net\/#\/schema\/person\/79ff1e7b0853ed01b2aa26e64ad300bf","name":"Damien Dellerba","image":{"@type":"ImageObject","inLanguage":"fr-FR","@id":"https:\/\/www.ladiagonale.net\/#\/schema\/person\/image\/","url":"https:\/\/secure.gravatar.com\/avatar\/c7850e06d3ff63cdbaee88b7fc16e2f0?s=96&d=mm&r=g","contentUrl":"https:\/\/secure.gravatar.com\/avatar\/c7850e06d3ff63cdbaee88b7fc16e2f0?s=96&d=mm&r=g","caption":"Damien Dellerba"},"url":"https:\/\/www.ladiagonale.net\/index.php\/author\/damien\/"}]}},"_links":{"self":[{"href":"https:\/\/www.ladiagonale.net\/index.php\/wp-json\/wp\/v2\/posts\/31922"}],"collection":[{"href":"https:\/\/www.ladiagonale.net\/index.php\/wp-json\/wp\/v2\/posts"}],"about":[{"href":"https:\/\/www.ladiagonale.net\/index.php\/wp-json\/wp\/v2\/types\/post"}],"author":[{"embeddable":true,"href":"https:\/\/www.ladiagonale.net\/index.php\/wp-json\/wp\/v2\/users\/2"}],"replies":[{"embeddable":true,"href":"https:\/\/www.ladiagonale.net\/index.php\/wp-json\/wp\/v2\/comments?post=31922"}],"version-history":[{"count":1,"href":"https:\/\/www.ladiagonale.net\/index.php\/wp-json\/wp\/v2\/posts\/31922\/revisions"}],"predecessor-version":[{"id":31924,"href":"https:\/\/www.ladiagonale.net\/index.php\/wp-json\/wp\/v2\/posts\/31922\/revisions\/31924"}],"wp:attachment":[{"href":"https:\/\/www.ladiagonale.net\/index.php\/wp-json\/wp\/v2\/media?parent=31922"}],"wp:term":[{"taxonomy":"category","embeddable":true,"href":"https:\/\/www.ladiagonale.net\/index.php\/wp-json\/wp\/v2\/categories?post=31922"},{"taxonomy":"post_tag","embeddable":true,"href":"https:\/\/www.ladiagonale.net\/index.php\/wp-json\/wp\/v2\/tags?post=31922"}],"curies":[{"name":"wp","href":"https:\/\/api.w.org\/{rel}","templated":true}]}}