{"id":31930,"date":"2025-06-10T15:08:48","date_gmt":"2025-06-10T13:08:48","guid":{"rendered":"https:\/\/www.ladiagonale.net\/?p=31930"},"modified":"2025-06-10T15:08:49","modified_gmt":"2025-06-10T13:08:49","slug":"premiere-selection-en-a-pour-boura","status":"publish","type":"post","link":"https:\/\/www.ladiagonale.net\/index.php\/2025\/06\/10\/premiere-selection-en-a-pour-boura\/","title":{"rendered":"Premi\u00e8re s\u00e9lection en A pour Boura"},"content":{"rendered":"\n\n\n<p>L\u2019AS Monaco compte un international suppl\u00e9mentaire. Amal Boura, entr\u00e9 en jeu \u00e0 la 86<sup>e<\/sup> minute d\u2019un match amical contre le Kosovo, est devenu \u00e0 18 ans un joueur de s\u00e9lection \u00e0 part enti\u00e8re, lundi soir, avec les Comores. Les Comoriens se sont toutefois inclin\u00e9s lors de cette rencontre (2-4).<\/p>\n\n\n\n<p>De son c\u00f4t\u00e9, Eliesse Ben Seghir est rest\u00e9 sur le banc avec le Maroc lors de la victoire face au B\u00e9nin (1-0). Le milieu offensif de 20 ans part en vacances sur une bonne note, avec <a href=\"https:\/\/www.ladiagonale.net\/index.php\/2025\/06\/07\/ben-seghir-passeur-avec-le-maroc\/\" target=\"_blank\" rel=\"noreferrer noopener\">une passe d\u00e9cisive<\/a> lors de sa derni\u00e8re partie de la saison, contre la Tunisie quelques jours auparavant.<\/p>\n","protected":false},"excerpt":{"rendered":"<p>L\u2019AS Monaco compte un international suppl\u00e9mentaire. Amal Boura, entr\u00e9 en jeu \u00e0 la 86e minute d\u2019un match amical contre le Kosovo, est devenu \u00e0 18 ans un joueur de s\u00e9lection \u00e0 part enti\u00e8re, lundi soir, avec les Comores. Les Comoriens se sont toutefois inclin\u00e9s lors de cette rencontre (2-4). De son c\u00f4t\u00e9, Eliesse Ben Seghir [&#8230;]\n","protected":false},"author":2,"featured_media":0,"comment_status":"open","ping_status":"open","sticky":false,"template":"","format":"standard","meta":[],"categories":[6],"tags":[789,86,1051,286,800,116],"yoast_head":"<!-- This site is optimized with the Yoast SEO plugin v19.8 - https:\/\/yoast.com\/wordpress\/plugins\/seo\/ -->\n<title>Premi\u00e8re s\u00e9lection en A pour Boura - La Diagonale<\/title>\n<meta name=\"robots\" content=\"index, follow, max-snippet:-1, max-image-preview:large, max-video-preview:-1\" \/>\n<link rel=\"canonical\" href=\"https:\/\/www.ladiagonale.net\/index.php\/2025\/06\/10\/premiere-selection-en-a-pour-boura\/\" \/>\n<meta property=\"og:locale\" content=\"fr_FR\" \/>\n<meta property=\"og:type\" content=\"article\" \/>\n<meta property=\"og:title\" content=\"Premi\u00e8re s\u00e9lection en A pour Boura - La Diagonale\" \/>\n<meta property=\"og:description\" content=\"L\u2019AS Monaco compte un international suppl\u00e9mentaire. Amal Boura, entr\u00e9 en jeu \u00e0 la 86e minute d\u2019un match amical contre le Kosovo, est devenu \u00e0 18 ans un joueur de s\u00e9lection \u00e0 part enti\u00e8re, lundi soir, avec les Comores. Les Comoriens se sont toutefois inclin\u00e9s lors de cette rencontre (2-4). De son c\u00f4t\u00e9, Eliesse Ben Seghir [...]\" \/>\n<meta property=\"og:url\" content=\"https:\/\/www.ladiagonale.net\/index.php\/2025\/06\/10\/premiere-selection-en-a-pour-boura\/\" \/>\n<meta property=\"og:site_name\" content=\"La Diagonale\" \/>\n<meta property=\"article:published_time\" content=\"2025-06-10T13:08:48+00:00\" \/>\n<meta property=\"article:modified_time\" content=\"2025-06-10T13:08:49+00:00\" \/>\n<meta property=\"og:image\" content=\"https:\/\/www.ladiagonale.net\/wp-content\/uploads\/2025\/06\/Boura3.png\" \/>\n\t<meta property=\"og:image:width\" content=\"1160\" \/>\n\t<meta property=\"og:image:height\" content=\"650\" \/>\n\t<meta property=\"og:image:type\" content=\"image\/png\" \/>\n<meta name=\"author\" content=\"Damien Dellerba\" \/>\n<meta name=\"twitter:card\" content=\"summary_large_image\" \/>\n<meta name=\"twitter:image\" content=\"https:\/\/www.ladiagonale.net\/wp-content\/uploads\/2025\/06\/Boura3.png\" \/>\n<meta name=\"twitter:label1\" content=\"\u00c9crit par\" \/>\n\t<meta name=\"twitter:data1\" content=\"Damien Dellerba\" \/>\n\t<meta name=\"twitter:label2\" content=\"Dur\u00e9e de lecture estim\u00e9e\" \/>\n\t<meta name=\"twitter:data2\" content=\"1 minute\" \/>\n<script type=\"application\/ld+json\" class=\"yoast-schema-graph\">{\"@context\":\"https:\/\/schema.org\",\"@graph\":[{\"@type\":\"WebPage\",\"@id\":\"https:\/\/www.ladiagonale.net\/index.php\/2025\/06\/10\/premiere-selection-en-a-pour-boura\/\",\"url\":\"https:\/\/www.ladiagonale.net\/index.php\/2025\/06\/10\/premiere-selection-en-a-pour-boura\/\",\"name\":\"Premi\u00e8re s\u00e9lection en A pour Boura - La Diagonale\",\"isPartOf\":{\"@id\":\"https:\/\/www.ladiagonale.net\/#website\"},\"datePublished\":\"2025-06-10T13:08:48+00:00\",\"dateModified\":\"2025-06-10T13:08:49+00:00\",\"author\":{\"@id\":\"https:\/\/www.ladiagonale.net\/#\/schema\/person\/79ff1e7b0853ed01b2aa26e64ad300bf\"},\"breadcrumb\":{\"@id\":\"https:\/\/www.ladiagonale.net\/index.php\/2025\/06\/10\/premiere-selection-en-a-pour-boura\/#breadcrumb\"},\"inLanguage\":\"fr-FR\",\"potentialAction\":[{\"@type\":\"ReadAction\",\"target\":[\"https:\/\/www.ladiagonale.net\/index.php\/2025\/06\/10\/premiere-selection-en-a-pour-boura\/\"]}]},{\"@type\":\"BreadcrumbList\",\"@id\":\"https:\/\/www.ladiagonale.net\/index.php\/2025\/06\/10\/premiere-selection-en-a-pour-boura\/#breadcrumb\",\"itemListElement\":[{\"@type\":\"ListItem\",\"position\":1,\"name\":\"Accueil\",\"item\":\"https:\/\/www.ladiagonale.net\/\"},{\"@type\":\"ListItem\",\"position\":2,\"name\":\"Premi\u00e8re s\u00e9lection en A pour Boura\"}]},{\"@type\":\"WebSite\",\"@id\":\"https:\/\/www.ladiagonale.net\/#website\",\"url\":\"https:\/\/www.ladiagonale.net\/\",\"name\":\"La Diagonale\",\"description\":\"Le site des supporters de l&#039;AS Monaco FC\",\"potentialAction\":[{\"@type\":\"SearchAction\",\"target\":{\"@type\":\"EntryPoint\",\"urlTemplate\":\"https:\/\/www.ladiagonale.net\/?s={search_term_string}\"},\"query-input\":\"required name=search_term_string\"}],\"inLanguage\":\"fr-FR\"},{\"@type\":\"Person\",\"@id\":\"https:\/\/www.ladiagonale.net\/#\/schema\/person\/79ff1e7b0853ed01b2aa26e64ad300bf\",\"name\":\"Damien Dellerba\",\"image\":{\"@type\":\"ImageObject\",\"inLanguage\":\"fr-FR\",\"@id\":\"https:\/\/www.ladiagonale.net\/#\/schema\/person\/image\/\",\"url\":\"https:\/\/secure.gravatar.com\/avatar\/c7850e06d3ff63cdbaee88b7fc16e2f0?s=96&d=mm&r=g\",\"contentUrl\":\"https:\/\/secure.gravatar.com\/avatar\/c7850e06d3ff63cdbaee88b7fc16e2f0?s=96&d=mm&r=g\",\"caption\":\"Damien Dellerba\"},\"url\":\"https:\/\/www.ladiagonale.net\/index.php\/author\/damien\/\"}]}<\/script>\n<!-- \/ Yoast SEO plugin. -->","yoast_head_json":{"title":"Premi\u00e8re s\u00e9lection en A pour Boura - La Diagonale","robots":{"index":"index","follow":"follow","max-snippet":"max-snippet:-1","max-image-preview":"max-image-preview:large","max-video-preview":"max-video-preview:-1"},"canonical":"https:\/\/www.ladiagonale.net\/index.php\/2025\/06\/10\/premiere-selection-en-a-pour-boura\/","og_locale":"fr_FR","og_type":"article","og_title":"Premi\u00e8re s\u00e9lection en A pour Boura - La Diagonale","og_description":"L\u2019AS Monaco compte un international suppl\u00e9mentaire. Amal Boura, entr\u00e9 en jeu \u00e0 la 86e minute d\u2019un match amical contre le Kosovo, est devenu \u00e0 18 ans un joueur de s\u00e9lection \u00e0 part enti\u00e8re, lundi soir, avec les Comores. Les Comoriens se sont toutefois inclin\u00e9s lors de cette rencontre (2-4). De son c\u00f4t\u00e9, Eliesse Ben Seghir [...]","og_url":"https:\/\/www.ladiagonale.net\/index.php\/2025\/06\/10\/premiere-selection-en-a-pour-boura\/","og_site_name":"La Diagonale","article_published_time":"2025-06-10T13:08:48+00:00","article_modified_time":"2025-06-10T13:08:49+00:00","og_image":[{"width":1160,"height":650,"url":"https:\/\/www.ladiagonale.net\/wp-content\/uploads\/2025\/06\/Boura3.png","type":"image\/png"}],"author":"Damien Dellerba","twitter_card":"summary_large_image","twitter_image":"https:\/\/www.ladiagonale.net\/wp-content\/uploads\/2025\/06\/Boura3.png","twitter_misc":{"\u00c9crit par":"Damien Dellerba","Dur\u00e9e de lecture estim\u00e9e":"1 minute"},"schema":{"@context":"https:\/\/schema.org","@graph":[{"@type":"WebPage","@id":"https:\/\/www.ladiagonale.net\/index.php\/2025\/06\/10\/premiere-selection-en-a-pour-boura\/","url":"https:\/\/www.ladiagonale.net\/index.php\/2025\/06\/10\/premiere-selection-en-a-pour-boura\/","name":"Premi\u00e8re s\u00e9lection en A pour Boura - La Diagonale","isPartOf":{"@id":"https:\/\/www.ladiagonale.net\/#website"},"datePublished":"2025-06-10T13:08:48+00:00","dateModified":"2025-06-10T13:08:49+00:00","author":{"@id":"https:\/\/www.ladiagonale.net\/#\/schema\/person\/79ff1e7b0853ed01b2aa26e64ad300bf"},"breadcrumb":{"@id":"https:\/\/www.ladiagonale.net\/index.php\/2025\/06\/10\/premiere-selection-en-a-pour-boura\/#breadcrumb"},"inLanguage":"fr-FR","potentialAction":[{"@type":"ReadAction","target":["https:\/\/www.ladiagonale.net\/index.php\/2025\/06\/10\/premiere-selection-en-a-pour-boura\/"]}]},{"@type":"BreadcrumbList","@id":"https:\/\/www.ladiagonale.net\/index.php\/2025\/06\/10\/premiere-selection-en-a-pour-boura\/#breadcrumb","itemListElement":[{"@type":"ListItem","position":1,"name":"Accueil","item":"https:\/\/www.ladiagonale.net\/"},{"@type":"ListItem","position":2,"name":"Premi\u00e8re s\u00e9lection en A pour Boura"}]},{"@type":"WebSite","@id":"https:\/\/www.ladiagonale.net\/#website","url":"https:\/\/www.ladiagonale.net\/","name":"La Diagonale","description":"Le site des supporters de l&#039;AS Monaco FC","potentialAction":[{"@type":"SearchAction","target":{"@type":"EntryPoint","urlTemplate":"https:\/\/www.ladiagonale.net\/?s={search_term_string}"},"query-input":"required name=search_term_string"}],"inLanguage":"fr-FR"},{"@type":"Person","@id":"https:\/\/www.ladiagonale.net\/#\/schema\/person\/79ff1e7b0853ed01b2aa26e64ad300bf","name":"Damien Dellerba","image":{"@type":"ImageObject","inLanguage":"fr-FR","@id":"https:\/\/www.ladiagonale.net\/#\/schema\/person\/image\/","url":"https:\/\/secure.gravatar.com\/avatar\/c7850e06d3ff63cdbaee88b7fc16e2f0?s=96&d=mm&r=g","contentUrl":"https:\/\/secure.gravatar.com\/avatar\/c7850e06d3ff63cdbaee88b7fc16e2f0?s=96&d=mm&r=g","caption":"Damien Dellerba"},"url":"https:\/\/www.ladiagonale.net\/index.php\/author\/damien\/"}]}},"_links":{"self":[{"href":"https:\/\/www.ladiagonale.net\/index.php\/wp-json\/wp\/v2\/posts\/31930"}],"collection":[{"href":"https:\/\/www.ladiagonale.net\/index.php\/wp-json\/wp\/v2\/posts"}],"about":[{"href":"https:\/\/www.ladiagonale.net\/index.php\/wp-json\/wp\/v2\/types\/post"}],"author":[{"embeddable":true,"href":"https:\/\/www.ladiagonale.net\/index.php\/wp-json\/wp\/v2\/users\/2"}],"replies":[{"embeddable":true,"href":"https:\/\/www.ladiagonale.net\/index.php\/wp-json\/wp\/v2\/comments?post=31930"}],"version-history":[{"count":1,"href":"https:\/\/www.ladiagonale.net\/index.php\/wp-json\/wp\/v2\/posts\/31930\/revisions"}],"predecessor-version":[{"id":31932,"href":"https:\/\/www.ladiagonale.net\/index.php\/wp-json\/wp\/v2\/posts\/31930\/revisions\/31932"}],"wp:attachment":[{"href":"https:\/\/www.ladiagonale.net\/index.php\/wp-json\/wp\/v2\/media?parent=31930"}],"wp:term":[{"taxonomy":"category","embeddable":true,"href":"https:\/\/www.ladiagonale.net\/index.php\/wp-json\/wp\/v2\/categories?post=31930"},{"taxonomy":"post_tag","embeddable":true,"href":"https:\/\/www.ladiagonale.net\/index.php\/wp-json\/wp\/v2\/tags?post=31930"}],"curies":[{"name":"wp","href":"https:\/\/api.w.org\/{rel}","templated":true}]}}