{"id":31933,"date":"2025-06-10T20:02:50","date_gmt":"2025-06-10T18:02:50","guid":{"rendered":"https:\/\/www.ladiagonale.net\/?p=31933"},"modified":"2025-07-08T02:09:53","modified_gmt":"2025-07-08T00:09:53","slug":"un-defenseur-supplementaire-devrait-signer-pour-lacademy","status":"publish","type":"post","link":"https:\/\/www.ladiagonale.net\/index.php\/2025\/06\/10\/un-defenseur-supplementaire-devrait-signer-pour-lacademy\/","title":{"rendered":"Un d\u00e9fenseur suppl\u00e9mentaire devrait signer pour l\u2019Academy"},"content":{"rendered":"\n\n\n<p>Les annonces concernant les recrues du centre de formation de l\u2019AS Monaco vont bon train depuis quelques jours. Si <a href=\"https:\/\/www.ladiagonale.net\/index.php\/2025\/06\/10\/officiel-benzahra-signe-a-monaco\/\" target=\"_blank\" rel=\"noreferrer noopener\">l\u2019arriv\u00e9e de Safouane Benzahra<\/a> a \u00e9t\u00e9 officialis\u00e9e dans la journ\u00e9e par le NAC Breda, L\u2019\u00c9quipe r\u00e9v\u00e8le que le Caennais Ismail Bamba devrait \u00e9galement prendre le chemin de la Principaut\u00e9. Le d\u00e9fenseur central de 17 ans, bient\u00f4t 18 (le 22 juin), arrivait au bout de son contrat aspirant et n&rsquo;aura pass\u00e9 qu&rsquo;une seule ann\u00e9e dans le Calvados.<\/p>\n\n\n\n<p>Le natif de Bondy a jou\u00e9 20 rencontres cette saison dont 18 en championnat national U19. Il a \u00e9galement pris part \u00e0 deux matches de Coupe Gambardella. Avant d&rsquo;atterrir au centre de formation de Caen, en juin dernier, il avait port\u00e9 les couleurs du CO Vincennes pendant huit ans.<\/p>\n","protected":false},"excerpt":{"rendered":"<p>Les annonces concernant les recrues du centre de formation de l\u2019AS Monaco vont bon train depuis quelques jours. Si l\u2019arriv\u00e9e de Safouane Benzahra a \u00e9t\u00e9 officialis\u00e9e dans la journ\u00e9e par le NAC Breda, L\u2019\u00c9quipe r\u00e9v\u00e8le que le Caennais Ismail Bamba devrait \u00e9galement prendre le chemin de la Principaut\u00e9. Le d\u00e9fenseur central de 17 ans, bient\u00f4t [&#8230;]\n","protected":false},"author":2,"featured_media":0,"comment_status":"open","ping_status":"open","sticky":false,"template":"","format":"standard","meta":[],"categories":[6,1086],"tags":[76,86,1062,111,110],"yoast_head":"<!-- This site is optimized with the Yoast SEO plugin v19.8 - https:\/\/yoast.com\/wordpress\/plugins\/seo\/ -->\n<title>Un d\u00e9fenseur suppl\u00e9mentaire devrait signer pour l\u2019Academy - La Diagonale<\/title>\n<meta name=\"robots\" content=\"index, follow, max-snippet:-1, max-image-preview:large, max-video-preview:-1\" \/>\n<link rel=\"canonical\" href=\"https:\/\/www.ladiagonale.net\/index.php\/2025\/06\/10\/un-defenseur-supplementaire-devrait-signer-pour-lacademy\/\" \/>\n<meta property=\"og:locale\" content=\"fr_FR\" \/>\n<meta property=\"og:type\" content=\"article\" \/>\n<meta property=\"og:title\" content=\"Un d\u00e9fenseur suppl\u00e9mentaire devrait signer pour l\u2019Academy - La Diagonale\" \/>\n<meta property=\"og:description\" content=\"Les annonces concernant les recrues du centre de formation de l\u2019AS Monaco vont bon train depuis quelques jours. Si l\u2019arriv\u00e9e de Safouane Benzahra a \u00e9t\u00e9 officialis\u00e9e dans la journ\u00e9e par le NAC Breda, L\u2019\u00c9quipe r\u00e9v\u00e8le que le Caennais Ismail Bamba devrait \u00e9galement prendre le chemin de la Principaut\u00e9. Le d\u00e9fenseur central de 17 ans, bient\u00f4t [...]\" \/>\n<meta property=\"og:url\" content=\"https:\/\/www.ladiagonale.net\/index.php\/2025\/06\/10\/un-defenseur-supplementaire-devrait-signer-pour-lacademy\/\" \/>\n<meta property=\"og:site_name\" content=\"La Diagonale\" \/>\n<meta property=\"article:published_time\" content=\"2025-06-10T18:02:50+00:00\" \/>\n<meta property=\"article:modified_time\" content=\"2025-07-08T00:09:53+00:00\" \/>\n<meta property=\"og:image\" content=\"https:\/\/www.ladiagonale.net\/wp-content\/uploads\/2025\/06\/IBamba.png\" \/>\n\t<meta property=\"og:image:width\" content=\"1160\" \/>\n\t<meta property=\"og:image:height\" content=\"650\" \/>\n\t<meta property=\"og:image:type\" content=\"image\/png\" \/>\n<meta name=\"author\" content=\"Damien Dellerba\" \/>\n<meta name=\"twitter:card\" content=\"summary_large_image\" \/>\n<meta name=\"twitter:image\" content=\"https:\/\/www.ladiagonale.net\/wp-content\/uploads\/2025\/06\/IBamba.png\" \/>\n<meta name=\"twitter:label1\" content=\"\u00c9crit par\" \/>\n\t<meta name=\"twitter:data1\" content=\"Damien Dellerba\" \/>\n\t<meta name=\"twitter:label2\" content=\"Dur\u00e9e de lecture estim\u00e9e\" \/>\n\t<meta name=\"twitter:data2\" content=\"1 minute\" \/>\n<script type=\"application\/ld+json\" class=\"yoast-schema-graph\">{\"@context\":\"https:\/\/schema.org\",\"@graph\":[{\"@type\":\"WebPage\",\"@id\":\"https:\/\/www.ladiagonale.net\/index.php\/2025\/06\/10\/un-defenseur-supplementaire-devrait-signer-pour-lacademy\/\",\"url\":\"https:\/\/www.ladiagonale.net\/index.php\/2025\/06\/10\/un-defenseur-supplementaire-devrait-signer-pour-lacademy\/\",\"name\":\"Un d\u00e9fenseur suppl\u00e9mentaire devrait signer pour l\u2019Academy - La Diagonale\",\"isPartOf\":{\"@id\":\"https:\/\/www.ladiagonale.net\/#website\"},\"datePublished\":\"2025-06-10T18:02:50+00:00\",\"dateModified\":\"2025-07-08T00:09:53+00:00\",\"author\":{\"@id\":\"https:\/\/www.ladiagonale.net\/#\/schema\/person\/79ff1e7b0853ed01b2aa26e64ad300bf\"},\"breadcrumb\":{\"@id\":\"https:\/\/www.ladiagonale.net\/index.php\/2025\/06\/10\/un-defenseur-supplementaire-devrait-signer-pour-lacademy\/#breadcrumb\"},\"inLanguage\":\"fr-FR\",\"potentialAction\":[{\"@type\":\"ReadAction\",\"target\":[\"https:\/\/www.ladiagonale.net\/index.php\/2025\/06\/10\/un-defenseur-supplementaire-devrait-signer-pour-lacademy\/\"]}]},{\"@type\":\"BreadcrumbList\",\"@id\":\"https:\/\/www.ladiagonale.net\/index.php\/2025\/06\/10\/un-defenseur-supplementaire-devrait-signer-pour-lacademy\/#breadcrumb\",\"itemListElement\":[{\"@type\":\"ListItem\",\"position\":1,\"name\":\"Accueil\",\"item\":\"https:\/\/www.ladiagonale.net\/\"},{\"@type\":\"ListItem\",\"position\":2,\"name\":\"Un d\u00e9fenseur suppl\u00e9mentaire devrait signer pour l\u2019Academy\"}]},{\"@type\":\"WebSite\",\"@id\":\"https:\/\/www.ladiagonale.net\/#website\",\"url\":\"https:\/\/www.ladiagonale.net\/\",\"name\":\"La Diagonale\",\"description\":\"Le site des supporters de l&#039;AS Monaco FC\",\"potentialAction\":[{\"@type\":\"SearchAction\",\"target\":{\"@type\":\"EntryPoint\",\"urlTemplate\":\"https:\/\/www.ladiagonale.net\/?s={search_term_string}\"},\"query-input\":\"required name=search_term_string\"}],\"inLanguage\":\"fr-FR\"},{\"@type\":\"Person\",\"@id\":\"https:\/\/www.ladiagonale.net\/#\/schema\/person\/79ff1e7b0853ed01b2aa26e64ad300bf\",\"name\":\"Damien Dellerba\",\"image\":{\"@type\":\"ImageObject\",\"inLanguage\":\"fr-FR\",\"@id\":\"https:\/\/www.ladiagonale.net\/#\/schema\/person\/image\/\",\"url\":\"https:\/\/secure.gravatar.com\/avatar\/c7850e06d3ff63cdbaee88b7fc16e2f0?s=96&d=mm&r=g\",\"contentUrl\":\"https:\/\/secure.gravatar.com\/avatar\/c7850e06d3ff63cdbaee88b7fc16e2f0?s=96&d=mm&r=g\",\"caption\":\"Damien Dellerba\"},\"url\":\"https:\/\/www.ladiagonale.net\/index.php\/author\/damien\/\"}]}<\/script>\n<!-- \/ Yoast SEO plugin. -->","yoast_head_json":{"title":"Un d\u00e9fenseur suppl\u00e9mentaire devrait signer pour l\u2019Academy - La Diagonale","robots":{"index":"index","follow":"follow","max-snippet":"max-snippet:-1","max-image-preview":"max-image-preview:large","max-video-preview":"max-video-preview:-1"},"canonical":"https:\/\/www.ladiagonale.net\/index.php\/2025\/06\/10\/un-defenseur-supplementaire-devrait-signer-pour-lacademy\/","og_locale":"fr_FR","og_type":"article","og_title":"Un d\u00e9fenseur suppl\u00e9mentaire devrait signer pour l\u2019Academy - La Diagonale","og_description":"Les annonces concernant les recrues du centre de formation de l\u2019AS Monaco vont bon train depuis quelques jours. Si l\u2019arriv\u00e9e de Safouane Benzahra a \u00e9t\u00e9 officialis\u00e9e dans la journ\u00e9e par le NAC Breda, L\u2019\u00c9quipe r\u00e9v\u00e8le que le Caennais Ismail Bamba devrait \u00e9galement prendre le chemin de la Principaut\u00e9. Le d\u00e9fenseur central de 17 ans, bient\u00f4t [...]","og_url":"https:\/\/www.ladiagonale.net\/index.php\/2025\/06\/10\/un-defenseur-supplementaire-devrait-signer-pour-lacademy\/","og_site_name":"La Diagonale","article_published_time":"2025-06-10T18:02:50+00:00","article_modified_time":"2025-07-08T00:09:53+00:00","og_image":[{"width":1160,"height":650,"url":"https:\/\/www.ladiagonale.net\/wp-content\/uploads\/2025\/06\/IBamba.png","type":"image\/png"}],"author":"Damien Dellerba","twitter_card":"summary_large_image","twitter_image":"https:\/\/www.ladiagonale.net\/wp-content\/uploads\/2025\/06\/IBamba.png","twitter_misc":{"\u00c9crit par":"Damien Dellerba","Dur\u00e9e de lecture estim\u00e9e":"1 minute"},"schema":{"@context":"https:\/\/schema.org","@graph":[{"@type":"WebPage","@id":"https:\/\/www.ladiagonale.net\/index.php\/2025\/06\/10\/un-defenseur-supplementaire-devrait-signer-pour-lacademy\/","url":"https:\/\/www.ladiagonale.net\/index.php\/2025\/06\/10\/un-defenseur-supplementaire-devrait-signer-pour-lacademy\/","name":"Un d\u00e9fenseur suppl\u00e9mentaire devrait signer pour l\u2019Academy - La Diagonale","isPartOf":{"@id":"https:\/\/www.ladiagonale.net\/#website"},"datePublished":"2025-06-10T18:02:50+00:00","dateModified":"2025-07-08T00:09:53+00:00","author":{"@id":"https:\/\/www.ladiagonale.net\/#\/schema\/person\/79ff1e7b0853ed01b2aa26e64ad300bf"},"breadcrumb":{"@id":"https:\/\/www.ladiagonale.net\/index.php\/2025\/06\/10\/un-defenseur-supplementaire-devrait-signer-pour-lacademy\/#breadcrumb"},"inLanguage":"fr-FR","potentialAction":[{"@type":"ReadAction","target":["https:\/\/www.ladiagonale.net\/index.php\/2025\/06\/10\/un-defenseur-supplementaire-devrait-signer-pour-lacademy\/"]}]},{"@type":"BreadcrumbList","@id":"https:\/\/www.ladiagonale.net\/index.php\/2025\/06\/10\/un-defenseur-supplementaire-devrait-signer-pour-lacademy\/#breadcrumb","itemListElement":[{"@type":"ListItem","position":1,"name":"Accueil","item":"https:\/\/www.ladiagonale.net\/"},{"@type":"ListItem","position":2,"name":"Un d\u00e9fenseur suppl\u00e9mentaire devrait signer pour l\u2019Academy"}]},{"@type":"WebSite","@id":"https:\/\/www.ladiagonale.net\/#website","url":"https:\/\/www.ladiagonale.net\/","name":"La Diagonale","description":"Le site des supporters de l&#039;AS Monaco FC","potentialAction":[{"@type":"SearchAction","target":{"@type":"EntryPoint","urlTemplate":"https:\/\/www.ladiagonale.net\/?s={search_term_string}"},"query-input":"required name=search_term_string"}],"inLanguage":"fr-FR"},{"@type":"Person","@id":"https:\/\/www.ladiagonale.net\/#\/schema\/person\/79ff1e7b0853ed01b2aa26e64ad300bf","name":"Damien Dellerba","image":{"@type":"ImageObject","inLanguage":"fr-FR","@id":"https:\/\/www.ladiagonale.net\/#\/schema\/person\/image\/","url":"https:\/\/secure.gravatar.com\/avatar\/c7850e06d3ff63cdbaee88b7fc16e2f0?s=96&d=mm&r=g","contentUrl":"https:\/\/secure.gravatar.com\/avatar\/c7850e06d3ff63cdbaee88b7fc16e2f0?s=96&d=mm&r=g","caption":"Damien Dellerba"},"url":"https:\/\/www.ladiagonale.net\/index.php\/author\/damien\/"}]}},"_links":{"self":[{"href":"https:\/\/www.ladiagonale.net\/index.php\/wp-json\/wp\/v2\/posts\/31933"}],"collection":[{"href":"https:\/\/www.ladiagonale.net\/index.php\/wp-json\/wp\/v2\/posts"}],"about":[{"href":"https:\/\/www.ladiagonale.net\/index.php\/wp-json\/wp\/v2\/types\/post"}],"author":[{"embeddable":true,"href":"https:\/\/www.ladiagonale.net\/index.php\/wp-json\/wp\/v2\/users\/2"}],"replies":[{"embeddable":true,"href":"https:\/\/www.ladiagonale.net\/index.php\/wp-json\/wp\/v2\/comments?post=31933"}],"version-history":[{"count":1,"href":"https:\/\/www.ladiagonale.net\/index.php\/wp-json\/wp\/v2\/posts\/31933\/revisions"}],"predecessor-version":[{"id":31935,"href":"https:\/\/www.ladiagonale.net\/index.php\/wp-json\/wp\/v2\/posts\/31933\/revisions\/31935"}],"wp:attachment":[{"href":"https:\/\/www.ladiagonale.net\/index.php\/wp-json\/wp\/v2\/media?parent=31933"}],"wp:term":[{"taxonomy":"category","embeddable":true,"href":"https:\/\/www.ladiagonale.net\/index.php\/wp-json\/wp\/v2\/categories?post=31933"},{"taxonomy":"post_tag","embeddable":true,"href":"https:\/\/www.ladiagonale.net\/index.php\/wp-json\/wp\/v2\/tags?post=31933"}],"curies":[{"name":"wp","href":"https:\/\/api.w.org\/{rel}","templated":true}]}}