{"id":31939,"date":"2025-06-11T00:29:24","date_gmt":"2025-06-10T22:29:24","guid":{"rendered":"https:\/\/www.ladiagonale.net\/?p=31939"},"modified":"2025-06-11T01:34:57","modified_gmt":"2025-06-10T23:34:57","slug":"premier-but-avec-le-danemark-pour-biereth-camara-passeur-contre-langleterre","status":"publish","type":"post","link":"https:\/\/www.ladiagonale.net\/index.php\/2025\/06\/11\/premier-but-avec-le-danemark-pour-biereth-camara-passeur-contre-langleterre\/","title":{"rendered":"Premier but avec le Danemark pour Biereth, Camara passeur contre l\u2019Angleterre"},"content":{"rendered":"\n<p>Mika Biereth termine sa saison sur une belle note. L\u2019attaquant de l\u2019AS Monaco a inscrit son premier but avec le Danemark pour sa quatri\u00e8me s\u00e9lection. Titulaire, le Danois a ouvert le score \u00e0 la 12<sup>e<\/sup> minute de jeu contre la Lituanie (5-0), en reprenant d\u2019une t\u00eate piqu\u00e9e un service d\u00e9licieux du Marseillais Pierre-Emile H\u00f6jbjerg. Il est ensuite sorti \u00e0 la 72<sup>e<\/sup> minute.<\/p>\n\n\n\n<blockquote class=\"reddit-embed-bq\" style=\"height:500px\" data-embed-height=\"546\"><a href=\"https:\/\/www.reddit.com\/r\/soccer\/comments\/1l84efg\/denmark_1_0_lithuania_mika_biereth_12\/\">Denmark [1] &#8211; 0 Lithuania &#8211; Mika Biereth 12&prime;<\/a><br> by<a href=\"https:\/\/www.reddit.com\/user\/KIeflicker\/\">u\/KIeflicker<\/a> in<a href=\"https:\/\/www.reddit.com\/r\/soccer\/\">soccer<\/a><\/blockquote><script async=\"\" src=\"https:\/\/embed.reddit.com\/widgets.js\" charset=\"UTF-8\"><\/script>\n\n\n\n<p>Les S\u00e9n\u00e9galais Lamine Camara et Kr\u00e9pin Diatta se sont offert une victoire de prestige sur l&rsquo;Angleterre (3-1). Les deux Rouge et Blanc \u00e9taient titulaires et ont jou\u00e9 l&rsquo;int\u00e9gralit\u00e9 de la rencontre. Dans les derniers instants de la rencontre, Lamine Camara s&rsquo;est mu\u00e9 en passeur d\u00e9cisif avec un raid solitaire de 70 m\u00e8tres avant de servir Sabaly dans la surface, qui a converti l&rsquo;offrande.<\/p>\n\n\n\n<blockquote class=\"twitter-tweet\"><p lang=\"fr\" dir=\"ltr\">\ud83c\udff4\udb40\udc67\udb40\udc62\udb40\udc65\udb40\udc6e\udb40\udc67\udb40\udc7f\u26bd\ufe0f\ud83c\uddf8\ud83c\uddf3<br><br>La sensation ! Le S\u00e9n\u00e9gal s&#39;offre l&#39;Angleterre en amical, la premi\u00e8re d\u00e9faite de Thomas Tuchel \u00e0 la t\u00eate des Three Lions<a href=\"https:\/\/twitter.com\/hashtag\/lequipeFOOT?src=hash&amp;ref_src=twsrc%5Etfw\">#lequipeFOOT<\/a> <a href=\"https:\/\/t.co\/OGt8Yeya5p\">pic.twitter.com\/OGt8Yeya5p<\/a><\/p>&mdash; L&#39;\u00c9quipe (@lequipe) <a href=\"https:\/\/twitter.com\/lequipe\/status\/1932539844405719173?ref_src=twsrc%5Etfw\">June 10, 2025<\/a><\/blockquote> <script async src=\"https:\/\/platform.twitter.com\/widgets.js\" charset=\"utf-8\"><\/script> \n","protected":false},"excerpt":{"rendered":"<p>Mika Biereth termine sa saison sur une belle note. L\u2019attaquant de l\u2019AS Monaco a inscrit son premier but avec le Danemark pour sa quatri\u00e8me s\u00e9lection. Titulaire, le Danois a ouvert le score \u00e0 la 12e minute de jeu contre la Lituanie (5-0), en reprenant d\u2019une t\u00eate piqu\u00e9e un service d\u00e9licieux du Marseillais Pierre-Emile H\u00f6jbjerg. Il [&#8230;]\n","protected":false},"author":2,"featured_media":0,"comment_status":"open","ping_status":"open","sticky":false,"template":"","format":"standard","meta":[],"categories":[6],"tags":[86,1006,163,894,965,116,121],"yoast_head":"<!-- This site is optimized with the Yoast SEO plugin v19.8 - https:\/\/yoast.com\/wordpress\/plugins\/seo\/ -->\n<title>Premier but avec le Danemark pour Biereth, Camara passeur contre l\u2019Angleterre - La Diagonale<\/title>\n<meta name=\"robots\" content=\"index, follow, max-snippet:-1, max-image-preview:large, max-video-preview:-1\" \/>\n<link rel=\"canonical\" href=\"https:\/\/www.ladiagonale.net\/index.php\/2025\/06\/11\/premier-but-avec-le-danemark-pour-biereth-camara-passeur-contre-langleterre\/\" \/>\n<meta property=\"og:locale\" content=\"fr_FR\" \/>\n<meta property=\"og:type\" content=\"article\" \/>\n<meta property=\"og:title\" content=\"Premier but avec le Danemark pour Biereth, Camara passeur contre l\u2019Angleterre - La Diagonale\" \/>\n<meta property=\"og:description\" content=\"Mika Biereth termine sa saison sur une belle note. L\u2019attaquant de l\u2019AS Monaco a inscrit son premier but avec le Danemark pour sa quatri\u00e8me s\u00e9lection. Titulaire, le Danois a ouvert le score \u00e0 la 12e minute de jeu contre la Lituanie (5-0), en reprenant d\u2019une t\u00eate piqu\u00e9e un service d\u00e9licieux du Marseillais Pierre-Emile H\u00f6jbjerg. Il [...]\" \/>\n<meta property=\"og:url\" content=\"https:\/\/www.ladiagonale.net\/index.php\/2025\/06\/11\/premier-but-avec-le-danemark-pour-biereth-camara-passeur-contre-langleterre\/\" \/>\n<meta property=\"og:site_name\" content=\"La Diagonale\" \/>\n<meta property=\"article:published_time\" content=\"2025-06-10T22:29:24+00:00\" \/>\n<meta property=\"article:modified_time\" content=\"2025-06-10T23:34:57+00:00\" \/>\n<meta property=\"og:image\" content=\"https:\/\/www.ladiagonale.net\/wp-content\/uploads\/2025\/03\/Biereth-danemark2.png\" \/>\n\t<meta property=\"og:image:width\" content=\"1160\" \/>\n\t<meta property=\"og:image:height\" content=\"650\" \/>\n\t<meta property=\"og:image:type\" content=\"image\/png\" \/>\n<meta name=\"author\" content=\"Damien Dellerba\" \/>\n<meta name=\"twitter:card\" content=\"summary_large_image\" \/>\n<meta name=\"twitter:image\" content=\"https:\/\/www.ladiagonale.net\/wp-content\/uploads\/2025\/03\/Biereth-danemark2.png\" \/>\n<meta name=\"twitter:label1\" content=\"\u00c9crit par\" \/>\n\t<meta name=\"twitter:data1\" content=\"Damien Dellerba\" \/>\n\t<meta name=\"twitter:label2\" content=\"Dur\u00e9e de lecture estim\u00e9e\" \/>\n\t<meta name=\"twitter:data2\" content=\"1 minute\" \/>\n<script type=\"application\/ld+json\" class=\"yoast-schema-graph\">{\"@context\":\"https:\/\/schema.org\",\"@graph\":[{\"@type\":\"WebPage\",\"@id\":\"https:\/\/www.ladiagonale.net\/index.php\/2025\/06\/11\/premier-but-avec-le-danemark-pour-biereth-camara-passeur-contre-langleterre\/\",\"url\":\"https:\/\/www.ladiagonale.net\/index.php\/2025\/06\/11\/premier-but-avec-le-danemark-pour-biereth-camara-passeur-contre-langleterre\/\",\"name\":\"Premier but avec le Danemark pour Biereth, Camara passeur contre l\u2019Angleterre - La Diagonale\",\"isPartOf\":{\"@id\":\"https:\/\/www.ladiagonale.net\/#website\"},\"datePublished\":\"2025-06-10T22:29:24+00:00\",\"dateModified\":\"2025-06-10T23:34:57+00:00\",\"author\":{\"@id\":\"https:\/\/www.ladiagonale.net\/#\/schema\/person\/79ff1e7b0853ed01b2aa26e64ad300bf\"},\"breadcrumb\":{\"@id\":\"https:\/\/www.ladiagonale.net\/index.php\/2025\/06\/11\/premier-but-avec-le-danemark-pour-biereth-camara-passeur-contre-langleterre\/#breadcrumb\"},\"inLanguage\":\"fr-FR\",\"potentialAction\":[{\"@type\":\"ReadAction\",\"target\":[\"https:\/\/www.ladiagonale.net\/index.php\/2025\/06\/11\/premier-but-avec-le-danemark-pour-biereth-camara-passeur-contre-langleterre\/\"]}]},{\"@type\":\"BreadcrumbList\",\"@id\":\"https:\/\/www.ladiagonale.net\/index.php\/2025\/06\/11\/premier-but-avec-le-danemark-pour-biereth-camara-passeur-contre-langleterre\/#breadcrumb\",\"itemListElement\":[{\"@type\":\"ListItem\",\"position\":1,\"name\":\"Accueil\",\"item\":\"https:\/\/www.ladiagonale.net\/\"},{\"@type\":\"ListItem\",\"position\":2,\"name\":\"Premier but avec le Danemark pour Biereth, Camara passeur contre l\u2019Angleterre\"}]},{\"@type\":\"WebSite\",\"@id\":\"https:\/\/www.ladiagonale.net\/#website\",\"url\":\"https:\/\/www.ladiagonale.net\/\",\"name\":\"La Diagonale\",\"description\":\"Le site des supporters de l&#039;AS Monaco FC\",\"potentialAction\":[{\"@type\":\"SearchAction\",\"target\":{\"@type\":\"EntryPoint\",\"urlTemplate\":\"https:\/\/www.ladiagonale.net\/?s={search_term_string}\"},\"query-input\":\"required name=search_term_string\"}],\"inLanguage\":\"fr-FR\"},{\"@type\":\"Person\",\"@id\":\"https:\/\/www.ladiagonale.net\/#\/schema\/person\/79ff1e7b0853ed01b2aa26e64ad300bf\",\"name\":\"Damien Dellerba\",\"image\":{\"@type\":\"ImageObject\",\"inLanguage\":\"fr-FR\",\"@id\":\"https:\/\/www.ladiagonale.net\/#\/schema\/person\/image\/\",\"url\":\"https:\/\/secure.gravatar.com\/avatar\/c7850e06d3ff63cdbaee88b7fc16e2f0?s=96&d=mm&r=g\",\"contentUrl\":\"https:\/\/secure.gravatar.com\/avatar\/c7850e06d3ff63cdbaee88b7fc16e2f0?s=96&d=mm&r=g\",\"caption\":\"Damien Dellerba\"},\"url\":\"https:\/\/www.ladiagonale.net\/index.php\/author\/damien\/\"}]}<\/script>\n<!-- \/ Yoast SEO plugin. -->","yoast_head_json":{"title":"Premier but avec le Danemark pour Biereth, Camara passeur contre l\u2019Angleterre - La Diagonale","robots":{"index":"index","follow":"follow","max-snippet":"max-snippet:-1","max-image-preview":"max-image-preview:large","max-video-preview":"max-video-preview:-1"},"canonical":"https:\/\/www.ladiagonale.net\/index.php\/2025\/06\/11\/premier-but-avec-le-danemark-pour-biereth-camara-passeur-contre-langleterre\/","og_locale":"fr_FR","og_type":"article","og_title":"Premier but avec le Danemark pour Biereth, Camara passeur contre l\u2019Angleterre - La Diagonale","og_description":"Mika Biereth termine sa saison sur une belle note. L\u2019attaquant de l\u2019AS Monaco a inscrit son premier but avec le Danemark pour sa quatri\u00e8me s\u00e9lection. Titulaire, le Danois a ouvert le score \u00e0 la 12e minute de jeu contre la Lituanie (5-0), en reprenant d\u2019une t\u00eate piqu\u00e9e un service d\u00e9licieux du Marseillais Pierre-Emile H\u00f6jbjerg. Il [...]","og_url":"https:\/\/www.ladiagonale.net\/index.php\/2025\/06\/11\/premier-but-avec-le-danemark-pour-biereth-camara-passeur-contre-langleterre\/","og_site_name":"La Diagonale","article_published_time":"2025-06-10T22:29:24+00:00","article_modified_time":"2025-06-10T23:34:57+00:00","og_image":[{"width":1160,"height":650,"url":"https:\/\/www.ladiagonale.net\/wp-content\/uploads\/2025\/03\/Biereth-danemark2.png","type":"image\/png"}],"author":"Damien Dellerba","twitter_card":"summary_large_image","twitter_image":"https:\/\/www.ladiagonale.net\/wp-content\/uploads\/2025\/03\/Biereth-danemark2.png","twitter_misc":{"\u00c9crit par":"Damien Dellerba","Dur\u00e9e de lecture estim\u00e9e":"1 minute"},"schema":{"@context":"https:\/\/schema.org","@graph":[{"@type":"WebPage","@id":"https:\/\/www.ladiagonale.net\/index.php\/2025\/06\/11\/premier-but-avec-le-danemark-pour-biereth-camara-passeur-contre-langleterre\/","url":"https:\/\/www.ladiagonale.net\/index.php\/2025\/06\/11\/premier-but-avec-le-danemark-pour-biereth-camara-passeur-contre-langleterre\/","name":"Premier but avec le Danemark pour Biereth, Camara passeur contre l\u2019Angleterre - La Diagonale","isPartOf":{"@id":"https:\/\/www.ladiagonale.net\/#website"},"datePublished":"2025-06-10T22:29:24+00:00","dateModified":"2025-06-10T23:34:57+00:00","author":{"@id":"https:\/\/www.ladiagonale.net\/#\/schema\/person\/79ff1e7b0853ed01b2aa26e64ad300bf"},"breadcrumb":{"@id":"https:\/\/www.ladiagonale.net\/index.php\/2025\/06\/11\/premier-but-avec-le-danemark-pour-biereth-camara-passeur-contre-langleterre\/#breadcrumb"},"inLanguage":"fr-FR","potentialAction":[{"@type":"ReadAction","target":["https:\/\/www.ladiagonale.net\/index.php\/2025\/06\/11\/premier-but-avec-le-danemark-pour-biereth-camara-passeur-contre-langleterre\/"]}]},{"@type":"BreadcrumbList","@id":"https:\/\/www.ladiagonale.net\/index.php\/2025\/06\/11\/premier-but-avec-le-danemark-pour-biereth-camara-passeur-contre-langleterre\/#breadcrumb","itemListElement":[{"@type":"ListItem","position":1,"name":"Accueil","item":"https:\/\/www.ladiagonale.net\/"},{"@type":"ListItem","position":2,"name":"Premier but avec le Danemark pour Biereth, Camara passeur contre l\u2019Angleterre"}]},{"@type":"WebSite","@id":"https:\/\/www.ladiagonale.net\/#website","url":"https:\/\/www.ladiagonale.net\/","name":"La Diagonale","description":"Le site des supporters de l&#039;AS Monaco FC","potentialAction":[{"@type":"SearchAction","target":{"@type":"EntryPoint","urlTemplate":"https:\/\/www.ladiagonale.net\/?s={search_term_string}"},"query-input":"required name=search_term_string"}],"inLanguage":"fr-FR"},{"@type":"Person","@id":"https:\/\/www.ladiagonale.net\/#\/schema\/person\/79ff1e7b0853ed01b2aa26e64ad300bf","name":"Damien Dellerba","image":{"@type":"ImageObject","inLanguage":"fr-FR","@id":"https:\/\/www.ladiagonale.net\/#\/schema\/person\/image\/","url":"https:\/\/secure.gravatar.com\/avatar\/c7850e06d3ff63cdbaee88b7fc16e2f0?s=96&d=mm&r=g","contentUrl":"https:\/\/secure.gravatar.com\/avatar\/c7850e06d3ff63cdbaee88b7fc16e2f0?s=96&d=mm&r=g","caption":"Damien Dellerba"},"url":"https:\/\/www.ladiagonale.net\/index.php\/author\/damien\/"}]}},"_links":{"self":[{"href":"https:\/\/www.ladiagonale.net\/index.php\/wp-json\/wp\/v2\/posts\/31939"}],"collection":[{"href":"https:\/\/www.ladiagonale.net\/index.php\/wp-json\/wp\/v2\/posts"}],"about":[{"href":"https:\/\/www.ladiagonale.net\/index.php\/wp-json\/wp\/v2\/types\/post"}],"author":[{"embeddable":true,"href":"https:\/\/www.ladiagonale.net\/index.php\/wp-json\/wp\/v2\/users\/2"}],"replies":[{"embeddable":true,"href":"https:\/\/www.ladiagonale.net\/index.php\/wp-json\/wp\/v2\/comments?post=31939"}],"version-history":[{"count":2,"href":"https:\/\/www.ladiagonale.net\/index.php\/wp-json\/wp\/v2\/posts\/31939\/revisions"}],"predecessor-version":[{"id":31941,"href":"https:\/\/www.ladiagonale.net\/index.php\/wp-json\/wp\/v2\/posts\/31939\/revisions\/31941"}],"wp:attachment":[{"href":"https:\/\/www.ladiagonale.net\/index.php\/wp-json\/wp\/v2\/media?parent=31939"}],"wp:term":[{"taxonomy":"category","embeddable":true,"href":"https:\/\/www.ladiagonale.net\/index.php\/wp-json\/wp\/v2\/categories?post=31939"},{"taxonomy":"post_tag","embeddable":true,"href":"https:\/\/www.ladiagonale.net\/index.php\/wp-json\/wp\/v2\/tags?post=31939"}],"curies":[{"name":"wp","href":"https:\/\/api.w.org\/{rel}","templated":true}]}}