{"id":31942,"date":"2025-06-11T11:29:14","date_gmt":"2025-06-11T09:29:14","guid":{"rendered":"https:\/\/www.ladiagonale.net\/?p=31942"},"modified":"2025-06-11T11:29:16","modified_gmt":"2025-06-11T09:29:16","slug":"embolo-de-nouveau-buteur-en-selection","status":"publish","type":"post","link":"https:\/\/www.ladiagonale.net\/index.php\/2025\/06\/11\/embolo-de-nouveau-buteur-en-selection\/","title":{"rendered":"Embolo de nouveau buteur en s\u00e9lection"},"content":{"rendered":"\n<p>Pour le deuxi\u00e8me match de sa tourn\u00e9e nord am\u00e9ricaine, la Suisse a corrig\u00e9 les \u00c9tats-Unis (4-0) en amical avec un nouveau but de Breel Embolo. \u00c0 la 33<sup>e<\/sup> minute de la rencontre, l\u2019attaquant de l\u2019AS Monaco a inscrit le troisi\u00e8me but du match, sa troisi\u00e8me r\u00e9alisation personnelle sur ses trois derni\u00e8res s\u00e9lections, en \u00e9tant \u00e0 l\u2019aff\u00fbt pour reprendre une frappe de Ricardo Rodriguez repouss\u00e9e dans l\u2019axe par le gardien am\u00e9ricain. Embolo a jou\u00e9 l&rsquo;int\u00e9gralit\u00e9 de la rencontre.<\/p>\n\n\n\n<blockquote class=\"reddit-embed-bq\" style=\"height:500px\" data-embed-height=\"546\"><a href=\"https:\/\/www.reddit.com\/r\/soccer\/comments\/1l8faai\/usa_03_switzerland_breel_embolo_33\/\">USA 0-[3] Switzerland &#8211; Breel Embolo 33&prime;<\/a><br> by<a href=\"https:\/\/www.reddit.com\/user\/olcni\/\">u\/olcni<\/a> in<a href=\"https:\/\/www.reddit.com\/r\/soccer\/\">soccer<\/a><\/blockquote><script async=\"\" src=\"https:\/\/embed.reddit.com\/widgets.js\" charset=\"UTF-8\"><\/script>\n\n\n\n<p>Engag\u00e9e dans le <em>Canadian Shield<\/em>, la C\u00f4te d&rsquo;Ivoire de Wilfried Singo a gagn\u00e9 face au pays h\u00f4te, le Canada, mais aux tirs au but, apr\u00e8s un score nul et vierge dans le temps r\u00e9glementaire (0-0, 5-4 aux t.a.b.). Rempla\u00e7ant contre la Nouvelle-Z\u00e9lande, Singo \u00e9tait cette fois titulaire au poste de lat\u00e9ral droit et a jou\u00e9 toute la rencontre. Il a \u00e9cop\u00e9 d&rsquo;un carton jaune \u00e0 la 89<sup>e<\/sup> minute. Avec deux points les <em>\u00c9l\u00e9phants<\/em> terminent derniers de la comp\u00e9tition.<\/p>\n","protected":false},"excerpt":{"rendered":"<p>Pour le deuxi\u00e8me match de sa tourn\u00e9e nord am\u00e9ricaine, la Suisse a corrig\u00e9 les \u00c9tats-Unis (4-0) en amical avec un nouveau but de Breel Embolo. \u00c0 la 33e minute de la rencontre, l\u2019attaquant de l\u2019AS Monaco a inscrit le troisi\u00e8me but du match, sa troisi\u00e8me r\u00e9alisation personnelle sur ses trois derni\u00e8res s\u00e9lections, en \u00e9tant \u00e0 [&#8230;]\n","protected":false},"author":2,"featured_media":0,"comment_status":"open","ping_status":"open","sticky":false,"template":"","format":"standard","meta":[],"categories":[6],"tags":[86,161,116,117],"yoast_head":"<!-- This site is optimized with the Yoast SEO plugin v19.8 - https:\/\/yoast.com\/wordpress\/plugins\/seo\/ -->\n<title>Embolo de nouveau buteur en s\u00e9lection - La Diagonale<\/title>\n<meta name=\"robots\" content=\"index, follow, max-snippet:-1, max-image-preview:large, max-video-preview:-1\" \/>\n<link rel=\"canonical\" href=\"https:\/\/www.ladiagonale.net\/index.php\/2025\/06\/11\/embolo-de-nouveau-buteur-en-selection\/\" \/>\n<meta property=\"og:locale\" content=\"fr_FR\" \/>\n<meta property=\"og:type\" content=\"article\" \/>\n<meta property=\"og:title\" content=\"Embolo de nouveau buteur en s\u00e9lection - La Diagonale\" \/>\n<meta property=\"og:description\" content=\"Pour le deuxi\u00e8me match de sa tourn\u00e9e nord am\u00e9ricaine, la Suisse a corrig\u00e9 les \u00c9tats-Unis (4-0) en amical avec un nouveau but de Breel Embolo. \u00c0 la 33e minute de la rencontre, l\u2019attaquant de l\u2019AS Monaco a inscrit le troisi\u00e8me but du match, sa troisi\u00e8me r\u00e9alisation personnelle sur ses trois derni\u00e8res s\u00e9lections, en \u00e9tant \u00e0 [...]\" \/>\n<meta property=\"og:url\" content=\"https:\/\/www.ladiagonale.net\/index.php\/2025\/06\/11\/embolo-de-nouveau-buteur-en-selection\/\" \/>\n<meta property=\"og:site_name\" content=\"La Diagonale\" \/>\n<meta property=\"article:published_time\" content=\"2025-06-11T09:29:14+00:00\" \/>\n<meta property=\"article:modified_time\" content=\"2025-06-11T09:29:16+00:00\" \/>\n<meta property=\"og:image\" content=\"https:\/\/www.ladiagonale.net\/wp-content\/uploads\/2025\/06\/Embolo-suisse.png\" \/>\n\t<meta property=\"og:image:width\" content=\"1160\" \/>\n\t<meta property=\"og:image:height\" content=\"650\" \/>\n\t<meta property=\"og:image:type\" content=\"image\/png\" \/>\n<meta name=\"author\" content=\"Damien Dellerba\" \/>\n<meta name=\"twitter:card\" content=\"summary_large_image\" \/>\n<meta name=\"twitter:image\" content=\"https:\/\/www.ladiagonale.net\/wp-content\/uploads\/2025\/06\/Embolo-suisse.png\" \/>\n<meta name=\"twitter:label1\" content=\"\u00c9crit par\" \/>\n\t<meta name=\"twitter:data1\" content=\"Damien Dellerba\" \/>\n\t<meta name=\"twitter:label2\" content=\"Dur\u00e9e de lecture estim\u00e9e\" \/>\n\t<meta name=\"twitter:data2\" content=\"1 minute\" \/>\n<script type=\"application\/ld+json\" class=\"yoast-schema-graph\">{\"@context\":\"https:\/\/schema.org\",\"@graph\":[{\"@type\":\"WebPage\",\"@id\":\"https:\/\/www.ladiagonale.net\/index.php\/2025\/06\/11\/embolo-de-nouveau-buteur-en-selection\/\",\"url\":\"https:\/\/www.ladiagonale.net\/index.php\/2025\/06\/11\/embolo-de-nouveau-buteur-en-selection\/\",\"name\":\"Embolo de nouveau buteur en s\u00e9lection - La Diagonale\",\"isPartOf\":{\"@id\":\"https:\/\/www.ladiagonale.net\/#website\"},\"datePublished\":\"2025-06-11T09:29:14+00:00\",\"dateModified\":\"2025-06-11T09:29:16+00:00\",\"author\":{\"@id\":\"https:\/\/www.ladiagonale.net\/#\/schema\/person\/79ff1e7b0853ed01b2aa26e64ad300bf\"},\"breadcrumb\":{\"@id\":\"https:\/\/www.ladiagonale.net\/index.php\/2025\/06\/11\/embolo-de-nouveau-buteur-en-selection\/#breadcrumb\"},\"inLanguage\":\"fr-FR\",\"potentialAction\":[{\"@type\":\"ReadAction\",\"target\":[\"https:\/\/www.ladiagonale.net\/index.php\/2025\/06\/11\/embolo-de-nouveau-buteur-en-selection\/\"]}]},{\"@type\":\"BreadcrumbList\",\"@id\":\"https:\/\/www.ladiagonale.net\/index.php\/2025\/06\/11\/embolo-de-nouveau-buteur-en-selection\/#breadcrumb\",\"itemListElement\":[{\"@type\":\"ListItem\",\"position\":1,\"name\":\"Accueil\",\"item\":\"https:\/\/www.ladiagonale.net\/\"},{\"@type\":\"ListItem\",\"position\":2,\"name\":\"Embolo de nouveau buteur en s\u00e9lection\"}]},{\"@type\":\"WebSite\",\"@id\":\"https:\/\/www.ladiagonale.net\/#website\",\"url\":\"https:\/\/www.ladiagonale.net\/\",\"name\":\"La Diagonale\",\"description\":\"Le site des supporters de l&#039;AS Monaco FC\",\"potentialAction\":[{\"@type\":\"SearchAction\",\"target\":{\"@type\":\"EntryPoint\",\"urlTemplate\":\"https:\/\/www.ladiagonale.net\/?s={search_term_string}\"},\"query-input\":\"required name=search_term_string\"}],\"inLanguage\":\"fr-FR\"},{\"@type\":\"Person\",\"@id\":\"https:\/\/www.ladiagonale.net\/#\/schema\/person\/79ff1e7b0853ed01b2aa26e64ad300bf\",\"name\":\"Damien Dellerba\",\"image\":{\"@type\":\"ImageObject\",\"inLanguage\":\"fr-FR\",\"@id\":\"https:\/\/www.ladiagonale.net\/#\/schema\/person\/image\/\",\"url\":\"https:\/\/secure.gravatar.com\/avatar\/c7850e06d3ff63cdbaee88b7fc16e2f0?s=96&d=mm&r=g\",\"contentUrl\":\"https:\/\/secure.gravatar.com\/avatar\/c7850e06d3ff63cdbaee88b7fc16e2f0?s=96&d=mm&r=g\",\"caption\":\"Damien Dellerba\"},\"url\":\"https:\/\/www.ladiagonale.net\/index.php\/author\/damien\/\"}]}<\/script>\n<!-- \/ Yoast SEO plugin. -->","yoast_head_json":{"title":"Embolo de nouveau buteur en s\u00e9lection - La Diagonale","robots":{"index":"index","follow":"follow","max-snippet":"max-snippet:-1","max-image-preview":"max-image-preview:large","max-video-preview":"max-video-preview:-1"},"canonical":"https:\/\/www.ladiagonale.net\/index.php\/2025\/06\/11\/embolo-de-nouveau-buteur-en-selection\/","og_locale":"fr_FR","og_type":"article","og_title":"Embolo de nouveau buteur en s\u00e9lection - La Diagonale","og_description":"Pour le deuxi\u00e8me match de sa tourn\u00e9e nord am\u00e9ricaine, la Suisse a corrig\u00e9 les \u00c9tats-Unis (4-0) en amical avec un nouveau but de Breel Embolo. \u00c0 la 33e minute de la rencontre, l\u2019attaquant de l\u2019AS Monaco a inscrit le troisi\u00e8me but du match, sa troisi\u00e8me r\u00e9alisation personnelle sur ses trois derni\u00e8res s\u00e9lections, en \u00e9tant \u00e0 [...]","og_url":"https:\/\/www.ladiagonale.net\/index.php\/2025\/06\/11\/embolo-de-nouveau-buteur-en-selection\/","og_site_name":"La Diagonale","article_published_time":"2025-06-11T09:29:14+00:00","article_modified_time":"2025-06-11T09:29:16+00:00","og_image":[{"width":1160,"height":650,"url":"https:\/\/www.ladiagonale.net\/wp-content\/uploads\/2025\/06\/Embolo-suisse.png","type":"image\/png"}],"author":"Damien Dellerba","twitter_card":"summary_large_image","twitter_image":"https:\/\/www.ladiagonale.net\/wp-content\/uploads\/2025\/06\/Embolo-suisse.png","twitter_misc":{"\u00c9crit par":"Damien Dellerba","Dur\u00e9e de lecture estim\u00e9e":"1 minute"},"schema":{"@context":"https:\/\/schema.org","@graph":[{"@type":"WebPage","@id":"https:\/\/www.ladiagonale.net\/index.php\/2025\/06\/11\/embolo-de-nouveau-buteur-en-selection\/","url":"https:\/\/www.ladiagonale.net\/index.php\/2025\/06\/11\/embolo-de-nouveau-buteur-en-selection\/","name":"Embolo de nouveau buteur en s\u00e9lection - La Diagonale","isPartOf":{"@id":"https:\/\/www.ladiagonale.net\/#website"},"datePublished":"2025-06-11T09:29:14+00:00","dateModified":"2025-06-11T09:29:16+00:00","author":{"@id":"https:\/\/www.ladiagonale.net\/#\/schema\/person\/79ff1e7b0853ed01b2aa26e64ad300bf"},"breadcrumb":{"@id":"https:\/\/www.ladiagonale.net\/index.php\/2025\/06\/11\/embolo-de-nouveau-buteur-en-selection\/#breadcrumb"},"inLanguage":"fr-FR","potentialAction":[{"@type":"ReadAction","target":["https:\/\/www.ladiagonale.net\/index.php\/2025\/06\/11\/embolo-de-nouveau-buteur-en-selection\/"]}]},{"@type":"BreadcrumbList","@id":"https:\/\/www.ladiagonale.net\/index.php\/2025\/06\/11\/embolo-de-nouveau-buteur-en-selection\/#breadcrumb","itemListElement":[{"@type":"ListItem","position":1,"name":"Accueil","item":"https:\/\/www.ladiagonale.net\/"},{"@type":"ListItem","position":2,"name":"Embolo de nouveau buteur en s\u00e9lection"}]},{"@type":"WebSite","@id":"https:\/\/www.ladiagonale.net\/#website","url":"https:\/\/www.ladiagonale.net\/","name":"La Diagonale","description":"Le site des supporters de l&#039;AS Monaco FC","potentialAction":[{"@type":"SearchAction","target":{"@type":"EntryPoint","urlTemplate":"https:\/\/www.ladiagonale.net\/?s={search_term_string}"},"query-input":"required name=search_term_string"}],"inLanguage":"fr-FR"},{"@type":"Person","@id":"https:\/\/www.ladiagonale.net\/#\/schema\/person\/79ff1e7b0853ed01b2aa26e64ad300bf","name":"Damien Dellerba","image":{"@type":"ImageObject","inLanguage":"fr-FR","@id":"https:\/\/www.ladiagonale.net\/#\/schema\/person\/image\/","url":"https:\/\/secure.gravatar.com\/avatar\/c7850e06d3ff63cdbaee88b7fc16e2f0?s=96&d=mm&r=g","contentUrl":"https:\/\/secure.gravatar.com\/avatar\/c7850e06d3ff63cdbaee88b7fc16e2f0?s=96&d=mm&r=g","caption":"Damien Dellerba"},"url":"https:\/\/www.ladiagonale.net\/index.php\/author\/damien\/"}]}},"_links":{"self":[{"href":"https:\/\/www.ladiagonale.net\/index.php\/wp-json\/wp\/v2\/posts\/31942"}],"collection":[{"href":"https:\/\/www.ladiagonale.net\/index.php\/wp-json\/wp\/v2\/posts"}],"about":[{"href":"https:\/\/www.ladiagonale.net\/index.php\/wp-json\/wp\/v2\/types\/post"}],"author":[{"embeddable":true,"href":"https:\/\/www.ladiagonale.net\/index.php\/wp-json\/wp\/v2\/users\/2"}],"replies":[{"embeddable":true,"href":"https:\/\/www.ladiagonale.net\/index.php\/wp-json\/wp\/v2\/comments?post=31942"}],"version-history":[{"count":1,"href":"https:\/\/www.ladiagonale.net\/index.php\/wp-json\/wp\/v2\/posts\/31942\/revisions"}],"predecessor-version":[{"id":31944,"href":"https:\/\/www.ladiagonale.net\/index.php\/wp-json\/wp\/v2\/posts\/31942\/revisions\/31944"}],"wp:attachment":[{"href":"https:\/\/www.ladiagonale.net\/index.php\/wp-json\/wp\/v2\/media?parent=31942"}],"wp:term":[{"taxonomy":"category","embeddable":true,"href":"https:\/\/www.ladiagonale.net\/index.php\/wp-json\/wp\/v2\/categories?post=31942"},{"taxonomy":"post_tag","embeddable":true,"href":"https:\/\/www.ladiagonale.net\/index.php\/wp-json\/wp\/v2\/tags?post=31942"}],"curies":[{"name":"wp","href":"https:\/\/api.w.org\/{rel}","templated":true}]}}