{"id":31948,"date":"2025-06-11T12:12:54","date_gmt":"2025-06-11T10:12:54","guid":{"rendered":"https:\/\/www.ladiagonale.net\/?p=31948"},"modified":"2025-06-11T12:12:55","modified_gmt":"2025-06-11T10:12:55","slug":"vanderson-et-le-bresil-qualifies-pour-la-coupe-du-monde-2026","status":"publish","type":"post","link":"https:\/\/www.ladiagonale.net\/index.php\/2025\/06\/11\/vanderson-et-le-bresil-qualifies-pour-la-coupe-du-monde-2026\/","title":{"rendered":"Vanderson et le Br\u00e9sil qualifi\u00e9s pour la Coupe du monde 2026"},"content":{"rendered":"\n\n\n<p>Mission accomplie pour le Br\u00e9sil ! La Sele\u00e7ao sera \u00e0 la Coupe du monde 2026 apr\u00e8s avoir remport\u00e9 son ant\u00e9p\u00e9nulti\u00e8me match des \u00e9liminatoires de la zone Am\u00e9rique du Sud contre le Paraguay (1-0). Vanderson \u00e9tait titulaire et a jou\u00e9 cette rencontre dans sa quasi-enti\u00e8ret\u00e9, sorti \u00e0 la 89<sup>e<\/sup> minute et remplac\u00e9 par Danilo.<\/p>\n\n\n\n<p>Le Br\u00e9sil prend la 3<sup>e<\/sup> place de la poule unique, \u00e0 \u00e9galit\u00e9 de points (25) avec l\u2019\u00c9quateur, m\u00eame s\u2019il reste \u00e0 bonne distance de l\u2019Argentine (10 points). Pour les hommes de Carlo Ancelotti, les deux derniers matches, contre le Chili et la Bolivie, compteront pour du beurre, m\u00eame si la Bolivie peut encore esp\u00e9rer attraper la place de barragiste.<\/p>\n","protected":false},"excerpt":{"rendered":"<p>Mission accomplie pour le Br\u00e9sil ! La Sele\u00e7ao sera \u00e0 la Coupe du monde 2026 apr\u00e8s avoir remport\u00e9 son ant\u00e9p\u00e9nulti\u00e8me match des \u00e9liminatoires de la zone Am\u00e9rique du Sud contre le Paraguay (1-0). Vanderson \u00e9tait titulaire et a jou\u00e9 cette rencontre dans sa quasi-enti\u00e8ret\u00e9, sorti \u00e0 la 89e minute et remplac\u00e9 par Danilo. Le Br\u00e9sil [&#8230;]\n","protected":false},"author":2,"featured_media":0,"comment_status":"open","ping_status":"open","sticky":false,"template":"","format":"standard","meta":[],"categories":[6],"tags":[86,548,116,125],"yoast_head":"<!-- This site is optimized with the Yoast SEO plugin v19.8 - https:\/\/yoast.com\/wordpress\/plugins\/seo\/ -->\n<title>Vanderson et le Br\u00e9sil qualifi\u00e9s pour la Coupe du monde 2026 - La Diagonale<\/title>\n<meta name=\"robots\" content=\"index, follow, max-snippet:-1, max-image-preview:large, max-video-preview:-1\" \/>\n<link rel=\"canonical\" href=\"https:\/\/www.ladiagonale.net\/index.php\/2025\/06\/11\/vanderson-et-le-bresil-qualifies-pour-la-coupe-du-monde-2026\/\" \/>\n<meta property=\"og:locale\" content=\"fr_FR\" \/>\n<meta property=\"og:type\" content=\"article\" \/>\n<meta property=\"og:title\" content=\"Vanderson et le Br\u00e9sil qualifi\u00e9s pour la Coupe du monde 2026 - La Diagonale\" \/>\n<meta property=\"og:description\" content=\"Mission accomplie pour le Br\u00e9sil ! La Sele\u00e7ao sera \u00e0 la Coupe du monde 2026 apr\u00e8s avoir remport\u00e9 son ant\u00e9p\u00e9nulti\u00e8me match des \u00e9liminatoires de la zone Am\u00e9rique du Sud contre le Paraguay (1-0). Vanderson \u00e9tait titulaire et a jou\u00e9 cette rencontre dans sa quasi-enti\u00e8ret\u00e9, sorti \u00e0 la 89e minute et remplac\u00e9 par Danilo. Le Br\u00e9sil [...]\" \/>\n<meta property=\"og:url\" content=\"https:\/\/www.ladiagonale.net\/index.php\/2025\/06\/11\/vanderson-et-le-bresil-qualifies-pour-la-coupe-du-monde-2026\/\" \/>\n<meta property=\"og:site_name\" content=\"La Diagonale\" \/>\n<meta property=\"article:published_time\" content=\"2025-06-11T10:12:54+00:00\" \/>\n<meta property=\"article:modified_time\" content=\"2025-06-11T10:12:55+00:00\" \/>\n<meta property=\"og:image\" content=\"https:\/\/www.ladiagonale.net\/wp-content\/uploads\/2023\/09\/vanderson.png\" \/>\n\t<meta property=\"og:image:width\" content=\"1160\" \/>\n\t<meta property=\"og:image:height\" content=\"650\" \/>\n\t<meta property=\"og:image:type\" content=\"image\/png\" \/>\n<meta name=\"author\" content=\"Damien Dellerba\" \/>\n<meta name=\"twitter:card\" content=\"summary_large_image\" \/>\n<meta name=\"twitter:image\" content=\"https:\/\/www.ladiagonale.net\/wp-content\/uploads\/2023\/09\/vanderson.png\" \/>\n<meta name=\"twitter:label1\" content=\"\u00c9crit par\" \/>\n\t<meta name=\"twitter:data1\" content=\"Damien Dellerba\" \/>\n\t<meta name=\"twitter:label2\" content=\"Dur\u00e9e de lecture estim\u00e9e\" \/>\n\t<meta name=\"twitter:data2\" content=\"1 minute\" \/>\n<script type=\"application\/ld+json\" class=\"yoast-schema-graph\">{\"@context\":\"https:\/\/schema.org\",\"@graph\":[{\"@type\":\"WebPage\",\"@id\":\"https:\/\/www.ladiagonale.net\/index.php\/2025\/06\/11\/vanderson-et-le-bresil-qualifies-pour-la-coupe-du-monde-2026\/\",\"url\":\"https:\/\/www.ladiagonale.net\/index.php\/2025\/06\/11\/vanderson-et-le-bresil-qualifies-pour-la-coupe-du-monde-2026\/\",\"name\":\"Vanderson et le Br\u00e9sil qualifi\u00e9s pour la Coupe du monde 2026 - La Diagonale\",\"isPartOf\":{\"@id\":\"https:\/\/www.ladiagonale.net\/#website\"},\"datePublished\":\"2025-06-11T10:12:54+00:00\",\"dateModified\":\"2025-06-11T10:12:55+00:00\",\"author\":{\"@id\":\"https:\/\/www.ladiagonale.net\/#\/schema\/person\/79ff1e7b0853ed01b2aa26e64ad300bf\"},\"breadcrumb\":{\"@id\":\"https:\/\/www.ladiagonale.net\/index.php\/2025\/06\/11\/vanderson-et-le-bresil-qualifies-pour-la-coupe-du-monde-2026\/#breadcrumb\"},\"inLanguage\":\"fr-FR\",\"potentialAction\":[{\"@type\":\"ReadAction\",\"target\":[\"https:\/\/www.ladiagonale.net\/index.php\/2025\/06\/11\/vanderson-et-le-bresil-qualifies-pour-la-coupe-du-monde-2026\/\"]}]},{\"@type\":\"BreadcrumbList\",\"@id\":\"https:\/\/www.ladiagonale.net\/index.php\/2025\/06\/11\/vanderson-et-le-bresil-qualifies-pour-la-coupe-du-monde-2026\/#breadcrumb\",\"itemListElement\":[{\"@type\":\"ListItem\",\"position\":1,\"name\":\"Accueil\",\"item\":\"https:\/\/www.ladiagonale.net\/\"},{\"@type\":\"ListItem\",\"position\":2,\"name\":\"Vanderson et le Br\u00e9sil qualifi\u00e9s pour la Coupe du monde 2026\"}]},{\"@type\":\"WebSite\",\"@id\":\"https:\/\/www.ladiagonale.net\/#website\",\"url\":\"https:\/\/www.ladiagonale.net\/\",\"name\":\"La Diagonale\",\"description\":\"Le site des supporters de l&#039;AS Monaco FC\",\"potentialAction\":[{\"@type\":\"SearchAction\",\"target\":{\"@type\":\"EntryPoint\",\"urlTemplate\":\"https:\/\/www.ladiagonale.net\/?s={search_term_string}\"},\"query-input\":\"required name=search_term_string\"}],\"inLanguage\":\"fr-FR\"},{\"@type\":\"Person\",\"@id\":\"https:\/\/www.ladiagonale.net\/#\/schema\/person\/79ff1e7b0853ed01b2aa26e64ad300bf\",\"name\":\"Damien Dellerba\",\"image\":{\"@type\":\"ImageObject\",\"inLanguage\":\"fr-FR\",\"@id\":\"https:\/\/www.ladiagonale.net\/#\/schema\/person\/image\/\",\"url\":\"https:\/\/secure.gravatar.com\/avatar\/c7850e06d3ff63cdbaee88b7fc16e2f0?s=96&d=mm&r=g\",\"contentUrl\":\"https:\/\/secure.gravatar.com\/avatar\/c7850e06d3ff63cdbaee88b7fc16e2f0?s=96&d=mm&r=g\",\"caption\":\"Damien Dellerba\"},\"url\":\"https:\/\/www.ladiagonale.net\/index.php\/author\/damien\/\"}]}<\/script>\n<!-- \/ Yoast SEO plugin. -->","yoast_head_json":{"title":"Vanderson et le Br\u00e9sil qualifi\u00e9s pour la Coupe du monde 2026 - La Diagonale","robots":{"index":"index","follow":"follow","max-snippet":"max-snippet:-1","max-image-preview":"max-image-preview:large","max-video-preview":"max-video-preview:-1"},"canonical":"https:\/\/www.ladiagonale.net\/index.php\/2025\/06\/11\/vanderson-et-le-bresil-qualifies-pour-la-coupe-du-monde-2026\/","og_locale":"fr_FR","og_type":"article","og_title":"Vanderson et le Br\u00e9sil qualifi\u00e9s pour la Coupe du monde 2026 - La Diagonale","og_description":"Mission accomplie pour le Br\u00e9sil ! La Sele\u00e7ao sera \u00e0 la Coupe du monde 2026 apr\u00e8s avoir remport\u00e9 son ant\u00e9p\u00e9nulti\u00e8me match des \u00e9liminatoires de la zone Am\u00e9rique du Sud contre le Paraguay (1-0). Vanderson \u00e9tait titulaire et a jou\u00e9 cette rencontre dans sa quasi-enti\u00e8ret\u00e9, sorti \u00e0 la 89e minute et remplac\u00e9 par Danilo. Le Br\u00e9sil [...]","og_url":"https:\/\/www.ladiagonale.net\/index.php\/2025\/06\/11\/vanderson-et-le-bresil-qualifies-pour-la-coupe-du-monde-2026\/","og_site_name":"La Diagonale","article_published_time":"2025-06-11T10:12:54+00:00","article_modified_time":"2025-06-11T10:12:55+00:00","og_image":[{"width":1160,"height":650,"url":"https:\/\/www.ladiagonale.net\/wp-content\/uploads\/2023\/09\/vanderson.png","type":"image\/png"}],"author":"Damien Dellerba","twitter_card":"summary_large_image","twitter_image":"https:\/\/www.ladiagonale.net\/wp-content\/uploads\/2023\/09\/vanderson.png","twitter_misc":{"\u00c9crit par":"Damien Dellerba","Dur\u00e9e de lecture estim\u00e9e":"1 minute"},"schema":{"@context":"https:\/\/schema.org","@graph":[{"@type":"WebPage","@id":"https:\/\/www.ladiagonale.net\/index.php\/2025\/06\/11\/vanderson-et-le-bresil-qualifies-pour-la-coupe-du-monde-2026\/","url":"https:\/\/www.ladiagonale.net\/index.php\/2025\/06\/11\/vanderson-et-le-bresil-qualifies-pour-la-coupe-du-monde-2026\/","name":"Vanderson et le Br\u00e9sil qualifi\u00e9s pour la Coupe du monde 2026 - La Diagonale","isPartOf":{"@id":"https:\/\/www.ladiagonale.net\/#website"},"datePublished":"2025-06-11T10:12:54+00:00","dateModified":"2025-06-11T10:12:55+00:00","author":{"@id":"https:\/\/www.ladiagonale.net\/#\/schema\/person\/79ff1e7b0853ed01b2aa26e64ad300bf"},"breadcrumb":{"@id":"https:\/\/www.ladiagonale.net\/index.php\/2025\/06\/11\/vanderson-et-le-bresil-qualifies-pour-la-coupe-du-monde-2026\/#breadcrumb"},"inLanguage":"fr-FR","potentialAction":[{"@type":"ReadAction","target":["https:\/\/www.ladiagonale.net\/index.php\/2025\/06\/11\/vanderson-et-le-bresil-qualifies-pour-la-coupe-du-monde-2026\/"]}]},{"@type":"BreadcrumbList","@id":"https:\/\/www.ladiagonale.net\/index.php\/2025\/06\/11\/vanderson-et-le-bresil-qualifies-pour-la-coupe-du-monde-2026\/#breadcrumb","itemListElement":[{"@type":"ListItem","position":1,"name":"Accueil","item":"https:\/\/www.ladiagonale.net\/"},{"@type":"ListItem","position":2,"name":"Vanderson et le Br\u00e9sil qualifi\u00e9s pour la Coupe du monde 2026"}]},{"@type":"WebSite","@id":"https:\/\/www.ladiagonale.net\/#website","url":"https:\/\/www.ladiagonale.net\/","name":"La Diagonale","description":"Le site des supporters de l&#039;AS Monaco FC","potentialAction":[{"@type":"SearchAction","target":{"@type":"EntryPoint","urlTemplate":"https:\/\/www.ladiagonale.net\/?s={search_term_string}"},"query-input":"required name=search_term_string"}],"inLanguage":"fr-FR"},{"@type":"Person","@id":"https:\/\/www.ladiagonale.net\/#\/schema\/person\/79ff1e7b0853ed01b2aa26e64ad300bf","name":"Damien Dellerba","image":{"@type":"ImageObject","inLanguage":"fr-FR","@id":"https:\/\/www.ladiagonale.net\/#\/schema\/person\/image\/","url":"https:\/\/secure.gravatar.com\/avatar\/c7850e06d3ff63cdbaee88b7fc16e2f0?s=96&d=mm&r=g","contentUrl":"https:\/\/secure.gravatar.com\/avatar\/c7850e06d3ff63cdbaee88b7fc16e2f0?s=96&d=mm&r=g","caption":"Damien Dellerba"},"url":"https:\/\/www.ladiagonale.net\/index.php\/author\/damien\/"}]}},"_links":{"self":[{"href":"https:\/\/www.ladiagonale.net\/index.php\/wp-json\/wp\/v2\/posts\/31948"}],"collection":[{"href":"https:\/\/www.ladiagonale.net\/index.php\/wp-json\/wp\/v2\/posts"}],"about":[{"href":"https:\/\/www.ladiagonale.net\/index.php\/wp-json\/wp\/v2\/types\/post"}],"author":[{"embeddable":true,"href":"https:\/\/www.ladiagonale.net\/index.php\/wp-json\/wp\/v2\/users\/2"}],"replies":[{"embeddable":true,"href":"https:\/\/www.ladiagonale.net\/index.php\/wp-json\/wp\/v2\/comments?post=31948"}],"version-history":[{"count":1,"href":"https:\/\/www.ladiagonale.net\/index.php\/wp-json\/wp\/v2\/posts\/31948\/revisions"}],"predecessor-version":[{"id":31949,"href":"https:\/\/www.ladiagonale.net\/index.php\/wp-json\/wp\/v2\/posts\/31948\/revisions\/31949"}],"wp:attachment":[{"href":"https:\/\/www.ladiagonale.net\/index.php\/wp-json\/wp\/v2\/media?parent=31948"}],"wp:term":[{"taxonomy":"category","embeddable":true,"href":"https:\/\/www.ladiagonale.net\/index.php\/wp-json\/wp\/v2\/categories?post=31948"},{"taxonomy":"post_tag","embeddable":true,"href":"https:\/\/www.ladiagonale.net\/index.php\/wp-json\/wp\/v2\/tags?post=31948"}],"curies":[{"name":"wp","href":"https:\/\/api.w.org\/{rel}","templated":true}]}}