{"id":31957,"date":"2025-06-12T18:08:33","date_gmt":"2025-06-12T16:08:33","guid":{"rendered":"https:\/\/www.ladiagonale.net\/?p=31957"},"modified":"2025-07-08T02:09:53","modified_gmt":"2025-07-08T00:09:53","slug":"le-tres-jeune-dunne-devrait-sengager-avec-monaco","status":"publish","type":"post","link":"https:\/\/www.ladiagonale.net\/index.php\/2025\/06\/12\/le-tres-jeune-dunne-devrait-sengager-avec-monaco\/","title":{"rendered":"Le tr\u00e8s jeune Dunne devrait s\u2019engager avec Monaco"},"content":{"rendered":"\n\n\n<p>L\u2019AS Monaco poursuit sa politique de recrutement agressive sur le march\u00e9 des jeunes joueurs. D\u2019apr\u00e8s L\u2019\u00c9quipe, les dirigeants mon\u00e9gasques devraient signer David Dunne, ailier gauche de 16 ans qui \u00e9volue \u00e0 Cork City. Le transfert semblait toutefois dans les tuyaux d\u00e8s le mois d\u2019avril, comme r\u00e9v\u00e9l\u00e9 par <em>EchoLIVE.ie<\/em>. L\u2019Irlandais s\u2019engagerait libre.<\/p>\n\n\n\n<p>Pr\u00e9coce, Dunne a d\u00e9j\u00e0 disput\u00e9 cette saison trois rencontres en <em>Premier Division<\/em>, l\u2019\u00e9lite du championnat irlandais, alors qu&rsquo;il n&rsquo;avait encore que 15 ans. Il est \u00e9galement international U18. \u00c0 l\u2019\u00e9t\u00e9 2024, il avait notamment r\u00e9alis\u00e9 un essai de sept jours avec la Real Sociedad. Un essai qui avait suivi sa d\u00e9signation comme joueur U15 de la saison.<\/p>\n","protected":false},"excerpt":{"rendered":"<p>L\u2019AS Monaco poursuit sa politique de recrutement agressive sur le march\u00e9 des jeunes joueurs. D\u2019apr\u00e8s L\u2019\u00c9quipe, les dirigeants mon\u00e9gasques devraient signer David Dunne, ailier gauche de 16 ans qui \u00e9volue \u00e0 Cork City. Le transfert semblait toutefois dans les tuyaux d\u00e8s le mois d\u2019avril, comme r\u00e9v\u00e9l\u00e9 par EchoLIVE.ie. L\u2019Irlandais s\u2019engagerait libre. Pr\u00e9coce, Dunne a d\u00e9j\u00e0 [&#8230;]\n","protected":false},"author":2,"featured_media":0,"comment_status":"open","ping_status":"open","sticky":false,"template":"","format":"standard","meta":[],"categories":[6,1086],"tags":[76,86,1063,111,110],"yoast_head":"<!-- This site is optimized with the Yoast SEO plugin v19.8 - https:\/\/yoast.com\/wordpress\/plugins\/seo\/ -->\n<title>Le tr\u00e8s jeune Dunne devrait s\u2019engager avec Monaco - La Diagonale<\/title>\n<meta name=\"robots\" content=\"index, follow, max-snippet:-1, max-image-preview:large, max-video-preview:-1\" \/>\n<link rel=\"canonical\" href=\"https:\/\/www.ladiagonale.net\/index.php\/2025\/06\/12\/le-tres-jeune-dunne-devrait-sengager-avec-monaco\/\" \/>\n<meta property=\"og:locale\" content=\"fr_FR\" \/>\n<meta property=\"og:type\" content=\"article\" \/>\n<meta property=\"og:title\" content=\"Le tr\u00e8s jeune Dunne devrait s\u2019engager avec Monaco - La Diagonale\" \/>\n<meta property=\"og:description\" content=\"L\u2019AS Monaco poursuit sa politique de recrutement agressive sur le march\u00e9 des jeunes joueurs. D\u2019apr\u00e8s L\u2019\u00c9quipe, les dirigeants mon\u00e9gasques devraient signer David Dunne, ailier gauche de 16 ans qui \u00e9volue \u00e0 Cork City. Le transfert semblait toutefois dans les tuyaux d\u00e8s le mois d\u2019avril, comme r\u00e9v\u00e9l\u00e9 par EchoLIVE.ie. L\u2019Irlandais s\u2019engagerait libre. Pr\u00e9coce, Dunne a d\u00e9j\u00e0 [...]\" \/>\n<meta property=\"og:url\" content=\"https:\/\/www.ladiagonale.net\/index.php\/2025\/06\/12\/le-tres-jeune-dunne-devrait-sengager-avec-monaco\/\" \/>\n<meta property=\"og:site_name\" content=\"La Diagonale\" \/>\n<meta property=\"article:published_time\" content=\"2025-06-12T16:08:33+00:00\" \/>\n<meta property=\"article:modified_time\" content=\"2025-07-08T00:09:53+00:00\" \/>\n<meta property=\"og:image\" content=\"https:\/\/www.ladiagonale.net\/wp-content\/uploads\/2025\/06\/Dunne.png\" \/>\n\t<meta property=\"og:image:width\" content=\"1160\" \/>\n\t<meta property=\"og:image:height\" content=\"650\" \/>\n\t<meta property=\"og:image:type\" content=\"image\/png\" \/>\n<meta name=\"author\" content=\"Damien Dellerba\" \/>\n<meta name=\"twitter:card\" content=\"summary_large_image\" \/>\n<meta name=\"twitter:image\" content=\"https:\/\/www.ladiagonale.net\/wp-content\/uploads\/2025\/06\/Dunne.png\" \/>\n<meta name=\"twitter:label1\" content=\"\u00c9crit par\" \/>\n\t<meta name=\"twitter:data1\" content=\"Damien Dellerba\" \/>\n\t<meta name=\"twitter:label2\" content=\"Dur\u00e9e de lecture estim\u00e9e\" \/>\n\t<meta name=\"twitter:data2\" content=\"1 minute\" \/>\n<script type=\"application\/ld+json\" class=\"yoast-schema-graph\">{\"@context\":\"https:\/\/schema.org\",\"@graph\":[{\"@type\":\"WebPage\",\"@id\":\"https:\/\/www.ladiagonale.net\/index.php\/2025\/06\/12\/le-tres-jeune-dunne-devrait-sengager-avec-monaco\/\",\"url\":\"https:\/\/www.ladiagonale.net\/index.php\/2025\/06\/12\/le-tres-jeune-dunne-devrait-sengager-avec-monaco\/\",\"name\":\"Le tr\u00e8s jeune Dunne devrait s\u2019engager avec Monaco - La Diagonale\",\"isPartOf\":{\"@id\":\"https:\/\/www.ladiagonale.net\/#website\"},\"datePublished\":\"2025-06-12T16:08:33+00:00\",\"dateModified\":\"2025-07-08T00:09:53+00:00\",\"author\":{\"@id\":\"https:\/\/www.ladiagonale.net\/#\/schema\/person\/79ff1e7b0853ed01b2aa26e64ad300bf\"},\"breadcrumb\":{\"@id\":\"https:\/\/www.ladiagonale.net\/index.php\/2025\/06\/12\/le-tres-jeune-dunne-devrait-sengager-avec-monaco\/#breadcrumb\"},\"inLanguage\":\"fr-FR\",\"potentialAction\":[{\"@type\":\"ReadAction\",\"target\":[\"https:\/\/www.ladiagonale.net\/index.php\/2025\/06\/12\/le-tres-jeune-dunne-devrait-sengager-avec-monaco\/\"]}]},{\"@type\":\"BreadcrumbList\",\"@id\":\"https:\/\/www.ladiagonale.net\/index.php\/2025\/06\/12\/le-tres-jeune-dunne-devrait-sengager-avec-monaco\/#breadcrumb\",\"itemListElement\":[{\"@type\":\"ListItem\",\"position\":1,\"name\":\"Accueil\",\"item\":\"https:\/\/www.ladiagonale.net\/\"},{\"@type\":\"ListItem\",\"position\":2,\"name\":\"Le tr\u00e8s jeune Dunne devrait s\u2019engager avec Monaco\"}]},{\"@type\":\"WebSite\",\"@id\":\"https:\/\/www.ladiagonale.net\/#website\",\"url\":\"https:\/\/www.ladiagonale.net\/\",\"name\":\"La Diagonale\",\"description\":\"Le site des supporters de l&#039;AS Monaco FC\",\"potentialAction\":[{\"@type\":\"SearchAction\",\"target\":{\"@type\":\"EntryPoint\",\"urlTemplate\":\"https:\/\/www.ladiagonale.net\/?s={search_term_string}\"},\"query-input\":\"required name=search_term_string\"}],\"inLanguage\":\"fr-FR\"},{\"@type\":\"Person\",\"@id\":\"https:\/\/www.ladiagonale.net\/#\/schema\/person\/79ff1e7b0853ed01b2aa26e64ad300bf\",\"name\":\"Damien Dellerba\",\"image\":{\"@type\":\"ImageObject\",\"inLanguage\":\"fr-FR\",\"@id\":\"https:\/\/www.ladiagonale.net\/#\/schema\/person\/image\/\",\"url\":\"https:\/\/secure.gravatar.com\/avatar\/c7850e06d3ff63cdbaee88b7fc16e2f0?s=96&d=mm&r=g\",\"contentUrl\":\"https:\/\/secure.gravatar.com\/avatar\/c7850e06d3ff63cdbaee88b7fc16e2f0?s=96&d=mm&r=g\",\"caption\":\"Damien Dellerba\"},\"url\":\"https:\/\/www.ladiagonale.net\/index.php\/author\/damien\/\"}]}<\/script>\n<!-- \/ Yoast SEO plugin. -->","yoast_head_json":{"title":"Le tr\u00e8s jeune Dunne devrait s\u2019engager avec Monaco - La Diagonale","robots":{"index":"index","follow":"follow","max-snippet":"max-snippet:-1","max-image-preview":"max-image-preview:large","max-video-preview":"max-video-preview:-1"},"canonical":"https:\/\/www.ladiagonale.net\/index.php\/2025\/06\/12\/le-tres-jeune-dunne-devrait-sengager-avec-monaco\/","og_locale":"fr_FR","og_type":"article","og_title":"Le tr\u00e8s jeune Dunne devrait s\u2019engager avec Monaco - La Diagonale","og_description":"L\u2019AS Monaco poursuit sa politique de recrutement agressive sur le march\u00e9 des jeunes joueurs. D\u2019apr\u00e8s L\u2019\u00c9quipe, les dirigeants mon\u00e9gasques devraient signer David Dunne, ailier gauche de 16 ans qui \u00e9volue \u00e0 Cork City. Le transfert semblait toutefois dans les tuyaux d\u00e8s le mois d\u2019avril, comme r\u00e9v\u00e9l\u00e9 par EchoLIVE.ie. L\u2019Irlandais s\u2019engagerait libre. Pr\u00e9coce, Dunne a d\u00e9j\u00e0 [...]","og_url":"https:\/\/www.ladiagonale.net\/index.php\/2025\/06\/12\/le-tres-jeune-dunne-devrait-sengager-avec-monaco\/","og_site_name":"La Diagonale","article_published_time":"2025-06-12T16:08:33+00:00","article_modified_time":"2025-07-08T00:09:53+00:00","og_image":[{"width":1160,"height":650,"url":"https:\/\/www.ladiagonale.net\/wp-content\/uploads\/2025\/06\/Dunne.png","type":"image\/png"}],"author":"Damien Dellerba","twitter_card":"summary_large_image","twitter_image":"https:\/\/www.ladiagonale.net\/wp-content\/uploads\/2025\/06\/Dunne.png","twitter_misc":{"\u00c9crit par":"Damien Dellerba","Dur\u00e9e de lecture estim\u00e9e":"1 minute"},"schema":{"@context":"https:\/\/schema.org","@graph":[{"@type":"WebPage","@id":"https:\/\/www.ladiagonale.net\/index.php\/2025\/06\/12\/le-tres-jeune-dunne-devrait-sengager-avec-monaco\/","url":"https:\/\/www.ladiagonale.net\/index.php\/2025\/06\/12\/le-tres-jeune-dunne-devrait-sengager-avec-monaco\/","name":"Le tr\u00e8s jeune Dunne devrait s\u2019engager avec Monaco - La Diagonale","isPartOf":{"@id":"https:\/\/www.ladiagonale.net\/#website"},"datePublished":"2025-06-12T16:08:33+00:00","dateModified":"2025-07-08T00:09:53+00:00","author":{"@id":"https:\/\/www.ladiagonale.net\/#\/schema\/person\/79ff1e7b0853ed01b2aa26e64ad300bf"},"breadcrumb":{"@id":"https:\/\/www.ladiagonale.net\/index.php\/2025\/06\/12\/le-tres-jeune-dunne-devrait-sengager-avec-monaco\/#breadcrumb"},"inLanguage":"fr-FR","potentialAction":[{"@type":"ReadAction","target":["https:\/\/www.ladiagonale.net\/index.php\/2025\/06\/12\/le-tres-jeune-dunne-devrait-sengager-avec-monaco\/"]}]},{"@type":"BreadcrumbList","@id":"https:\/\/www.ladiagonale.net\/index.php\/2025\/06\/12\/le-tres-jeune-dunne-devrait-sengager-avec-monaco\/#breadcrumb","itemListElement":[{"@type":"ListItem","position":1,"name":"Accueil","item":"https:\/\/www.ladiagonale.net\/"},{"@type":"ListItem","position":2,"name":"Le tr\u00e8s jeune Dunne devrait s\u2019engager avec Monaco"}]},{"@type":"WebSite","@id":"https:\/\/www.ladiagonale.net\/#website","url":"https:\/\/www.ladiagonale.net\/","name":"La Diagonale","description":"Le site des supporters de l&#039;AS Monaco FC","potentialAction":[{"@type":"SearchAction","target":{"@type":"EntryPoint","urlTemplate":"https:\/\/www.ladiagonale.net\/?s={search_term_string}"},"query-input":"required name=search_term_string"}],"inLanguage":"fr-FR"},{"@type":"Person","@id":"https:\/\/www.ladiagonale.net\/#\/schema\/person\/79ff1e7b0853ed01b2aa26e64ad300bf","name":"Damien Dellerba","image":{"@type":"ImageObject","inLanguage":"fr-FR","@id":"https:\/\/www.ladiagonale.net\/#\/schema\/person\/image\/","url":"https:\/\/secure.gravatar.com\/avatar\/c7850e06d3ff63cdbaee88b7fc16e2f0?s=96&d=mm&r=g","contentUrl":"https:\/\/secure.gravatar.com\/avatar\/c7850e06d3ff63cdbaee88b7fc16e2f0?s=96&d=mm&r=g","caption":"Damien Dellerba"},"url":"https:\/\/www.ladiagonale.net\/index.php\/author\/damien\/"}]}},"_links":{"self":[{"href":"https:\/\/www.ladiagonale.net\/index.php\/wp-json\/wp\/v2\/posts\/31957"}],"collection":[{"href":"https:\/\/www.ladiagonale.net\/index.php\/wp-json\/wp\/v2\/posts"}],"about":[{"href":"https:\/\/www.ladiagonale.net\/index.php\/wp-json\/wp\/v2\/types\/post"}],"author":[{"embeddable":true,"href":"https:\/\/www.ladiagonale.net\/index.php\/wp-json\/wp\/v2\/users\/2"}],"replies":[{"embeddable":true,"href":"https:\/\/www.ladiagonale.net\/index.php\/wp-json\/wp\/v2\/comments?post=31957"}],"version-history":[{"count":1,"href":"https:\/\/www.ladiagonale.net\/index.php\/wp-json\/wp\/v2\/posts\/31957\/revisions"}],"predecessor-version":[{"id":31959,"href":"https:\/\/www.ladiagonale.net\/index.php\/wp-json\/wp\/v2\/posts\/31957\/revisions\/31959"}],"wp:attachment":[{"href":"https:\/\/www.ladiagonale.net\/index.php\/wp-json\/wp\/v2\/media?parent=31957"}],"wp:term":[{"taxonomy":"category","embeddable":true,"href":"https:\/\/www.ladiagonale.net\/index.php\/wp-json\/wp\/v2\/categories?post=31957"},{"taxonomy":"post_tag","embeddable":true,"href":"https:\/\/www.ladiagonale.net\/index.php\/wp-json\/wp\/v2\/tags?post=31957"}],"curies":[{"name":"wp","href":"https:\/\/api.w.org\/{rel}","templated":true}]}}