{"id":31976,"date":"2025-06-13T12:22:59","date_gmt":"2025-06-13T10:22:59","guid":{"rendered":"https:\/\/www.ladiagonale.net\/?p=31976"},"modified":"2025-07-08T02:09:53","modified_gmt":"2025-07-08T00:09:53","slug":"officiel-soubeir-bamba-et-haddani-signent-a-lasm","status":"publish","type":"post","link":"https:\/\/www.ladiagonale.net\/index.php\/2025\/06\/13\/officiel-soubeir-bamba-et-haddani-signent-a-lasm\/","title":{"rendered":"Officiel : Soubeir, Bamba et Haddani signent \u00e0 l\u2019ASM"},"content":{"rendered":"\n\n\n<p>L\u2019AS Monaco a officialis\u00e9 quatre arriv\u00e9es en vue de restructurer ses \u00e9quipes de l\u2019Academy. Le club de la Principaut\u00e9 a annonc\u00e9 l\u2019arriv\u00e9e d\u2019Anis Soubeir en provenance du FC Metz. Le milieu de terrain de 18 ans a paraph\u00e9 un contrat professionnel de trois saisons et est d\u00e9sormais li\u00e9 \u00e0 l\u2019ASM jusqu\u2019en 2028. Selon le communiqu\u00e9 sur le site du club, Soubeir viendra renforcer le Groupe \u00c9lite. La saison derni\u00e8re, il avait jou\u00e9 19 matches avec les U19 de Metz.<\/p>\n\n\n\n<p>Trois autres joueurs arrivent \u00e9galement, mais sans contrat professionnel et pour int\u00e9grer les U19 nationaux. L\u2019attaquant Safouane Benzahra (16 ans), qui avait d\u00e9j\u00e0 \u00e9t\u00e9 <a href=\"https:\/\/www.ladiagonale.net\/index.php\/2025\/06\/10\/officiel-benzahra-signe-a-monaco\/\">annonc\u00e9 par son d\u00e9sormais ancien club<\/a> du NAC Breda, est d\u00e9sormais li\u00e9 \u00e0 Monaco avec un contrat stagiaire de trois saisons. Le d\u00e9fenseur Isma\u00efl Bamba (17 ans) a paraph\u00e9 un contrat stagiaire de deux saisons apr\u00e8s une ann\u00e9e pass\u00e9e \u00e0 Caen. <\/p>\n\n\n\n<p>Enfin, Nah\u00ebl Haddani (16 ans) s\u2019engage pour une saison apr\u00e8s avoir r\u00e9alis\u00e9 une saison pleine avec l\u2019Entente Saint-Cl\u00e9ment Montferrier. L\u2019attaquant de 16 ans n&rsquo;aura qu&rsquo;une seule ann\u00e9e pour faire ses preuves avec un contrat aspirant qui expirera en 2026.<\/p>\n","protected":false},"excerpt":{"rendered":"<p>L\u2019AS Monaco a officialis\u00e9 quatre arriv\u00e9es en vue de restructurer ses \u00e9quipes de l\u2019Academy. Le club de la Principaut\u00e9 a annonc\u00e9 l\u2019arriv\u00e9e d\u2019Anis Soubeir en provenance du FC Metz. Le milieu de terrain de 18 ans a paraph\u00e9 un contrat professionnel de trois saisons et est d\u00e9sormais li\u00e9 \u00e0 l\u2019ASM jusqu\u2019en 2028. Selon le communiqu\u00e9 [&#8230;]\n","protected":false},"author":2,"featured_media":0,"comment_status":"open","ping_status":"open","sticky":false,"template":"","format":"standard","meta":[],"categories":[4,6,1086],"tags":[76,1061,86,1062,111,1060,1058,110],"yoast_head":"<!-- This site is optimized with the Yoast SEO plugin v19.8 - https:\/\/yoast.com\/wordpress\/plugins\/seo\/ -->\n<title>Officiel : Soubeir, Bamba et Haddani signent \u00e0 l\u2019ASM - La Diagonale<\/title>\n<meta name=\"robots\" content=\"index, follow, max-snippet:-1, max-image-preview:large, max-video-preview:-1\" \/>\n<link rel=\"canonical\" href=\"https:\/\/www.ladiagonale.net\/index.php\/2025\/06\/13\/officiel-soubeir-bamba-et-haddani-signent-a-lasm\/\" \/>\n<meta property=\"og:locale\" content=\"fr_FR\" \/>\n<meta property=\"og:type\" content=\"article\" \/>\n<meta property=\"og:title\" content=\"Officiel : Soubeir, Bamba et Haddani signent \u00e0 l\u2019ASM - La Diagonale\" \/>\n<meta property=\"og:description\" content=\"L\u2019AS Monaco a officialis\u00e9 quatre arriv\u00e9es en vue de restructurer ses \u00e9quipes de l\u2019Academy. Le club de la Principaut\u00e9 a annonc\u00e9 l\u2019arriv\u00e9e d\u2019Anis Soubeir en provenance du FC Metz. Le milieu de terrain de 18 ans a paraph\u00e9 un contrat professionnel de trois saisons et est d\u00e9sormais li\u00e9 \u00e0 l\u2019ASM jusqu\u2019en 2028. Selon le communiqu\u00e9 [...]\" \/>\n<meta property=\"og:url\" content=\"https:\/\/www.ladiagonale.net\/index.php\/2025\/06\/13\/officiel-soubeir-bamba-et-haddani-signent-a-lasm\/\" \/>\n<meta property=\"og:site_name\" content=\"La Diagonale\" \/>\n<meta property=\"article:published_time\" content=\"2025-06-13T10:22:59+00:00\" \/>\n<meta property=\"article:modified_time\" content=\"2025-07-08T00:09:53+00:00\" \/>\n<meta property=\"og:image\" content=\"https:\/\/www.ladiagonale.net\/wp-content\/uploads\/2025\/06\/Soubeirasu\u0300.png\" \/>\n\t<meta property=\"og:image:width\" content=\"1160\" \/>\n\t<meta property=\"og:image:height\" content=\"650\" \/>\n\t<meta property=\"og:image:type\" content=\"image\/png\" \/>\n<meta name=\"author\" content=\"Damien Dellerba\" \/>\n<meta name=\"twitter:card\" content=\"summary_large_image\" \/>\n<meta name=\"twitter:image\" content=\"https:\/\/www.ladiagonale.net\/wp-content\/uploads\/2025\/06\/Soubeirasu\u0300.png\" \/>\n<meta name=\"twitter:label1\" content=\"\u00c9crit par\" \/>\n\t<meta name=\"twitter:data1\" content=\"Damien Dellerba\" \/>\n\t<meta name=\"twitter:label2\" content=\"Dur\u00e9e de lecture estim\u00e9e\" \/>\n\t<meta name=\"twitter:data2\" content=\"1 minute\" \/>\n<script type=\"application\/ld+json\" class=\"yoast-schema-graph\">{\"@context\":\"https:\/\/schema.org\",\"@graph\":[{\"@type\":\"WebPage\",\"@id\":\"https:\/\/www.ladiagonale.net\/index.php\/2025\/06\/13\/officiel-soubeir-bamba-et-haddani-signent-a-lasm\/\",\"url\":\"https:\/\/www.ladiagonale.net\/index.php\/2025\/06\/13\/officiel-soubeir-bamba-et-haddani-signent-a-lasm\/\",\"name\":\"Officiel : Soubeir, Bamba et Haddani signent \u00e0 l\u2019ASM - La Diagonale\",\"isPartOf\":{\"@id\":\"https:\/\/www.ladiagonale.net\/#website\"},\"datePublished\":\"2025-06-13T10:22:59+00:00\",\"dateModified\":\"2025-07-08T00:09:53+00:00\",\"author\":{\"@id\":\"https:\/\/www.ladiagonale.net\/#\/schema\/person\/79ff1e7b0853ed01b2aa26e64ad300bf\"},\"breadcrumb\":{\"@id\":\"https:\/\/www.ladiagonale.net\/index.php\/2025\/06\/13\/officiel-soubeir-bamba-et-haddani-signent-a-lasm\/#breadcrumb\"},\"inLanguage\":\"fr-FR\",\"potentialAction\":[{\"@type\":\"ReadAction\",\"target\":[\"https:\/\/www.ladiagonale.net\/index.php\/2025\/06\/13\/officiel-soubeir-bamba-et-haddani-signent-a-lasm\/\"]}]},{\"@type\":\"BreadcrumbList\",\"@id\":\"https:\/\/www.ladiagonale.net\/index.php\/2025\/06\/13\/officiel-soubeir-bamba-et-haddani-signent-a-lasm\/#breadcrumb\",\"itemListElement\":[{\"@type\":\"ListItem\",\"position\":1,\"name\":\"Accueil\",\"item\":\"https:\/\/www.ladiagonale.net\/\"},{\"@type\":\"ListItem\",\"position\":2,\"name\":\"Officiel : Soubeir, Bamba et Haddani signent \u00e0 l\u2019ASM\"}]},{\"@type\":\"WebSite\",\"@id\":\"https:\/\/www.ladiagonale.net\/#website\",\"url\":\"https:\/\/www.ladiagonale.net\/\",\"name\":\"La Diagonale\",\"description\":\"Le site des supporters de l&#039;AS Monaco FC\",\"potentialAction\":[{\"@type\":\"SearchAction\",\"target\":{\"@type\":\"EntryPoint\",\"urlTemplate\":\"https:\/\/www.ladiagonale.net\/?s={search_term_string}\"},\"query-input\":\"required name=search_term_string\"}],\"inLanguage\":\"fr-FR\"},{\"@type\":\"Person\",\"@id\":\"https:\/\/www.ladiagonale.net\/#\/schema\/person\/79ff1e7b0853ed01b2aa26e64ad300bf\",\"name\":\"Damien Dellerba\",\"image\":{\"@type\":\"ImageObject\",\"inLanguage\":\"fr-FR\",\"@id\":\"https:\/\/www.ladiagonale.net\/#\/schema\/person\/image\/\",\"url\":\"https:\/\/secure.gravatar.com\/avatar\/c7850e06d3ff63cdbaee88b7fc16e2f0?s=96&d=mm&r=g\",\"contentUrl\":\"https:\/\/secure.gravatar.com\/avatar\/c7850e06d3ff63cdbaee88b7fc16e2f0?s=96&d=mm&r=g\",\"caption\":\"Damien Dellerba\"},\"url\":\"https:\/\/www.ladiagonale.net\/index.php\/author\/damien\/\"}]}<\/script>\n<!-- \/ Yoast SEO plugin. -->","yoast_head_json":{"title":"Officiel : Soubeir, Bamba et Haddani signent \u00e0 l\u2019ASM - La Diagonale","robots":{"index":"index","follow":"follow","max-snippet":"max-snippet:-1","max-image-preview":"max-image-preview:large","max-video-preview":"max-video-preview:-1"},"canonical":"https:\/\/www.ladiagonale.net\/index.php\/2025\/06\/13\/officiel-soubeir-bamba-et-haddani-signent-a-lasm\/","og_locale":"fr_FR","og_type":"article","og_title":"Officiel : Soubeir, Bamba et Haddani signent \u00e0 l\u2019ASM - La Diagonale","og_description":"L\u2019AS Monaco a officialis\u00e9 quatre arriv\u00e9es en vue de restructurer ses \u00e9quipes de l\u2019Academy. Le club de la Principaut\u00e9 a annonc\u00e9 l\u2019arriv\u00e9e d\u2019Anis Soubeir en provenance du FC Metz. Le milieu de terrain de 18 ans a paraph\u00e9 un contrat professionnel de trois saisons et est d\u00e9sormais li\u00e9 \u00e0 l\u2019ASM jusqu\u2019en 2028. Selon le communiqu\u00e9 [...]","og_url":"https:\/\/www.ladiagonale.net\/index.php\/2025\/06\/13\/officiel-soubeir-bamba-et-haddani-signent-a-lasm\/","og_site_name":"La Diagonale","article_published_time":"2025-06-13T10:22:59+00:00","article_modified_time":"2025-07-08T00:09:53+00:00","og_image":[{"width":1160,"height":650,"url":"https:\/\/www.ladiagonale.net\/wp-content\/uploads\/2025\/06\/Soubeirasu\u0300.png","type":"image\/png"}],"author":"Damien Dellerba","twitter_card":"summary_large_image","twitter_image":"https:\/\/www.ladiagonale.net\/wp-content\/uploads\/2025\/06\/Soubeirasu\u0300.png","twitter_misc":{"\u00c9crit par":"Damien Dellerba","Dur\u00e9e de lecture estim\u00e9e":"1 minute"},"schema":{"@context":"https:\/\/schema.org","@graph":[{"@type":"WebPage","@id":"https:\/\/www.ladiagonale.net\/index.php\/2025\/06\/13\/officiel-soubeir-bamba-et-haddani-signent-a-lasm\/","url":"https:\/\/www.ladiagonale.net\/index.php\/2025\/06\/13\/officiel-soubeir-bamba-et-haddani-signent-a-lasm\/","name":"Officiel : Soubeir, Bamba et Haddani signent \u00e0 l\u2019ASM - La Diagonale","isPartOf":{"@id":"https:\/\/www.ladiagonale.net\/#website"},"datePublished":"2025-06-13T10:22:59+00:00","dateModified":"2025-07-08T00:09:53+00:00","author":{"@id":"https:\/\/www.ladiagonale.net\/#\/schema\/person\/79ff1e7b0853ed01b2aa26e64ad300bf"},"breadcrumb":{"@id":"https:\/\/www.ladiagonale.net\/index.php\/2025\/06\/13\/officiel-soubeir-bamba-et-haddani-signent-a-lasm\/#breadcrumb"},"inLanguage":"fr-FR","potentialAction":[{"@type":"ReadAction","target":["https:\/\/www.ladiagonale.net\/index.php\/2025\/06\/13\/officiel-soubeir-bamba-et-haddani-signent-a-lasm\/"]}]},{"@type":"BreadcrumbList","@id":"https:\/\/www.ladiagonale.net\/index.php\/2025\/06\/13\/officiel-soubeir-bamba-et-haddani-signent-a-lasm\/#breadcrumb","itemListElement":[{"@type":"ListItem","position":1,"name":"Accueil","item":"https:\/\/www.ladiagonale.net\/"},{"@type":"ListItem","position":2,"name":"Officiel : Soubeir, Bamba et Haddani signent \u00e0 l\u2019ASM"}]},{"@type":"WebSite","@id":"https:\/\/www.ladiagonale.net\/#website","url":"https:\/\/www.ladiagonale.net\/","name":"La Diagonale","description":"Le site des supporters de l&#039;AS Monaco FC","potentialAction":[{"@type":"SearchAction","target":{"@type":"EntryPoint","urlTemplate":"https:\/\/www.ladiagonale.net\/?s={search_term_string}"},"query-input":"required name=search_term_string"}],"inLanguage":"fr-FR"},{"@type":"Person","@id":"https:\/\/www.ladiagonale.net\/#\/schema\/person\/79ff1e7b0853ed01b2aa26e64ad300bf","name":"Damien Dellerba","image":{"@type":"ImageObject","inLanguage":"fr-FR","@id":"https:\/\/www.ladiagonale.net\/#\/schema\/person\/image\/","url":"https:\/\/secure.gravatar.com\/avatar\/c7850e06d3ff63cdbaee88b7fc16e2f0?s=96&d=mm&r=g","contentUrl":"https:\/\/secure.gravatar.com\/avatar\/c7850e06d3ff63cdbaee88b7fc16e2f0?s=96&d=mm&r=g","caption":"Damien Dellerba"},"url":"https:\/\/www.ladiagonale.net\/index.php\/author\/damien\/"}]}},"_links":{"self":[{"href":"https:\/\/www.ladiagonale.net\/index.php\/wp-json\/wp\/v2\/posts\/31976"}],"collection":[{"href":"https:\/\/www.ladiagonale.net\/index.php\/wp-json\/wp\/v2\/posts"}],"about":[{"href":"https:\/\/www.ladiagonale.net\/index.php\/wp-json\/wp\/v2\/types\/post"}],"author":[{"embeddable":true,"href":"https:\/\/www.ladiagonale.net\/index.php\/wp-json\/wp\/v2\/users\/2"}],"replies":[{"embeddable":true,"href":"https:\/\/www.ladiagonale.net\/index.php\/wp-json\/wp\/v2\/comments?post=31976"}],"version-history":[{"count":2,"href":"https:\/\/www.ladiagonale.net\/index.php\/wp-json\/wp\/v2\/posts\/31976\/revisions"}],"predecessor-version":[{"id":31979,"href":"https:\/\/www.ladiagonale.net\/index.php\/wp-json\/wp\/v2\/posts\/31976\/revisions\/31979"}],"wp:attachment":[{"href":"https:\/\/www.ladiagonale.net\/index.php\/wp-json\/wp\/v2\/media?parent=31976"}],"wp:term":[{"taxonomy":"category","embeddable":true,"href":"https:\/\/www.ladiagonale.net\/index.php\/wp-json\/wp\/v2\/categories?post=31976"},{"taxonomy":"post_tag","embeddable":true,"href":"https:\/\/www.ladiagonale.net\/index.php\/wp-json\/wp\/v2\/tags?post=31976"}],"curies":[{"name":"wp","href":"https:\/\/api.w.org\/{rel}","templated":true}]}}