{"id":31980,"date":"2025-06-13T12:53:25","date_gmt":"2025-06-13T10:53:25","guid":{"rendered":"https:\/\/www.ladiagonale.net\/?p=31980"},"modified":"2025-06-13T12:53:26","modified_gmt":"2025-06-13T10:53:26","slug":"quatre-joueurs-de-lacademy-signent-un-contrat-stagiaire","status":"publish","type":"post","link":"https:\/\/www.ladiagonale.net\/index.php\/2025\/06\/13\/quatre-joueurs-de-lacademy-signent-un-contrat-stagiaire\/","title":{"rendered":"Quatre joueurs de l\u2019Academy signent un contrat stagiaire"},"content":{"rendered":"\n<p>Outre les quatre transferts effectu\u00e9s pour renforcer les \u00e9quipes du centre de formation, l\u2019AS Monaco a \u00e9galement annonc\u00e9 la signature d\u2019un contrat stagiaire pour quatre joueurs. Najd Ajroud, \u00e9l\u00e9ment important des U17 nationaux cette saison (10 buts en 26 matches), est d\u00e9sormais li\u00e9 avec le club de la Principaut\u00e9 pour les trois prochaines saisons. L\u2019ailier de 17 ans \u00e9voluera avec les U19 nationaux la saison prochaine.<\/p>\n\n\n\n<p>Si l\u2019ASM a lib\u00e9r\u00e9 beaucoup de joueurs de la g\u00e9n\u00e9ration 2007, elle vient d\u2019officialiser la signature d\u2019un contrat stagiaire de deux saisons pour trois d\u2019entre eux. C\u2019est le cas du d\u00e9fenseur droit Wassim Guerchi (18 ans, 23 rencontres toutes comp\u00e9titions confondues), du milieu offensif Imrane El Ouaroudi (17 ans, 15 rencontres TCC) et de l\u2019attaquant Yannick Dodo (18 ans, 26 rencontres TCC).<\/p>\n\n\n","protected":false},"excerpt":{"rendered":"<p>Outre les quatre transferts effectu\u00e9s pour renforcer les \u00e9quipes du centre de formation, l\u2019AS Monaco a \u00e9galement annonc\u00e9 la signature d\u2019un contrat stagiaire pour quatre joueurs. Najd Ajroud, \u00e9l\u00e9ment important des U17 nationaux cette saison (10 buts en 26 matches), est d\u00e9sormais li\u00e9 avec le club de la Principaut\u00e9 pour les trois prochaines saisons. L\u2019ailier [&#8230;]\n","protected":false},"author":2,"featured_media":0,"comment_status":"open","ping_status":"open","sticky":false,"template":"","format":"standard","meta":[],"categories":[4,6],"tags":[76,86,566,796,1064,1065,795],"yoast_head":"<!-- This site is optimized with the Yoast SEO plugin v19.8 - https:\/\/yoast.com\/wordpress\/plugins\/seo\/ -->\n<title>Quatre joueurs de l\u2019Academy signent un contrat stagiaire - La Diagonale<\/title>\n<meta name=\"robots\" content=\"index, follow, max-snippet:-1, max-image-preview:large, max-video-preview:-1\" \/>\n<link rel=\"canonical\" href=\"https:\/\/www.ladiagonale.net\/index.php\/2025\/06\/13\/quatre-joueurs-de-lacademy-signent-un-contrat-stagiaire\/\" \/>\n<meta property=\"og:locale\" content=\"fr_FR\" \/>\n<meta property=\"og:type\" content=\"article\" \/>\n<meta property=\"og:title\" content=\"Quatre joueurs de l\u2019Academy signent un contrat stagiaire - La Diagonale\" \/>\n<meta property=\"og:description\" content=\"Outre les quatre transferts effectu\u00e9s pour renforcer les \u00e9quipes du centre de formation, l\u2019AS Monaco a \u00e9galement annonc\u00e9 la signature d\u2019un contrat stagiaire pour quatre joueurs. Najd Ajroud, \u00e9l\u00e9ment important des U17 nationaux cette saison (10 buts en 26 matches), est d\u00e9sormais li\u00e9 avec le club de la Principaut\u00e9 pour les trois prochaines saisons. L\u2019ailier [...]\" \/>\n<meta property=\"og:url\" content=\"https:\/\/www.ladiagonale.net\/index.php\/2025\/06\/13\/quatre-joueurs-de-lacademy-signent-un-contrat-stagiaire\/\" \/>\n<meta property=\"og:site_name\" content=\"La Diagonale\" \/>\n<meta property=\"article:published_time\" content=\"2025-06-13T10:53:25+00:00\" \/>\n<meta property=\"article:modified_time\" content=\"2025-06-13T10:53:26+00:00\" \/>\n<meta property=\"og:image\" content=\"https:\/\/www.ladiagonale.net\/wp-content\/uploads\/2025\/02\/Ajroud.png\" \/>\n\t<meta property=\"og:image:width\" content=\"1160\" \/>\n\t<meta property=\"og:image:height\" content=\"650\" \/>\n\t<meta property=\"og:image:type\" content=\"image\/png\" \/>\n<meta name=\"author\" content=\"Damien Dellerba\" \/>\n<meta name=\"twitter:card\" content=\"summary_large_image\" \/>\n<meta name=\"twitter:image\" content=\"https:\/\/www.ladiagonale.net\/wp-content\/uploads\/2025\/02\/Ajroud.png\" \/>\n<meta name=\"twitter:label1\" content=\"\u00c9crit par\" \/>\n\t<meta name=\"twitter:data1\" content=\"Damien Dellerba\" \/>\n\t<meta name=\"twitter:label2\" content=\"Dur\u00e9e de lecture estim\u00e9e\" \/>\n\t<meta name=\"twitter:data2\" content=\"1 minute\" \/>\n<script type=\"application\/ld+json\" class=\"yoast-schema-graph\">{\"@context\":\"https:\/\/schema.org\",\"@graph\":[{\"@type\":\"WebPage\",\"@id\":\"https:\/\/www.ladiagonale.net\/index.php\/2025\/06\/13\/quatre-joueurs-de-lacademy-signent-un-contrat-stagiaire\/\",\"url\":\"https:\/\/www.ladiagonale.net\/index.php\/2025\/06\/13\/quatre-joueurs-de-lacademy-signent-un-contrat-stagiaire\/\",\"name\":\"Quatre joueurs de l\u2019Academy signent un contrat stagiaire - La Diagonale\",\"isPartOf\":{\"@id\":\"https:\/\/www.ladiagonale.net\/#website\"},\"datePublished\":\"2025-06-13T10:53:25+00:00\",\"dateModified\":\"2025-06-13T10:53:26+00:00\",\"author\":{\"@id\":\"https:\/\/www.ladiagonale.net\/#\/schema\/person\/79ff1e7b0853ed01b2aa26e64ad300bf\"},\"breadcrumb\":{\"@id\":\"https:\/\/www.ladiagonale.net\/index.php\/2025\/06\/13\/quatre-joueurs-de-lacademy-signent-un-contrat-stagiaire\/#breadcrumb\"},\"inLanguage\":\"fr-FR\",\"potentialAction\":[{\"@type\":\"ReadAction\",\"target\":[\"https:\/\/www.ladiagonale.net\/index.php\/2025\/06\/13\/quatre-joueurs-de-lacademy-signent-un-contrat-stagiaire\/\"]}]},{\"@type\":\"BreadcrumbList\",\"@id\":\"https:\/\/www.ladiagonale.net\/index.php\/2025\/06\/13\/quatre-joueurs-de-lacademy-signent-un-contrat-stagiaire\/#breadcrumb\",\"itemListElement\":[{\"@type\":\"ListItem\",\"position\":1,\"name\":\"Accueil\",\"item\":\"https:\/\/www.ladiagonale.net\/\"},{\"@type\":\"ListItem\",\"position\":2,\"name\":\"Quatre joueurs de l\u2019Academy signent un contrat stagiaire\"}]},{\"@type\":\"WebSite\",\"@id\":\"https:\/\/www.ladiagonale.net\/#website\",\"url\":\"https:\/\/www.ladiagonale.net\/\",\"name\":\"La Diagonale\",\"description\":\"Le site des supporters de l&#039;AS Monaco FC\",\"potentialAction\":[{\"@type\":\"SearchAction\",\"target\":{\"@type\":\"EntryPoint\",\"urlTemplate\":\"https:\/\/www.ladiagonale.net\/?s={search_term_string}\"},\"query-input\":\"required name=search_term_string\"}],\"inLanguage\":\"fr-FR\"},{\"@type\":\"Person\",\"@id\":\"https:\/\/www.ladiagonale.net\/#\/schema\/person\/79ff1e7b0853ed01b2aa26e64ad300bf\",\"name\":\"Damien Dellerba\",\"image\":{\"@type\":\"ImageObject\",\"inLanguage\":\"fr-FR\",\"@id\":\"https:\/\/www.ladiagonale.net\/#\/schema\/person\/image\/\",\"url\":\"https:\/\/secure.gravatar.com\/avatar\/c7850e06d3ff63cdbaee88b7fc16e2f0?s=96&d=mm&r=g\",\"contentUrl\":\"https:\/\/secure.gravatar.com\/avatar\/c7850e06d3ff63cdbaee88b7fc16e2f0?s=96&d=mm&r=g\",\"caption\":\"Damien Dellerba\"},\"url\":\"https:\/\/www.ladiagonale.net\/index.php\/author\/damien\/\"}]}<\/script>\n<!-- \/ Yoast SEO plugin. -->","yoast_head_json":{"title":"Quatre joueurs de l\u2019Academy signent un contrat stagiaire - La Diagonale","robots":{"index":"index","follow":"follow","max-snippet":"max-snippet:-1","max-image-preview":"max-image-preview:large","max-video-preview":"max-video-preview:-1"},"canonical":"https:\/\/www.ladiagonale.net\/index.php\/2025\/06\/13\/quatre-joueurs-de-lacademy-signent-un-contrat-stagiaire\/","og_locale":"fr_FR","og_type":"article","og_title":"Quatre joueurs de l\u2019Academy signent un contrat stagiaire - La Diagonale","og_description":"Outre les quatre transferts effectu\u00e9s pour renforcer les \u00e9quipes du centre de formation, l\u2019AS Monaco a \u00e9galement annonc\u00e9 la signature d\u2019un contrat stagiaire pour quatre joueurs. Najd Ajroud, \u00e9l\u00e9ment important des U17 nationaux cette saison (10 buts en 26 matches), est d\u00e9sormais li\u00e9 avec le club de la Principaut\u00e9 pour les trois prochaines saisons. L\u2019ailier [...]","og_url":"https:\/\/www.ladiagonale.net\/index.php\/2025\/06\/13\/quatre-joueurs-de-lacademy-signent-un-contrat-stagiaire\/","og_site_name":"La Diagonale","article_published_time":"2025-06-13T10:53:25+00:00","article_modified_time":"2025-06-13T10:53:26+00:00","og_image":[{"width":1160,"height":650,"url":"https:\/\/www.ladiagonale.net\/wp-content\/uploads\/2025\/02\/Ajroud.png","type":"image\/png"}],"author":"Damien Dellerba","twitter_card":"summary_large_image","twitter_image":"https:\/\/www.ladiagonale.net\/wp-content\/uploads\/2025\/02\/Ajroud.png","twitter_misc":{"\u00c9crit par":"Damien Dellerba","Dur\u00e9e de lecture estim\u00e9e":"1 minute"},"schema":{"@context":"https:\/\/schema.org","@graph":[{"@type":"WebPage","@id":"https:\/\/www.ladiagonale.net\/index.php\/2025\/06\/13\/quatre-joueurs-de-lacademy-signent-un-contrat-stagiaire\/","url":"https:\/\/www.ladiagonale.net\/index.php\/2025\/06\/13\/quatre-joueurs-de-lacademy-signent-un-contrat-stagiaire\/","name":"Quatre joueurs de l\u2019Academy signent un contrat stagiaire - La Diagonale","isPartOf":{"@id":"https:\/\/www.ladiagonale.net\/#website"},"datePublished":"2025-06-13T10:53:25+00:00","dateModified":"2025-06-13T10:53:26+00:00","author":{"@id":"https:\/\/www.ladiagonale.net\/#\/schema\/person\/79ff1e7b0853ed01b2aa26e64ad300bf"},"breadcrumb":{"@id":"https:\/\/www.ladiagonale.net\/index.php\/2025\/06\/13\/quatre-joueurs-de-lacademy-signent-un-contrat-stagiaire\/#breadcrumb"},"inLanguage":"fr-FR","potentialAction":[{"@type":"ReadAction","target":["https:\/\/www.ladiagonale.net\/index.php\/2025\/06\/13\/quatre-joueurs-de-lacademy-signent-un-contrat-stagiaire\/"]}]},{"@type":"BreadcrumbList","@id":"https:\/\/www.ladiagonale.net\/index.php\/2025\/06\/13\/quatre-joueurs-de-lacademy-signent-un-contrat-stagiaire\/#breadcrumb","itemListElement":[{"@type":"ListItem","position":1,"name":"Accueil","item":"https:\/\/www.ladiagonale.net\/"},{"@type":"ListItem","position":2,"name":"Quatre joueurs de l\u2019Academy signent un contrat stagiaire"}]},{"@type":"WebSite","@id":"https:\/\/www.ladiagonale.net\/#website","url":"https:\/\/www.ladiagonale.net\/","name":"La Diagonale","description":"Le site des supporters de l&#039;AS Monaco FC","potentialAction":[{"@type":"SearchAction","target":{"@type":"EntryPoint","urlTemplate":"https:\/\/www.ladiagonale.net\/?s={search_term_string}"},"query-input":"required name=search_term_string"}],"inLanguage":"fr-FR"},{"@type":"Person","@id":"https:\/\/www.ladiagonale.net\/#\/schema\/person\/79ff1e7b0853ed01b2aa26e64ad300bf","name":"Damien Dellerba","image":{"@type":"ImageObject","inLanguage":"fr-FR","@id":"https:\/\/www.ladiagonale.net\/#\/schema\/person\/image\/","url":"https:\/\/secure.gravatar.com\/avatar\/c7850e06d3ff63cdbaee88b7fc16e2f0?s=96&d=mm&r=g","contentUrl":"https:\/\/secure.gravatar.com\/avatar\/c7850e06d3ff63cdbaee88b7fc16e2f0?s=96&d=mm&r=g","caption":"Damien Dellerba"},"url":"https:\/\/www.ladiagonale.net\/index.php\/author\/damien\/"}]}},"_links":{"self":[{"href":"https:\/\/www.ladiagonale.net\/index.php\/wp-json\/wp\/v2\/posts\/31980"}],"collection":[{"href":"https:\/\/www.ladiagonale.net\/index.php\/wp-json\/wp\/v2\/posts"}],"about":[{"href":"https:\/\/www.ladiagonale.net\/index.php\/wp-json\/wp\/v2\/types\/post"}],"author":[{"embeddable":true,"href":"https:\/\/www.ladiagonale.net\/index.php\/wp-json\/wp\/v2\/users\/2"}],"replies":[{"embeddable":true,"href":"https:\/\/www.ladiagonale.net\/index.php\/wp-json\/wp\/v2\/comments?post=31980"}],"version-history":[{"count":1,"href":"https:\/\/www.ladiagonale.net\/index.php\/wp-json\/wp\/v2\/posts\/31980\/revisions"}],"predecessor-version":[{"id":31981,"href":"https:\/\/www.ladiagonale.net\/index.php\/wp-json\/wp\/v2\/posts\/31980\/revisions\/31981"}],"wp:attachment":[{"href":"https:\/\/www.ladiagonale.net\/index.php\/wp-json\/wp\/v2\/media?parent=31980"}],"wp:term":[{"taxonomy":"category","embeddable":true,"href":"https:\/\/www.ladiagonale.net\/index.php\/wp-json\/wp\/v2\/categories?post=31980"},{"taxonomy":"post_tag","embeddable":true,"href":"https:\/\/www.ladiagonale.net\/index.php\/wp-json\/wp\/v2\/tags?post=31980"}],"curies":[{"name":"wp","href":"https:\/\/api.w.org\/{rel}","templated":true}]}}