{"id":31986,"date":"2025-06-13T14:28:26","date_gmt":"2025-06-13T12:28:26","guid":{"rendered":"https:\/\/www.ladiagonale.net\/?p=31986"},"modified":"2025-07-08T02:09:52","modified_gmt":"2025-07-08T00:09:52","slug":"monaco-insisterait-pour-cakir","status":"publish","type":"post","link":"https:\/\/www.ladiagonale.net\/index.php\/2025\/06\/13\/monaco-insisterait-pour-cakir\/","title":{"rendered":"Monaco insisterait pour \u00c7akir (Actualis\u00e9)"},"content":{"rendered":"\n\n\n<p>L\u2019AS Monaco a \u00e9t\u00e9 r\u00e9guli\u00e8rement cit\u00e9e dans les m\u00e9dias pour <a href=\"https:\/\/www.ladiagonale.net\/index.php\/2025\/06\/13\/officiel-soubeir-bamba-et-haddani-signent-a-lasm\/\" target=\"_blank\" rel=\"noreferrer noopener\">ses transferts pour le centre de formation<\/a>. Mais les dirigeants mon\u00e9gasques sont toujours en train de s\u2019activer pour renforcer l\u2019\u00e9quipe premi\u00e8re, et notamment le poste de gardien de but. Si plusieurs pistes, comme celles menant \u00e0 Marcin Bulka ou Djordje Petrovic, ont d\u00e9j\u00e0 \u00e9t\u00e9 \u00e9voqu\u00e9es, ce serait actuellement le turc Ugurcan \u00c7akir qui tiendrait la corde dans l\u2019esprit des d\u00e9cideurs de l\u2019ASM.<\/p>\n\n\n\n<p>Ces derniers auraient vu une premi\u00e8re offre, estim\u00e9e entre 9 et 10 millions d\u2019euros, rejet\u00e9e par Trabzonspor, o\u00f9 \u00e9volue le gardien de 29 ans, mais seraient pr\u00eats \u00e0 revenir \u00e0 la charge avec une offre de 13 millions d\u2019euros, comme \u00e9voqu\u00e9e par certains m\u00e9dias turcs. Un montant qui pourrait satisfaire le club de <em>S\u00fcper Lig<\/em>, m\u00eame si d\u2019autres sources \u00e9voquent des exigences situ\u00e9es \u00e0 15 millions d\u2019euros.<\/p>\n\n\n\n<p>Cette saison, \u00c7akir a jou\u00e9 43 matches et encaiss\u00e9 52 buts toutes comp\u00e9titions confondues. International turc, il compte 31 s\u00e9lections mais n&rsquo;a pas particip\u00e9 au dernier rassemblement de juin en raison d&rsquo;une blessure \u00e0 la hanche gauche contract\u00e9e d\u00e9but mai.<\/p>\n\n\n\n<p><strong>Actualisation :<\/strong> <em>L&rsquo;\u00c9quipe<\/em>, via son journaliste Lo\u00efc Tanzi, a d\u00e9menti que l&rsquo;ASM ait formul\u00e9 une offre pour \u00c7akir. Les dirigeants mon\u00e9gasques travailleraient sur une autre piste prioritaire, mais plus difficile \u00e0 r\u00e9aliser. Le nom n&rsquo;a pas \u00e9t\u00e9 r\u00e9v\u00e9l\u00e9.<\/p>\n","protected":false},"excerpt":{"rendered":"<p>L\u2019AS Monaco a \u00e9t\u00e9 r\u00e9guli\u00e8rement cit\u00e9e dans les m\u00e9dias pour ses transferts pour le centre de formation. Mais les dirigeants mon\u00e9gasques sont toujours en train de s\u2019activer pour renforcer l\u2019\u00e9quipe premi\u00e8re, et notamment le poste de gardien de but. Si plusieurs pistes, comme celles menant \u00e0 Marcin Bulka ou Djordje Petrovic, ont d\u00e9j\u00e0 \u00e9t\u00e9 \u00e9voqu\u00e9es, [&#8230;]\n","protected":false},"author":2,"featured_media":0,"comment_status":"open","ping_status":"open","sticky":false,"template":"","format":"standard","meta":[],"categories":[6,1086],"tags":[86,111,110,1055],"yoast_head":"<!-- This site is optimized with the Yoast SEO plugin v19.8 - https:\/\/yoast.com\/wordpress\/plugins\/seo\/ -->\n<title>Monaco insisterait pour \u00c7akir (Actualis\u00e9) - La Diagonale<\/title>\n<meta name=\"robots\" content=\"index, follow, max-snippet:-1, max-image-preview:large, max-video-preview:-1\" \/>\n<link rel=\"canonical\" href=\"https:\/\/www.ladiagonale.net\/index.php\/2025\/06\/13\/monaco-insisterait-pour-cakir\/\" \/>\n<meta property=\"og:locale\" content=\"fr_FR\" \/>\n<meta property=\"og:type\" content=\"article\" \/>\n<meta property=\"og:title\" content=\"Monaco insisterait pour \u00c7akir (Actualis\u00e9) - La Diagonale\" \/>\n<meta property=\"og:description\" content=\"L\u2019AS Monaco a \u00e9t\u00e9 r\u00e9guli\u00e8rement cit\u00e9e dans les m\u00e9dias pour ses transferts pour le centre de formation. Mais les dirigeants mon\u00e9gasques sont toujours en train de s\u2019activer pour renforcer l\u2019\u00e9quipe premi\u00e8re, et notamment le poste de gardien de but. Si plusieurs pistes, comme celles menant \u00e0 Marcin Bulka ou Djordje Petrovic, ont d\u00e9j\u00e0 \u00e9t\u00e9 \u00e9voqu\u00e9es, [...]\" \/>\n<meta property=\"og:url\" content=\"https:\/\/www.ladiagonale.net\/index.php\/2025\/06\/13\/monaco-insisterait-pour-cakir\/\" \/>\n<meta property=\"og:site_name\" content=\"La Diagonale\" \/>\n<meta property=\"article:published_time\" content=\"2025-06-13T12:28:26+00:00\" \/>\n<meta property=\"article:modified_time\" content=\"2025-07-08T00:09:52+00:00\" \/>\n<meta property=\"og:image\" content=\"https:\/\/www.ladiagonale.net\/wp-content\/uploads\/2025\/05\/c\u0327akir.png\" \/>\n\t<meta property=\"og:image:width\" content=\"1160\" \/>\n\t<meta property=\"og:image:height\" content=\"650\" \/>\n\t<meta property=\"og:image:type\" content=\"image\/png\" \/>\n<meta name=\"author\" content=\"Damien Dellerba\" \/>\n<meta name=\"twitter:card\" content=\"summary_large_image\" \/>\n<meta name=\"twitter:image\" content=\"https:\/\/www.ladiagonale.net\/wp-content\/uploads\/2025\/05\/c\u0327akir.png\" \/>\n<meta name=\"twitter:label1\" content=\"\u00c9crit par\" \/>\n\t<meta name=\"twitter:data1\" content=\"Damien Dellerba\" \/>\n<script type=\"application\/ld+json\" class=\"yoast-schema-graph\">{\"@context\":\"https:\/\/schema.org\",\"@graph\":[{\"@type\":\"WebPage\",\"@id\":\"https:\/\/www.ladiagonale.net\/index.php\/2025\/06\/13\/monaco-insisterait-pour-cakir\/\",\"url\":\"https:\/\/www.ladiagonale.net\/index.php\/2025\/06\/13\/monaco-insisterait-pour-cakir\/\",\"name\":\"Monaco insisterait pour \u00c7akir (Actualis\u00e9) - La Diagonale\",\"isPartOf\":{\"@id\":\"https:\/\/www.ladiagonale.net\/#website\"},\"datePublished\":\"2025-06-13T12:28:26+00:00\",\"dateModified\":\"2025-07-08T00:09:52+00:00\",\"author\":{\"@id\":\"https:\/\/www.ladiagonale.net\/#\/schema\/person\/79ff1e7b0853ed01b2aa26e64ad300bf\"},\"breadcrumb\":{\"@id\":\"https:\/\/www.ladiagonale.net\/index.php\/2025\/06\/13\/monaco-insisterait-pour-cakir\/#breadcrumb\"},\"inLanguage\":\"fr-FR\",\"potentialAction\":[{\"@type\":\"ReadAction\",\"target\":[\"https:\/\/www.ladiagonale.net\/index.php\/2025\/06\/13\/monaco-insisterait-pour-cakir\/\"]}]},{\"@type\":\"BreadcrumbList\",\"@id\":\"https:\/\/www.ladiagonale.net\/index.php\/2025\/06\/13\/monaco-insisterait-pour-cakir\/#breadcrumb\",\"itemListElement\":[{\"@type\":\"ListItem\",\"position\":1,\"name\":\"Accueil\",\"item\":\"https:\/\/www.ladiagonale.net\/\"},{\"@type\":\"ListItem\",\"position\":2,\"name\":\"Monaco insisterait pour \u00c7akir (Actualis\u00e9)\"}]},{\"@type\":\"WebSite\",\"@id\":\"https:\/\/www.ladiagonale.net\/#website\",\"url\":\"https:\/\/www.ladiagonale.net\/\",\"name\":\"La Diagonale\",\"description\":\"Le site des supporters de l&#039;AS Monaco FC\",\"potentialAction\":[{\"@type\":\"SearchAction\",\"target\":{\"@type\":\"EntryPoint\",\"urlTemplate\":\"https:\/\/www.ladiagonale.net\/?s={search_term_string}\"},\"query-input\":\"required name=search_term_string\"}],\"inLanguage\":\"fr-FR\"},{\"@type\":\"Person\",\"@id\":\"https:\/\/www.ladiagonale.net\/#\/schema\/person\/79ff1e7b0853ed01b2aa26e64ad300bf\",\"name\":\"Damien Dellerba\",\"image\":{\"@type\":\"ImageObject\",\"inLanguage\":\"fr-FR\",\"@id\":\"https:\/\/www.ladiagonale.net\/#\/schema\/person\/image\/\",\"url\":\"https:\/\/secure.gravatar.com\/avatar\/c7850e06d3ff63cdbaee88b7fc16e2f0?s=96&d=mm&r=g\",\"contentUrl\":\"https:\/\/secure.gravatar.com\/avatar\/c7850e06d3ff63cdbaee88b7fc16e2f0?s=96&d=mm&r=g\",\"caption\":\"Damien Dellerba\"},\"url\":\"https:\/\/www.ladiagonale.net\/index.php\/author\/damien\/\"}]}<\/script>\n<!-- \/ Yoast SEO plugin. -->","yoast_head_json":{"title":"Monaco insisterait pour \u00c7akir (Actualis\u00e9) - La Diagonale","robots":{"index":"index","follow":"follow","max-snippet":"max-snippet:-1","max-image-preview":"max-image-preview:large","max-video-preview":"max-video-preview:-1"},"canonical":"https:\/\/www.ladiagonale.net\/index.php\/2025\/06\/13\/monaco-insisterait-pour-cakir\/","og_locale":"fr_FR","og_type":"article","og_title":"Monaco insisterait pour \u00c7akir (Actualis\u00e9) - La Diagonale","og_description":"L\u2019AS Monaco a \u00e9t\u00e9 r\u00e9guli\u00e8rement cit\u00e9e dans les m\u00e9dias pour ses transferts pour le centre de formation. Mais les dirigeants mon\u00e9gasques sont toujours en train de s\u2019activer pour renforcer l\u2019\u00e9quipe premi\u00e8re, et notamment le poste de gardien de but. Si plusieurs pistes, comme celles menant \u00e0 Marcin Bulka ou Djordje Petrovic, ont d\u00e9j\u00e0 \u00e9t\u00e9 \u00e9voqu\u00e9es, [...]","og_url":"https:\/\/www.ladiagonale.net\/index.php\/2025\/06\/13\/monaco-insisterait-pour-cakir\/","og_site_name":"La Diagonale","article_published_time":"2025-06-13T12:28:26+00:00","article_modified_time":"2025-07-08T00:09:52+00:00","og_image":[{"width":1160,"height":650,"url":"https:\/\/www.ladiagonale.net\/wp-content\/uploads\/2025\/05\/c\u0327akir.png","type":"image\/png"}],"author":"Damien Dellerba","twitter_card":"summary_large_image","twitter_image":"https:\/\/www.ladiagonale.net\/wp-content\/uploads\/2025\/05\/c\u0327akir.png","twitter_misc":{"\u00c9crit par":"Damien Dellerba"},"schema":{"@context":"https:\/\/schema.org","@graph":[{"@type":"WebPage","@id":"https:\/\/www.ladiagonale.net\/index.php\/2025\/06\/13\/monaco-insisterait-pour-cakir\/","url":"https:\/\/www.ladiagonale.net\/index.php\/2025\/06\/13\/monaco-insisterait-pour-cakir\/","name":"Monaco insisterait pour \u00c7akir (Actualis\u00e9) - La Diagonale","isPartOf":{"@id":"https:\/\/www.ladiagonale.net\/#website"},"datePublished":"2025-06-13T12:28:26+00:00","dateModified":"2025-07-08T00:09:52+00:00","author":{"@id":"https:\/\/www.ladiagonale.net\/#\/schema\/person\/79ff1e7b0853ed01b2aa26e64ad300bf"},"breadcrumb":{"@id":"https:\/\/www.ladiagonale.net\/index.php\/2025\/06\/13\/monaco-insisterait-pour-cakir\/#breadcrumb"},"inLanguage":"fr-FR","potentialAction":[{"@type":"ReadAction","target":["https:\/\/www.ladiagonale.net\/index.php\/2025\/06\/13\/monaco-insisterait-pour-cakir\/"]}]},{"@type":"BreadcrumbList","@id":"https:\/\/www.ladiagonale.net\/index.php\/2025\/06\/13\/monaco-insisterait-pour-cakir\/#breadcrumb","itemListElement":[{"@type":"ListItem","position":1,"name":"Accueil","item":"https:\/\/www.ladiagonale.net\/"},{"@type":"ListItem","position":2,"name":"Monaco insisterait pour \u00c7akir (Actualis\u00e9)"}]},{"@type":"WebSite","@id":"https:\/\/www.ladiagonale.net\/#website","url":"https:\/\/www.ladiagonale.net\/","name":"La Diagonale","description":"Le site des supporters de l&#039;AS Monaco FC","potentialAction":[{"@type":"SearchAction","target":{"@type":"EntryPoint","urlTemplate":"https:\/\/www.ladiagonale.net\/?s={search_term_string}"},"query-input":"required name=search_term_string"}],"inLanguage":"fr-FR"},{"@type":"Person","@id":"https:\/\/www.ladiagonale.net\/#\/schema\/person\/79ff1e7b0853ed01b2aa26e64ad300bf","name":"Damien Dellerba","image":{"@type":"ImageObject","inLanguage":"fr-FR","@id":"https:\/\/www.ladiagonale.net\/#\/schema\/person\/image\/","url":"https:\/\/secure.gravatar.com\/avatar\/c7850e06d3ff63cdbaee88b7fc16e2f0?s=96&d=mm&r=g","contentUrl":"https:\/\/secure.gravatar.com\/avatar\/c7850e06d3ff63cdbaee88b7fc16e2f0?s=96&d=mm&r=g","caption":"Damien Dellerba"},"url":"https:\/\/www.ladiagonale.net\/index.php\/author\/damien\/"}]}},"_links":{"self":[{"href":"https:\/\/www.ladiagonale.net\/index.php\/wp-json\/wp\/v2\/posts\/31986"}],"collection":[{"href":"https:\/\/www.ladiagonale.net\/index.php\/wp-json\/wp\/v2\/posts"}],"about":[{"href":"https:\/\/www.ladiagonale.net\/index.php\/wp-json\/wp\/v2\/types\/post"}],"author":[{"embeddable":true,"href":"https:\/\/www.ladiagonale.net\/index.php\/wp-json\/wp\/v2\/users\/2"}],"replies":[{"embeddable":true,"href":"https:\/\/www.ladiagonale.net\/index.php\/wp-json\/wp\/v2\/comments?post=31986"}],"version-history":[{"count":3,"href":"https:\/\/www.ladiagonale.net\/index.php\/wp-json\/wp\/v2\/posts\/31986\/revisions"}],"predecessor-version":[{"id":31993,"href":"https:\/\/www.ladiagonale.net\/index.php\/wp-json\/wp\/v2\/posts\/31986\/revisions\/31993"}],"wp:attachment":[{"href":"https:\/\/www.ladiagonale.net\/index.php\/wp-json\/wp\/v2\/media?parent=31986"}],"wp:term":[{"taxonomy":"category","embeddable":true,"href":"https:\/\/www.ladiagonale.net\/index.php\/wp-json\/wp\/v2\/categories?post=31986"},{"taxonomy":"post_tag","embeddable":true,"href":"https:\/\/www.ladiagonale.net\/index.php\/wp-json\/wp\/v2\/tags?post=31986"}],"curies":[{"name":"wp","href":"https:\/\/api.w.org\/{rel}","templated":true}]}}