{"id":31988,"date":"2025-06-13T14:54:45","date_gmt":"2025-06-13T12:54:45","guid":{"rendered":"https:\/\/www.ladiagonale.net\/?p=31988"},"modified":"2025-07-08T02:09:52","modified_gmt":"2025-07-08T00:09:52","slug":"monaco-garderait-un-oeil-sur-leroux","status":"publish","type":"post","link":"https:\/\/www.ladiagonale.net\/index.php\/2025\/06\/13\/monaco-garderait-un-oeil-sur-leroux\/","title":{"rendered":"Monaco garderait un oeil sur Leroux"},"content":{"rendered":"\n\n\n<p>Dans une saison compliqu\u00e9e pour le FC Nantes, Louis Leroux (19 ans) s\u2019est r\u00e9v\u00e9l\u00e9 comme une belle surprise et l\u2019une des rares satisfactions. Et selon <em>L\u2019\u00c9quipe<\/em>, l\u2019AS Monaco serait int\u00e9ress\u00e9e par le profil du milieu de terrain, \u00e9galement capable d\u2019\u00e9voluer comme piston gauche. Malgr\u00e9 une supervision importante des matches du joueur form\u00e9 chez les Canaris, cet int\u00e9r\u00eat ne se serait pour l\u2019instant pas concr\u00e9tis\u00e9 et aucune offre n\u2019aurait \u00e9t\u00e9 formul\u00e9e.<\/p>\n\n\n\n<p>Lanc\u00e9 dans le grand bain par Antoine Kombouar\u00e9 au mois d&rsquo;ao\u00fbt, Leroux a jou\u00e9 18 rencontres dont 16 en Ligue 1. Il est sous contrat avec Nantes jusqu\u2019en 2028. Actuellement, il dispute le Tournoi Maurice-Revello avec l&rsquo;\u00e9quipe de France U20 en bonne compagnie, puisque quatre Mon\u00e9gasques (Michal, Bouabr\u00e9, Benama et Bamba) sont dans la s\u00e9lection.<\/p>\n","protected":false},"excerpt":{"rendered":"<p>Dans une saison compliqu\u00e9e pour le FC Nantes, Louis Leroux (19 ans) s\u2019est r\u00e9v\u00e9l\u00e9 comme une belle surprise et l\u2019une des rares satisfactions. Et selon L\u2019\u00c9quipe, l\u2019AS Monaco serait int\u00e9ress\u00e9e par le profil du milieu de terrain, \u00e9galement capable d\u2019\u00e9voluer comme piston gauche. Malgr\u00e9 une supervision importante des matches du joueur form\u00e9 chez les Canaris, [&#8230;]\n","protected":false},"author":2,"featured_media":0,"comment_status":"open","ping_status":"open","sticky":false,"template":"","format":"standard","meta":[],"categories":[6,1086],"tags":[86,1066,111,110],"yoast_head":"<!-- This site is optimized with the Yoast SEO plugin v19.8 - https:\/\/yoast.com\/wordpress\/plugins\/seo\/ -->\n<title>Monaco garderait un oeil sur Leroux - La Diagonale<\/title>\n<meta name=\"robots\" content=\"index, follow, max-snippet:-1, max-image-preview:large, max-video-preview:-1\" \/>\n<link rel=\"canonical\" href=\"https:\/\/www.ladiagonale.net\/index.php\/2025\/06\/13\/monaco-garderait-un-oeil-sur-leroux\/\" \/>\n<meta property=\"og:locale\" content=\"fr_FR\" \/>\n<meta property=\"og:type\" content=\"article\" \/>\n<meta property=\"og:title\" content=\"Monaco garderait un oeil sur Leroux - La Diagonale\" \/>\n<meta property=\"og:description\" content=\"Dans une saison compliqu\u00e9e pour le FC Nantes, Louis Leroux (19 ans) s\u2019est r\u00e9v\u00e9l\u00e9 comme une belle surprise et l\u2019une des rares satisfactions. Et selon L\u2019\u00c9quipe, l\u2019AS Monaco serait int\u00e9ress\u00e9e par le profil du milieu de terrain, \u00e9galement capable d\u2019\u00e9voluer comme piston gauche. Malgr\u00e9 une supervision importante des matches du joueur form\u00e9 chez les Canaris, [...]\" \/>\n<meta property=\"og:url\" content=\"https:\/\/www.ladiagonale.net\/index.php\/2025\/06\/13\/monaco-garderait-un-oeil-sur-leroux\/\" \/>\n<meta property=\"og:site_name\" content=\"La Diagonale\" \/>\n<meta property=\"article:published_time\" content=\"2025-06-13T12:54:45+00:00\" \/>\n<meta property=\"article:modified_time\" content=\"2025-07-08T00:09:52+00:00\" \/>\n<meta property=\"og:image\" content=\"https:\/\/www.ladiagonale.net\/wp-content\/uploads\/2025\/06\/Leroux.png\" \/>\n\t<meta property=\"og:image:width\" content=\"1160\" \/>\n\t<meta property=\"og:image:height\" content=\"650\" \/>\n\t<meta property=\"og:image:type\" content=\"image\/png\" \/>\n<meta name=\"author\" content=\"Damien Dellerba\" \/>\n<meta name=\"twitter:card\" content=\"summary_large_image\" \/>\n<meta name=\"twitter:image\" content=\"https:\/\/www.ladiagonale.net\/wp-content\/uploads\/2025\/06\/Leroux.png\" \/>\n<meta name=\"twitter:label1\" content=\"\u00c9crit par\" \/>\n\t<meta name=\"twitter:data1\" content=\"Damien Dellerba\" \/>\n\t<meta name=\"twitter:label2\" content=\"Dur\u00e9e de lecture estim\u00e9e\" \/>\n\t<meta name=\"twitter:data2\" content=\"1 minute\" \/>\n<script type=\"application\/ld+json\" class=\"yoast-schema-graph\">{\"@context\":\"https:\/\/schema.org\",\"@graph\":[{\"@type\":\"WebPage\",\"@id\":\"https:\/\/www.ladiagonale.net\/index.php\/2025\/06\/13\/monaco-garderait-un-oeil-sur-leroux\/\",\"url\":\"https:\/\/www.ladiagonale.net\/index.php\/2025\/06\/13\/monaco-garderait-un-oeil-sur-leroux\/\",\"name\":\"Monaco garderait un oeil sur Leroux - La Diagonale\",\"isPartOf\":{\"@id\":\"https:\/\/www.ladiagonale.net\/#website\"},\"datePublished\":\"2025-06-13T12:54:45+00:00\",\"dateModified\":\"2025-07-08T00:09:52+00:00\",\"author\":{\"@id\":\"https:\/\/www.ladiagonale.net\/#\/schema\/person\/79ff1e7b0853ed01b2aa26e64ad300bf\"},\"breadcrumb\":{\"@id\":\"https:\/\/www.ladiagonale.net\/index.php\/2025\/06\/13\/monaco-garderait-un-oeil-sur-leroux\/#breadcrumb\"},\"inLanguage\":\"fr-FR\",\"potentialAction\":[{\"@type\":\"ReadAction\",\"target\":[\"https:\/\/www.ladiagonale.net\/index.php\/2025\/06\/13\/monaco-garderait-un-oeil-sur-leroux\/\"]}]},{\"@type\":\"BreadcrumbList\",\"@id\":\"https:\/\/www.ladiagonale.net\/index.php\/2025\/06\/13\/monaco-garderait-un-oeil-sur-leroux\/#breadcrumb\",\"itemListElement\":[{\"@type\":\"ListItem\",\"position\":1,\"name\":\"Accueil\",\"item\":\"https:\/\/www.ladiagonale.net\/\"},{\"@type\":\"ListItem\",\"position\":2,\"name\":\"Monaco garderait un oeil sur Leroux\"}]},{\"@type\":\"WebSite\",\"@id\":\"https:\/\/www.ladiagonale.net\/#website\",\"url\":\"https:\/\/www.ladiagonale.net\/\",\"name\":\"La Diagonale\",\"description\":\"Le site des supporters de l&#039;AS Monaco FC\",\"potentialAction\":[{\"@type\":\"SearchAction\",\"target\":{\"@type\":\"EntryPoint\",\"urlTemplate\":\"https:\/\/www.ladiagonale.net\/?s={search_term_string}\"},\"query-input\":\"required name=search_term_string\"}],\"inLanguage\":\"fr-FR\"},{\"@type\":\"Person\",\"@id\":\"https:\/\/www.ladiagonale.net\/#\/schema\/person\/79ff1e7b0853ed01b2aa26e64ad300bf\",\"name\":\"Damien Dellerba\",\"image\":{\"@type\":\"ImageObject\",\"inLanguage\":\"fr-FR\",\"@id\":\"https:\/\/www.ladiagonale.net\/#\/schema\/person\/image\/\",\"url\":\"https:\/\/secure.gravatar.com\/avatar\/c7850e06d3ff63cdbaee88b7fc16e2f0?s=96&d=mm&r=g\",\"contentUrl\":\"https:\/\/secure.gravatar.com\/avatar\/c7850e06d3ff63cdbaee88b7fc16e2f0?s=96&d=mm&r=g\",\"caption\":\"Damien Dellerba\"},\"url\":\"https:\/\/www.ladiagonale.net\/index.php\/author\/damien\/\"}]}<\/script>\n<!-- \/ Yoast SEO plugin. -->","yoast_head_json":{"title":"Monaco garderait un oeil sur Leroux - La Diagonale","robots":{"index":"index","follow":"follow","max-snippet":"max-snippet:-1","max-image-preview":"max-image-preview:large","max-video-preview":"max-video-preview:-1"},"canonical":"https:\/\/www.ladiagonale.net\/index.php\/2025\/06\/13\/monaco-garderait-un-oeil-sur-leroux\/","og_locale":"fr_FR","og_type":"article","og_title":"Monaco garderait un oeil sur Leroux - La Diagonale","og_description":"Dans une saison compliqu\u00e9e pour le FC Nantes, Louis Leroux (19 ans) s\u2019est r\u00e9v\u00e9l\u00e9 comme une belle surprise et l\u2019une des rares satisfactions. Et selon L\u2019\u00c9quipe, l\u2019AS Monaco serait int\u00e9ress\u00e9e par le profil du milieu de terrain, \u00e9galement capable d\u2019\u00e9voluer comme piston gauche. Malgr\u00e9 une supervision importante des matches du joueur form\u00e9 chez les Canaris, [...]","og_url":"https:\/\/www.ladiagonale.net\/index.php\/2025\/06\/13\/monaco-garderait-un-oeil-sur-leroux\/","og_site_name":"La Diagonale","article_published_time":"2025-06-13T12:54:45+00:00","article_modified_time":"2025-07-08T00:09:52+00:00","og_image":[{"width":1160,"height":650,"url":"https:\/\/www.ladiagonale.net\/wp-content\/uploads\/2025\/06\/Leroux.png","type":"image\/png"}],"author":"Damien Dellerba","twitter_card":"summary_large_image","twitter_image":"https:\/\/www.ladiagonale.net\/wp-content\/uploads\/2025\/06\/Leroux.png","twitter_misc":{"\u00c9crit par":"Damien Dellerba","Dur\u00e9e de lecture estim\u00e9e":"1 minute"},"schema":{"@context":"https:\/\/schema.org","@graph":[{"@type":"WebPage","@id":"https:\/\/www.ladiagonale.net\/index.php\/2025\/06\/13\/monaco-garderait-un-oeil-sur-leroux\/","url":"https:\/\/www.ladiagonale.net\/index.php\/2025\/06\/13\/monaco-garderait-un-oeil-sur-leroux\/","name":"Monaco garderait un oeil sur Leroux - La Diagonale","isPartOf":{"@id":"https:\/\/www.ladiagonale.net\/#website"},"datePublished":"2025-06-13T12:54:45+00:00","dateModified":"2025-07-08T00:09:52+00:00","author":{"@id":"https:\/\/www.ladiagonale.net\/#\/schema\/person\/79ff1e7b0853ed01b2aa26e64ad300bf"},"breadcrumb":{"@id":"https:\/\/www.ladiagonale.net\/index.php\/2025\/06\/13\/monaco-garderait-un-oeil-sur-leroux\/#breadcrumb"},"inLanguage":"fr-FR","potentialAction":[{"@type":"ReadAction","target":["https:\/\/www.ladiagonale.net\/index.php\/2025\/06\/13\/monaco-garderait-un-oeil-sur-leroux\/"]}]},{"@type":"BreadcrumbList","@id":"https:\/\/www.ladiagonale.net\/index.php\/2025\/06\/13\/monaco-garderait-un-oeil-sur-leroux\/#breadcrumb","itemListElement":[{"@type":"ListItem","position":1,"name":"Accueil","item":"https:\/\/www.ladiagonale.net\/"},{"@type":"ListItem","position":2,"name":"Monaco garderait un oeil sur Leroux"}]},{"@type":"WebSite","@id":"https:\/\/www.ladiagonale.net\/#website","url":"https:\/\/www.ladiagonale.net\/","name":"La Diagonale","description":"Le site des supporters de l&#039;AS Monaco FC","potentialAction":[{"@type":"SearchAction","target":{"@type":"EntryPoint","urlTemplate":"https:\/\/www.ladiagonale.net\/?s={search_term_string}"},"query-input":"required name=search_term_string"}],"inLanguage":"fr-FR"},{"@type":"Person","@id":"https:\/\/www.ladiagonale.net\/#\/schema\/person\/79ff1e7b0853ed01b2aa26e64ad300bf","name":"Damien Dellerba","image":{"@type":"ImageObject","inLanguage":"fr-FR","@id":"https:\/\/www.ladiagonale.net\/#\/schema\/person\/image\/","url":"https:\/\/secure.gravatar.com\/avatar\/c7850e06d3ff63cdbaee88b7fc16e2f0?s=96&d=mm&r=g","contentUrl":"https:\/\/secure.gravatar.com\/avatar\/c7850e06d3ff63cdbaee88b7fc16e2f0?s=96&d=mm&r=g","caption":"Damien Dellerba"},"url":"https:\/\/www.ladiagonale.net\/index.php\/author\/damien\/"}]}},"_links":{"self":[{"href":"https:\/\/www.ladiagonale.net\/index.php\/wp-json\/wp\/v2\/posts\/31988"}],"collection":[{"href":"https:\/\/www.ladiagonale.net\/index.php\/wp-json\/wp\/v2\/posts"}],"about":[{"href":"https:\/\/www.ladiagonale.net\/index.php\/wp-json\/wp\/v2\/types\/post"}],"author":[{"embeddable":true,"href":"https:\/\/www.ladiagonale.net\/index.php\/wp-json\/wp\/v2\/users\/2"}],"replies":[{"embeddable":true,"href":"https:\/\/www.ladiagonale.net\/index.php\/wp-json\/wp\/v2\/comments?post=31988"}],"version-history":[{"count":1,"href":"https:\/\/www.ladiagonale.net\/index.php\/wp-json\/wp\/v2\/posts\/31988\/revisions"}],"predecessor-version":[{"id":31990,"href":"https:\/\/www.ladiagonale.net\/index.php\/wp-json\/wp\/v2\/posts\/31988\/revisions\/31990"}],"wp:attachment":[{"href":"https:\/\/www.ladiagonale.net\/index.php\/wp-json\/wp\/v2\/media?parent=31988"}],"wp:term":[{"taxonomy":"category","embeddable":true,"href":"https:\/\/www.ladiagonale.net\/index.php\/wp-json\/wp\/v2\/categories?post=31988"},{"taxonomy":"post_tag","embeddable":true,"href":"https:\/\/www.ladiagonale.net\/index.php\/wp-json\/wp\/v2\/tags?post=31988"}],"curies":[{"name":"wp","href":"https:\/\/api.w.org\/{rel}","templated":true}]}}