{"id":31994,"date":"2025-06-13T19:55:58","date_gmt":"2025-06-13T17:55:58","guid":{"rendered":"https:\/\/www.ladiagonale.net\/?p=31994"},"modified":"2025-07-08T02:09:52","modified_gmt":"2025-07-08T00:09:52","slug":"monaco-aurait-propose-un-contrat-a-pogba","status":"publish","type":"post","link":"https:\/\/www.ladiagonale.net\/index.php\/2025\/06\/13\/monaco-aurait-propose-un-contrat-a-pogba\/","title":{"rendered":"Monaco aurait propos\u00e9 un contrat \u00e0 Pogba"},"content":{"rendered":"\n<p>D\u00e9but juin, une rumeur <a href=\"https:\/\/www.ladiagonale.net\/index.php\/2025\/06\/04\/la-folle-rumeur-pogba\/\" target=\"_blank\" rel=\"noreferrer noopener\">concernant Paul Pogba<\/a> avait \u00e9t\u00e9 r\u00e9v\u00e9l\u00e9e et celle-ci prend de l\u2019ampleur. Alors que les services du champion du monde 2018 avaient \u00e9t\u00e9 propos\u00e9s \u00e0 l\u2019AS Monaco, le club de la Principaut\u00e9 aurait visiblement donn\u00e9 suite. D\u2019apr\u00e8s Gianluca Di Marzio, confirm\u00e9 par <em>L\u2019\u00c9quipe<\/em>, les dirigeants mon\u00e9gasques auraient propos\u00e9 un contrat de deux ans au milieu de terrain de 32 ans, et des discussions doivent se poursuivre au cours du week-end entre toutes les parties pour essayer de trouver un accord.<\/p>\n\n\n\n<p>Depuis le mois de d\u00e9cembre, Paul Pogba est libre de tout contrat apr\u00e8s sa r\u00e9siliation avec la Juventus. L\u2019ancien joueur de Manchester United avait \u00e9t\u00e9 \u00e9pingl\u00e9 pour dopage en ao\u00fbt 2023 et \u00e9cop\u00e9 d\u2019une suspension de quatre ans, finalement ramen\u00e9e \u00e0 18 mois. Le joueur a \u00e9t\u00e9 autoris\u00e9 \u00e0 rejouer en mars, mais son dernier match remonte au 3 septembre 2023.<\/p>\n\n\n","protected":false},"excerpt":{"rendered":"<p>D\u00e9but juin, une rumeur concernant Paul Pogba avait \u00e9t\u00e9 r\u00e9v\u00e9l\u00e9e et celle-ci prend de l\u2019ampleur. Alors que les services du champion du monde 2018 avaient \u00e9t\u00e9 propos\u00e9s \u00e0 l\u2019AS Monaco, le club de la Principaut\u00e9 aurait visiblement donn\u00e9 suite. D\u2019apr\u00e8s Gianluca Di Marzio, confirm\u00e9 par L\u2019\u00c9quipe, les dirigeants mon\u00e9gasques auraient propos\u00e9 un contrat de deux [&#8230;]\n","protected":false},"author":2,"featured_media":0,"comment_status":"open","ping_status":"open","sticky":false,"template":"","format":"standard","meta":[],"categories":[6,1086],"tags":[86,111,1057,110],"yoast_head":"<!-- This site is optimized with the Yoast SEO plugin v19.8 - https:\/\/yoast.com\/wordpress\/plugins\/seo\/ -->\n<title>Monaco aurait propos\u00e9 un contrat \u00e0 Pogba - La Diagonale<\/title>\n<meta name=\"robots\" content=\"index, follow, max-snippet:-1, max-image-preview:large, max-video-preview:-1\" \/>\n<link rel=\"canonical\" href=\"https:\/\/www.ladiagonale.net\/index.php\/2025\/06\/13\/monaco-aurait-propose-un-contrat-a-pogba\/\" \/>\n<meta property=\"og:locale\" content=\"fr_FR\" \/>\n<meta property=\"og:type\" content=\"article\" \/>\n<meta property=\"og:title\" content=\"Monaco aurait propos\u00e9 un contrat \u00e0 Pogba - La Diagonale\" \/>\n<meta property=\"og:description\" content=\"D\u00e9but juin, une rumeur concernant Paul Pogba avait \u00e9t\u00e9 r\u00e9v\u00e9l\u00e9e et celle-ci prend de l\u2019ampleur. Alors que les services du champion du monde 2018 avaient \u00e9t\u00e9 propos\u00e9s \u00e0 l\u2019AS Monaco, le club de la Principaut\u00e9 aurait visiblement donn\u00e9 suite. D\u2019apr\u00e8s Gianluca Di Marzio, confirm\u00e9 par L\u2019\u00c9quipe, les dirigeants mon\u00e9gasques auraient propos\u00e9 un contrat de deux [...]\" \/>\n<meta property=\"og:url\" content=\"https:\/\/www.ladiagonale.net\/index.php\/2025\/06\/13\/monaco-aurait-propose-un-contrat-a-pogba\/\" \/>\n<meta property=\"og:site_name\" content=\"La Diagonale\" \/>\n<meta property=\"article:published_time\" content=\"2025-06-13T17:55:58+00:00\" \/>\n<meta property=\"article:modified_time\" content=\"2025-07-08T00:09:52+00:00\" \/>\n<meta property=\"og:image\" content=\"https:\/\/www.ladiagonale.net\/wp-content\/uploads\/2025\/06\/pogba.png\" \/>\n\t<meta property=\"og:image:width\" content=\"1160\" \/>\n\t<meta property=\"og:image:height\" content=\"650\" \/>\n\t<meta property=\"og:image:type\" content=\"image\/png\" \/>\n<meta name=\"author\" content=\"Damien Dellerba\" \/>\n<meta name=\"twitter:card\" content=\"summary_large_image\" \/>\n<meta name=\"twitter:image\" content=\"https:\/\/www.ladiagonale.net\/wp-content\/uploads\/2025\/06\/pogba.png\" \/>\n<meta name=\"twitter:label1\" content=\"\u00c9crit par\" \/>\n\t<meta name=\"twitter:data1\" content=\"Damien Dellerba\" \/>\n\t<meta name=\"twitter:label2\" content=\"Dur\u00e9e de lecture estim\u00e9e\" \/>\n\t<meta name=\"twitter:data2\" content=\"1 minute\" \/>\n<script type=\"application\/ld+json\" class=\"yoast-schema-graph\">{\"@context\":\"https:\/\/schema.org\",\"@graph\":[{\"@type\":\"WebPage\",\"@id\":\"https:\/\/www.ladiagonale.net\/index.php\/2025\/06\/13\/monaco-aurait-propose-un-contrat-a-pogba\/\",\"url\":\"https:\/\/www.ladiagonale.net\/index.php\/2025\/06\/13\/monaco-aurait-propose-un-contrat-a-pogba\/\",\"name\":\"Monaco aurait propos\u00e9 un contrat \u00e0 Pogba - La Diagonale\",\"isPartOf\":{\"@id\":\"https:\/\/www.ladiagonale.net\/#website\"},\"datePublished\":\"2025-06-13T17:55:58+00:00\",\"dateModified\":\"2025-07-08T00:09:52+00:00\",\"author\":{\"@id\":\"https:\/\/www.ladiagonale.net\/#\/schema\/person\/79ff1e7b0853ed01b2aa26e64ad300bf\"},\"breadcrumb\":{\"@id\":\"https:\/\/www.ladiagonale.net\/index.php\/2025\/06\/13\/monaco-aurait-propose-un-contrat-a-pogba\/#breadcrumb\"},\"inLanguage\":\"fr-FR\",\"potentialAction\":[{\"@type\":\"ReadAction\",\"target\":[\"https:\/\/www.ladiagonale.net\/index.php\/2025\/06\/13\/monaco-aurait-propose-un-contrat-a-pogba\/\"]}]},{\"@type\":\"BreadcrumbList\",\"@id\":\"https:\/\/www.ladiagonale.net\/index.php\/2025\/06\/13\/monaco-aurait-propose-un-contrat-a-pogba\/#breadcrumb\",\"itemListElement\":[{\"@type\":\"ListItem\",\"position\":1,\"name\":\"Accueil\",\"item\":\"https:\/\/www.ladiagonale.net\/\"},{\"@type\":\"ListItem\",\"position\":2,\"name\":\"Monaco aurait propos\u00e9 un contrat \u00e0 Pogba\"}]},{\"@type\":\"WebSite\",\"@id\":\"https:\/\/www.ladiagonale.net\/#website\",\"url\":\"https:\/\/www.ladiagonale.net\/\",\"name\":\"La Diagonale\",\"description\":\"Le site des supporters de l&#039;AS Monaco FC\",\"potentialAction\":[{\"@type\":\"SearchAction\",\"target\":{\"@type\":\"EntryPoint\",\"urlTemplate\":\"https:\/\/www.ladiagonale.net\/?s={search_term_string}\"},\"query-input\":\"required name=search_term_string\"}],\"inLanguage\":\"fr-FR\"},{\"@type\":\"Person\",\"@id\":\"https:\/\/www.ladiagonale.net\/#\/schema\/person\/79ff1e7b0853ed01b2aa26e64ad300bf\",\"name\":\"Damien Dellerba\",\"image\":{\"@type\":\"ImageObject\",\"inLanguage\":\"fr-FR\",\"@id\":\"https:\/\/www.ladiagonale.net\/#\/schema\/person\/image\/\",\"url\":\"https:\/\/secure.gravatar.com\/avatar\/c7850e06d3ff63cdbaee88b7fc16e2f0?s=96&d=mm&r=g\",\"contentUrl\":\"https:\/\/secure.gravatar.com\/avatar\/c7850e06d3ff63cdbaee88b7fc16e2f0?s=96&d=mm&r=g\",\"caption\":\"Damien Dellerba\"},\"url\":\"https:\/\/www.ladiagonale.net\/index.php\/author\/damien\/\"}]}<\/script>\n<!-- \/ Yoast SEO plugin. -->","yoast_head_json":{"title":"Monaco aurait propos\u00e9 un contrat \u00e0 Pogba - La Diagonale","robots":{"index":"index","follow":"follow","max-snippet":"max-snippet:-1","max-image-preview":"max-image-preview:large","max-video-preview":"max-video-preview:-1"},"canonical":"https:\/\/www.ladiagonale.net\/index.php\/2025\/06\/13\/monaco-aurait-propose-un-contrat-a-pogba\/","og_locale":"fr_FR","og_type":"article","og_title":"Monaco aurait propos\u00e9 un contrat \u00e0 Pogba - La Diagonale","og_description":"D\u00e9but juin, une rumeur concernant Paul Pogba avait \u00e9t\u00e9 r\u00e9v\u00e9l\u00e9e et celle-ci prend de l\u2019ampleur. Alors que les services du champion du monde 2018 avaient \u00e9t\u00e9 propos\u00e9s \u00e0 l\u2019AS Monaco, le club de la Principaut\u00e9 aurait visiblement donn\u00e9 suite. D\u2019apr\u00e8s Gianluca Di Marzio, confirm\u00e9 par L\u2019\u00c9quipe, les dirigeants mon\u00e9gasques auraient propos\u00e9 un contrat de deux [...]","og_url":"https:\/\/www.ladiagonale.net\/index.php\/2025\/06\/13\/monaco-aurait-propose-un-contrat-a-pogba\/","og_site_name":"La Diagonale","article_published_time":"2025-06-13T17:55:58+00:00","article_modified_time":"2025-07-08T00:09:52+00:00","og_image":[{"width":1160,"height":650,"url":"https:\/\/www.ladiagonale.net\/wp-content\/uploads\/2025\/06\/pogba.png","type":"image\/png"}],"author":"Damien Dellerba","twitter_card":"summary_large_image","twitter_image":"https:\/\/www.ladiagonale.net\/wp-content\/uploads\/2025\/06\/pogba.png","twitter_misc":{"\u00c9crit par":"Damien Dellerba","Dur\u00e9e de lecture estim\u00e9e":"1 minute"},"schema":{"@context":"https:\/\/schema.org","@graph":[{"@type":"WebPage","@id":"https:\/\/www.ladiagonale.net\/index.php\/2025\/06\/13\/monaco-aurait-propose-un-contrat-a-pogba\/","url":"https:\/\/www.ladiagonale.net\/index.php\/2025\/06\/13\/monaco-aurait-propose-un-contrat-a-pogba\/","name":"Monaco aurait propos\u00e9 un contrat \u00e0 Pogba - La Diagonale","isPartOf":{"@id":"https:\/\/www.ladiagonale.net\/#website"},"datePublished":"2025-06-13T17:55:58+00:00","dateModified":"2025-07-08T00:09:52+00:00","author":{"@id":"https:\/\/www.ladiagonale.net\/#\/schema\/person\/79ff1e7b0853ed01b2aa26e64ad300bf"},"breadcrumb":{"@id":"https:\/\/www.ladiagonale.net\/index.php\/2025\/06\/13\/monaco-aurait-propose-un-contrat-a-pogba\/#breadcrumb"},"inLanguage":"fr-FR","potentialAction":[{"@type":"ReadAction","target":["https:\/\/www.ladiagonale.net\/index.php\/2025\/06\/13\/monaco-aurait-propose-un-contrat-a-pogba\/"]}]},{"@type":"BreadcrumbList","@id":"https:\/\/www.ladiagonale.net\/index.php\/2025\/06\/13\/monaco-aurait-propose-un-contrat-a-pogba\/#breadcrumb","itemListElement":[{"@type":"ListItem","position":1,"name":"Accueil","item":"https:\/\/www.ladiagonale.net\/"},{"@type":"ListItem","position":2,"name":"Monaco aurait propos\u00e9 un contrat \u00e0 Pogba"}]},{"@type":"WebSite","@id":"https:\/\/www.ladiagonale.net\/#website","url":"https:\/\/www.ladiagonale.net\/","name":"La Diagonale","description":"Le site des supporters de l&#039;AS Monaco FC","potentialAction":[{"@type":"SearchAction","target":{"@type":"EntryPoint","urlTemplate":"https:\/\/www.ladiagonale.net\/?s={search_term_string}"},"query-input":"required name=search_term_string"}],"inLanguage":"fr-FR"},{"@type":"Person","@id":"https:\/\/www.ladiagonale.net\/#\/schema\/person\/79ff1e7b0853ed01b2aa26e64ad300bf","name":"Damien Dellerba","image":{"@type":"ImageObject","inLanguage":"fr-FR","@id":"https:\/\/www.ladiagonale.net\/#\/schema\/person\/image\/","url":"https:\/\/secure.gravatar.com\/avatar\/c7850e06d3ff63cdbaee88b7fc16e2f0?s=96&d=mm&r=g","contentUrl":"https:\/\/secure.gravatar.com\/avatar\/c7850e06d3ff63cdbaee88b7fc16e2f0?s=96&d=mm&r=g","caption":"Damien Dellerba"},"url":"https:\/\/www.ladiagonale.net\/index.php\/author\/damien\/"}]}},"_links":{"self":[{"href":"https:\/\/www.ladiagonale.net\/index.php\/wp-json\/wp\/v2\/posts\/31994"}],"collection":[{"href":"https:\/\/www.ladiagonale.net\/index.php\/wp-json\/wp\/v2\/posts"}],"about":[{"href":"https:\/\/www.ladiagonale.net\/index.php\/wp-json\/wp\/v2\/types\/post"}],"author":[{"embeddable":true,"href":"https:\/\/www.ladiagonale.net\/index.php\/wp-json\/wp\/v2\/users\/2"}],"replies":[{"embeddable":true,"href":"https:\/\/www.ladiagonale.net\/index.php\/wp-json\/wp\/v2\/comments?post=31994"}],"version-history":[{"count":1,"href":"https:\/\/www.ladiagonale.net\/index.php\/wp-json\/wp\/v2\/posts\/31994\/revisions"}],"predecessor-version":[{"id":31995,"href":"https:\/\/www.ladiagonale.net\/index.php\/wp-json\/wp\/v2\/posts\/31994\/revisions\/31995"}],"wp:attachment":[{"href":"https:\/\/www.ladiagonale.net\/index.php\/wp-json\/wp\/v2\/media?parent=31994"}],"wp:term":[{"taxonomy":"category","embeddable":true,"href":"https:\/\/www.ladiagonale.net\/index.php\/wp-json\/wp\/v2\/categories?post=31994"},{"taxonomy":"post_tag","embeddable":true,"href":"https:\/\/www.ladiagonale.net\/index.php\/wp-json\/wp\/v2\/tags?post=31994"}],"curies":[{"name":"wp","href":"https:\/\/api.w.org\/{rel}","templated":true}]}}