{"id":32012,"date":"2025-06-15T13:35:26","date_gmt":"2025-06-15T11:35:26","guid":{"rendered":"https:\/\/www.ladiagonale.net\/?p=32012"},"modified":"2025-06-15T13:35:27","modified_gmt":"2025-06-15T11:35:27","slug":"brunner-et-lallemagne-chutent-lourdement-a-leuro-u19","status":"publish","type":"post","link":"https:\/\/www.ladiagonale.net\/index.php\/2025\/06\/15\/brunner-et-lallemagne-chutent-lourdement-a-leuro-u19\/","title":{"rendered":"Brunner et l\u2019Allemagne chutent lourdement \u00e0 l\u2019Euro U19"},"content":{"rendered":"\n\n\n<p>Champion du monde et champion d\u2019Europe U17, la g\u00e9n\u00e9ration 2006 allemande compte parmi les favoris pour l\u2019Euro U19. Mais Paris Brunner et ses co\u00e9quipiers sont tomb\u00e9s de haut lors de leur entr\u00e9e en mati\u00e8re, corrig\u00e9s par les Pays-Bas (0-3) pour le premier match de la phase de groupes. Brunner a jou\u00e9 toute la rencontre comme ailier.<\/p>\n\n\n\n<p>Les Allemands vont vite devoir se ressaisir au prochain match. Mardi (19h), ils affronteront l\u2019Angleterre, qui a sign\u00e9 un match nul (2-2) contre la Norv\u00e8ge.<\/p>\n\n\n\n<p>Du c\u00f4t\u00e9 de l\u2019Euro Espoirs, Soungoutou Magassa et Christian Mawissa doivent se contenter du statut de rempla\u00e7ant. Magassa a jou\u00e9 deux minutes lors du premier match contre le Portugal (0-0) mais n\u2019est pas entr\u00e9 en jeu lors de la victoire miraculeuse face \u00e0 la G\u00e9orgie (3-2), samedi soir. Mawissa est rest\u00e9 sur le banc lors des deux matches.<\/p>\n\n\n\n<p>Les Bleuets sont 2<sup>es<\/sup> de leur groupe et comptent 4 points, comme le Portugal. Le dernier match les opposera \u00e0 la Pologne, mardi (18h).<\/p>\n","protected":false},"excerpt":{"rendered":"<p>Champion du monde et champion d\u2019Europe U17, la g\u00e9n\u00e9ration 2006 allemande compte parmi les favoris pour l\u2019Euro U19. Mais Paris Brunner et ses co\u00e9quipiers sont tomb\u00e9s de haut lors de leur entr\u00e9e en mati\u00e8re, corrig\u00e9s par les Pays-Bas (0-3) pour le premier match de la phase de groupes. Brunner a jou\u00e9 toute la rencontre comme [&#8230;]\n","protected":false},"author":2,"featured_media":0,"comment_status":"open","ping_status":"open","sticky":false,"template":"","format":"standard","meta":[],"categories":[6],"tags":[1049,86,826,311,577,852,898,116,147],"yoast_head":"<!-- This site is optimized with the Yoast SEO plugin v19.8 - https:\/\/yoast.com\/wordpress\/plugins\/seo\/ -->\n<title>Brunner et l\u2019Allemagne chutent lourdement \u00e0 l\u2019Euro U19 - La Diagonale<\/title>\n<meta name=\"robots\" content=\"index, follow, max-snippet:-1, max-image-preview:large, max-video-preview:-1\" \/>\n<link rel=\"canonical\" href=\"https:\/\/www.ladiagonale.net\/index.php\/2025\/06\/15\/brunner-et-lallemagne-chutent-lourdement-a-leuro-u19\/\" \/>\n<meta property=\"og:locale\" content=\"fr_FR\" \/>\n<meta property=\"og:type\" content=\"article\" \/>\n<meta property=\"og:title\" content=\"Brunner et l\u2019Allemagne chutent lourdement \u00e0 l\u2019Euro U19 - La Diagonale\" \/>\n<meta property=\"og:description\" content=\"Champion du monde et champion d\u2019Europe U17, la g\u00e9n\u00e9ration 2006 allemande compte parmi les favoris pour l\u2019Euro U19. Mais Paris Brunner et ses co\u00e9quipiers sont tomb\u00e9s de haut lors de leur entr\u00e9e en mati\u00e8re, corrig\u00e9s par les Pays-Bas (0-3) pour le premier match de la phase de groupes. Brunner a jou\u00e9 toute la rencontre comme [...]\" \/>\n<meta property=\"og:url\" content=\"https:\/\/www.ladiagonale.net\/index.php\/2025\/06\/15\/brunner-et-lallemagne-chutent-lourdement-a-leuro-u19\/\" \/>\n<meta property=\"og:site_name\" content=\"La Diagonale\" \/>\n<meta property=\"article:published_time\" content=\"2025-06-15T11:35:26+00:00\" \/>\n<meta property=\"article:modified_time\" content=\"2025-06-15T11:35:27+00:00\" \/>\n<meta property=\"og:image\" content=\"https:\/\/www.ladiagonale.net\/wp-content\/uploads\/2025\/06\/brunner-allemagne2.png\" \/>\n\t<meta property=\"og:image:width\" content=\"1160\" \/>\n\t<meta property=\"og:image:height\" content=\"650\" \/>\n\t<meta property=\"og:image:type\" content=\"image\/png\" \/>\n<meta name=\"author\" content=\"Damien Dellerba\" \/>\n<meta name=\"twitter:card\" content=\"summary_large_image\" \/>\n<meta name=\"twitter:image\" content=\"https:\/\/www.ladiagonale.net\/wp-content\/uploads\/2025\/06\/brunner-allemagne2.png\" \/>\n<meta name=\"twitter:label1\" content=\"\u00c9crit par\" \/>\n\t<meta name=\"twitter:data1\" content=\"Damien Dellerba\" \/>\n\t<meta name=\"twitter:label2\" content=\"Dur\u00e9e de lecture estim\u00e9e\" \/>\n\t<meta name=\"twitter:data2\" content=\"1 minute\" \/>\n<script type=\"application\/ld+json\" class=\"yoast-schema-graph\">{\"@context\":\"https:\/\/schema.org\",\"@graph\":[{\"@type\":\"WebPage\",\"@id\":\"https:\/\/www.ladiagonale.net\/index.php\/2025\/06\/15\/brunner-et-lallemagne-chutent-lourdement-a-leuro-u19\/\",\"url\":\"https:\/\/www.ladiagonale.net\/index.php\/2025\/06\/15\/brunner-et-lallemagne-chutent-lourdement-a-leuro-u19\/\",\"name\":\"Brunner et l\u2019Allemagne chutent lourdement \u00e0 l\u2019Euro U19 - La Diagonale\",\"isPartOf\":{\"@id\":\"https:\/\/www.ladiagonale.net\/#website\"},\"datePublished\":\"2025-06-15T11:35:26+00:00\",\"dateModified\":\"2025-06-15T11:35:27+00:00\",\"author\":{\"@id\":\"https:\/\/www.ladiagonale.net\/#\/schema\/person\/79ff1e7b0853ed01b2aa26e64ad300bf\"},\"breadcrumb\":{\"@id\":\"https:\/\/www.ladiagonale.net\/index.php\/2025\/06\/15\/brunner-et-lallemagne-chutent-lourdement-a-leuro-u19\/#breadcrumb\"},\"inLanguage\":\"fr-FR\",\"potentialAction\":[{\"@type\":\"ReadAction\",\"target\":[\"https:\/\/www.ladiagonale.net\/index.php\/2025\/06\/15\/brunner-et-lallemagne-chutent-lourdement-a-leuro-u19\/\"]}]},{\"@type\":\"BreadcrumbList\",\"@id\":\"https:\/\/www.ladiagonale.net\/index.php\/2025\/06\/15\/brunner-et-lallemagne-chutent-lourdement-a-leuro-u19\/#breadcrumb\",\"itemListElement\":[{\"@type\":\"ListItem\",\"position\":1,\"name\":\"Accueil\",\"item\":\"https:\/\/www.ladiagonale.net\/\"},{\"@type\":\"ListItem\",\"position\":2,\"name\":\"Brunner et l\u2019Allemagne chutent lourdement \u00e0 l\u2019Euro U19\"}]},{\"@type\":\"WebSite\",\"@id\":\"https:\/\/www.ladiagonale.net\/#website\",\"url\":\"https:\/\/www.ladiagonale.net\/\",\"name\":\"La Diagonale\",\"description\":\"Le site des supporters de l&#039;AS Monaco FC\",\"potentialAction\":[{\"@type\":\"SearchAction\",\"target\":{\"@type\":\"EntryPoint\",\"urlTemplate\":\"https:\/\/www.ladiagonale.net\/?s={search_term_string}\"},\"query-input\":\"required name=search_term_string\"}],\"inLanguage\":\"fr-FR\"},{\"@type\":\"Person\",\"@id\":\"https:\/\/www.ladiagonale.net\/#\/schema\/person\/79ff1e7b0853ed01b2aa26e64ad300bf\",\"name\":\"Damien Dellerba\",\"image\":{\"@type\":\"ImageObject\",\"inLanguage\":\"fr-FR\",\"@id\":\"https:\/\/www.ladiagonale.net\/#\/schema\/person\/image\/\",\"url\":\"https:\/\/secure.gravatar.com\/avatar\/c7850e06d3ff63cdbaee88b7fc16e2f0?s=96&d=mm&r=g\",\"contentUrl\":\"https:\/\/secure.gravatar.com\/avatar\/c7850e06d3ff63cdbaee88b7fc16e2f0?s=96&d=mm&r=g\",\"caption\":\"Damien Dellerba\"},\"url\":\"https:\/\/www.ladiagonale.net\/index.php\/author\/damien\/\"}]}<\/script>\n<!-- \/ Yoast SEO plugin. -->","yoast_head_json":{"title":"Brunner et l\u2019Allemagne chutent lourdement \u00e0 l\u2019Euro U19 - La Diagonale","robots":{"index":"index","follow":"follow","max-snippet":"max-snippet:-1","max-image-preview":"max-image-preview:large","max-video-preview":"max-video-preview:-1"},"canonical":"https:\/\/www.ladiagonale.net\/index.php\/2025\/06\/15\/brunner-et-lallemagne-chutent-lourdement-a-leuro-u19\/","og_locale":"fr_FR","og_type":"article","og_title":"Brunner et l\u2019Allemagne chutent lourdement \u00e0 l\u2019Euro U19 - La Diagonale","og_description":"Champion du monde et champion d\u2019Europe U17, la g\u00e9n\u00e9ration 2006 allemande compte parmi les favoris pour l\u2019Euro U19. Mais Paris Brunner et ses co\u00e9quipiers sont tomb\u00e9s de haut lors de leur entr\u00e9e en mati\u00e8re, corrig\u00e9s par les Pays-Bas (0-3) pour le premier match de la phase de groupes. Brunner a jou\u00e9 toute la rencontre comme [...]","og_url":"https:\/\/www.ladiagonale.net\/index.php\/2025\/06\/15\/brunner-et-lallemagne-chutent-lourdement-a-leuro-u19\/","og_site_name":"La Diagonale","article_published_time":"2025-06-15T11:35:26+00:00","article_modified_time":"2025-06-15T11:35:27+00:00","og_image":[{"width":1160,"height":650,"url":"https:\/\/www.ladiagonale.net\/wp-content\/uploads\/2025\/06\/brunner-allemagne2.png","type":"image\/png"}],"author":"Damien Dellerba","twitter_card":"summary_large_image","twitter_image":"https:\/\/www.ladiagonale.net\/wp-content\/uploads\/2025\/06\/brunner-allemagne2.png","twitter_misc":{"\u00c9crit par":"Damien Dellerba","Dur\u00e9e de lecture estim\u00e9e":"1 minute"},"schema":{"@context":"https:\/\/schema.org","@graph":[{"@type":"WebPage","@id":"https:\/\/www.ladiagonale.net\/index.php\/2025\/06\/15\/brunner-et-lallemagne-chutent-lourdement-a-leuro-u19\/","url":"https:\/\/www.ladiagonale.net\/index.php\/2025\/06\/15\/brunner-et-lallemagne-chutent-lourdement-a-leuro-u19\/","name":"Brunner et l\u2019Allemagne chutent lourdement \u00e0 l\u2019Euro U19 - La Diagonale","isPartOf":{"@id":"https:\/\/www.ladiagonale.net\/#website"},"datePublished":"2025-06-15T11:35:26+00:00","dateModified":"2025-06-15T11:35:27+00:00","author":{"@id":"https:\/\/www.ladiagonale.net\/#\/schema\/person\/79ff1e7b0853ed01b2aa26e64ad300bf"},"breadcrumb":{"@id":"https:\/\/www.ladiagonale.net\/index.php\/2025\/06\/15\/brunner-et-lallemagne-chutent-lourdement-a-leuro-u19\/#breadcrumb"},"inLanguage":"fr-FR","potentialAction":[{"@type":"ReadAction","target":["https:\/\/www.ladiagonale.net\/index.php\/2025\/06\/15\/brunner-et-lallemagne-chutent-lourdement-a-leuro-u19\/"]}]},{"@type":"BreadcrumbList","@id":"https:\/\/www.ladiagonale.net\/index.php\/2025\/06\/15\/brunner-et-lallemagne-chutent-lourdement-a-leuro-u19\/#breadcrumb","itemListElement":[{"@type":"ListItem","position":1,"name":"Accueil","item":"https:\/\/www.ladiagonale.net\/"},{"@type":"ListItem","position":2,"name":"Brunner et l\u2019Allemagne chutent lourdement \u00e0 l\u2019Euro U19"}]},{"@type":"WebSite","@id":"https:\/\/www.ladiagonale.net\/#website","url":"https:\/\/www.ladiagonale.net\/","name":"La Diagonale","description":"Le site des supporters de l&#039;AS Monaco FC","potentialAction":[{"@type":"SearchAction","target":{"@type":"EntryPoint","urlTemplate":"https:\/\/www.ladiagonale.net\/?s={search_term_string}"},"query-input":"required name=search_term_string"}],"inLanguage":"fr-FR"},{"@type":"Person","@id":"https:\/\/www.ladiagonale.net\/#\/schema\/person\/79ff1e7b0853ed01b2aa26e64ad300bf","name":"Damien Dellerba","image":{"@type":"ImageObject","inLanguage":"fr-FR","@id":"https:\/\/www.ladiagonale.net\/#\/schema\/person\/image\/","url":"https:\/\/secure.gravatar.com\/avatar\/c7850e06d3ff63cdbaee88b7fc16e2f0?s=96&d=mm&r=g","contentUrl":"https:\/\/secure.gravatar.com\/avatar\/c7850e06d3ff63cdbaee88b7fc16e2f0?s=96&d=mm&r=g","caption":"Damien Dellerba"},"url":"https:\/\/www.ladiagonale.net\/index.php\/author\/damien\/"}]}},"_links":{"self":[{"href":"https:\/\/www.ladiagonale.net\/index.php\/wp-json\/wp\/v2\/posts\/32012"}],"collection":[{"href":"https:\/\/www.ladiagonale.net\/index.php\/wp-json\/wp\/v2\/posts"}],"about":[{"href":"https:\/\/www.ladiagonale.net\/index.php\/wp-json\/wp\/v2\/types\/post"}],"author":[{"embeddable":true,"href":"https:\/\/www.ladiagonale.net\/index.php\/wp-json\/wp\/v2\/users\/2"}],"replies":[{"embeddable":true,"href":"https:\/\/www.ladiagonale.net\/index.php\/wp-json\/wp\/v2\/comments?post=32012"}],"version-history":[{"count":1,"href":"https:\/\/www.ladiagonale.net\/index.php\/wp-json\/wp\/v2\/posts\/32012\/revisions"}],"predecessor-version":[{"id":32014,"href":"https:\/\/www.ladiagonale.net\/index.php\/wp-json\/wp\/v2\/posts\/32012\/revisions\/32014"}],"wp:attachment":[{"href":"https:\/\/www.ladiagonale.net\/index.php\/wp-json\/wp\/v2\/media?parent=32012"}],"wp:term":[{"taxonomy":"category","embeddable":true,"href":"https:\/\/www.ladiagonale.net\/index.php\/wp-json\/wp\/v2\/categories?post=32012"},{"taxonomy":"post_tag","embeddable":true,"href":"https:\/\/www.ladiagonale.net\/index.php\/wp-json\/wp\/v2\/tags?post=32012"}],"curies":[{"name":"wp","href":"https:\/\/api.w.org\/{rel}","templated":true}]}}