{"id":32068,"date":"2025-06-22T11:37:05","date_gmt":"2025-06-22T09:37:05","guid":{"rendered":"https:\/\/www.ladiagonale.net\/?p=32068"},"modified":"2025-07-08T02:09:09","modified_gmt":"2025-07-08T00:09:09","slug":"le-dossier-fati-au-point-mort","status":"publish","type":"post","link":"https:\/\/www.ladiagonale.net\/index.php\/2025\/06\/22\/le-dossier-fati-au-point-mort\/","title":{"rendered":"Le dossier Fati au point mort ?"},"content":{"rendered":"\n\n\n<p>Alors qu\u2019elle semblait en tr\u00e8s bonne voie, l\u2019arriv\u00e9e en pr\u00eat avec option d&rsquo;achat d\u2019Ansu Fati \u00e0 l\u2019AS Monaco serait en r\u00e9alit\u00e9 loin d&rsquo;\u00eatre conclue. Depuis quelques semaines, les tractations entre le club mon\u00e9gasque et le FC Barcelone feraient du surplace. Une information donn\u00e9e dans un premier temps par <em>L&rsquo;\u00c9quipe<\/em>, mais qui a \u00e9galement re\u00e7u un \u00e9cho du c\u00f4t\u00e9 du quotidien madril\u00e8ne <em>AS<\/em>, \u00e9voquant des n\u00e9gociations qui s\u2019enlisent.<\/p>\n\n\n\n<p>Les deux clubs ne seraient pas d&rsquo;accord sur les modalit\u00e9s pour la venue de Fati, surtout que les dirigeants catalans, devant le besoin de liquidit\u00e9s pour boucler l&rsquo;arriv\u00e9e de Nico Williams, voudraient d\u00e9sormais un transfert ou un pr\u00eat avec une prise en charge int\u00e9grale du salaire. Les \u00e9moluments de Fati, sup\u00e9rieurs \u00e0 12 millions d&rsquo;euros, seraient bien trop importants pour l&rsquo;ASM, qui n&rsquo;accepterait que d&rsquo;en payer une partie.<\/p>\n\n\n\n<p>Dans des propos rapport\u00e9s par Fabrizio Romano, Deco, le Directeur sportif des <em>Blaugranas<\/em>, a pr\u00e9cis\u00e9 que si le joueur de 23 ans partait, ce serait en pr\u00eat. Fati serait quant \u00e0 lui emball\u00e9 \u00e0 l&rsquo;id\u00e9e d&rsquo;\u00e9voluer sur le Rocher.<\/p>\n","protected":false},"excerpt":{"rendered":"<p>Alors qu\u2019elle semblait en tr\u00e8s bonne voie, l\u2019arriv\u00e9e en pr\u00eat avec option d&rsquo;achat d\u2019Ansu Fati \u00e0 l\u2019AS Monaco serait en r\u00e9alit\u00e9 loin d&rsquo;\u00eatre conclue. Depuis quelques semaines, les tractations entre le club mon\u00e9gasque et le FC Barcelone feraient du surplace. Une information donn\u00e9e dans un premier temps par L&rsquo;\u00c9quipe, mais qui a \u00e9galement re\u00e7u un [&#8230;]\n","protected":false},"author":2,"featured_media":0,"comment_status":"open","ping_status":"open","sticky":false,"template":"","format":"standard","meta":[],"categories":[6,1086],"tags":[1048,86,111,110],"yoast_head":"<!-- This site is optimized with the Yoast SEO plugin v19.8 - https:\/\/yoast.com\/wordpress\/plugins\/seo\/ -->\n<title>Le dossier Fati au point mort ? - La Diagonale<\/title>\n<meta name=\"robots\" content=\"index, follow, max-snippet:-1, max-image-preview:large, max-video-preview:-1\" \/>\n<link rel=\"canonical\" href=\"https:\/\/www.ladiagonale.net\/index.php\/2025\/06\/22\/le-dossier-fati-au-point-mort\/\" \/>\n<meta property=\"og:locale\" content=\"fr_FR\" \/>\n<meta property=\"og:type\" content=\"article\" \/>\n<meta property=\"og:title\" content=\"Le dossier Fati au point mort ? - La Diagonale\" \/>\n<meta property=\"og:description\" content=\"Alors qu\u2019elle semblait en tr\u00e8s bonne voie, l\u2019arriv\u00e9e en pr\u00eat avec option d&rsquo;achat d\u2019Ansu Fati \u00e0 l\u2019AS Monaco serait en r\u00e9alit\u00e9 loin d&rsquo;\u00eatre conclue. Depuis quelques semaines, les tractations entre le club mon\u00e9gasque et le FC Barcelone feraient du surplace. Une information donn\u00e9e dans un premier temps par L&rsquo;\u00c9quipe, mais qui a \u00e9galement re\u00e7u un [...]\" \/>\n<meta property=\"og:url\" content=\"https:\/\/www.ladiagonale.net\/index.php\/2025\/06\/22\/le-dossier-fati-au-point-mort\/\" \/>\n<meta property=\"og:site_name\" content=\"La Diagonale\" \/>\n<meta property=\"article:published_time\" content=\"2025-06-22T09:37:05+00:00\" \/>\n<meta property=\"article:modified_time\" content=\"2025-07-08T00:09:09+00:00\" \/>\n<meta property=\"og:image\" content=\"https:\/\/www.ladiagonale.net\/wp-content\/uploads\/2024\/09\/Fati.png\" \/>\n\t<meta property=\"og:image:width\" content=\"1160\" \/>\n\t<meta property=\"og:image:height\" content=\"650\" \/>\n\t<meta property=\"og:image:type\" content=\"image\/png\" \/>\n<meta name=\"author\" content=\"Damien Dellerba\" \/>\n<meta name=\"twitter:card\" content=\"summary_large_image\" \/>\n<meta name=\"twitter:image\" content=\"https:\/\/www.ladiagonale.net\/wp-content\/uploads\/2024\/09\/Fati.png\" \/>\n<meta name=\"twitter:label1\" content=\"\u00c9crit par\" \/>\n\t<meta name=\"twitter:data1\" content=\"Damien Dellerba\" \/>\n\t<meta name=\"twitter:label2\" content=\"Dur\u00e9e de lecture estim\u00e9e\" \/>\n\t<meta name=\"twitter:data2\" content=\"1 minute\" \/>\n<script type=\"application\/ld+json\" class=\"yoast-schema-graph\">{\"@context\":\"https:\/\/schema.org\",\"@graph\":[{\"@type\":\"WebPage\",\"@id\":\"https:\/\/www.ladiagonale.net\/index.php\/2025\/06\/22\/le-dossier-fati-au-point-mort\/\",\"url\":\"https:\/\/www.ladiagonale.net\/index.php\/2025\/06\/22\/le-dossier-fati-au-point-mort\/\",\"name\":\"Le dossier Fati au point mort ? - La Diagonale\",\"isPartOf\":{\"@id\":\"https:\/\/www.ladiagonale.net\/#website\"},\"datePublished\":\"2025-06-22T09:37:05+00:00\",\"dateModified\":\"2025-07-08T00:09:09+00:00\",\"author\":{\"@id\":\"https:\/\/www.ladiagonale.net\/#\/schema\/person\/79ff1e7b0853ed01b2aa26e64ad300bf\"},\"breadcrumb\":{\"@id\":\"https:\/\/www.ladiagonale.net\/index.php\/2025\/06\/22\/le-dossier-fati-au-point-mort\/#breadcrumb\"},\"inLanguage\":\"fr-FR\",\"potentialAction\":[{\"@type\":\"ReadAction\",\"target\":[\"https:\/\/www.ladiagonale.net\/index.php\/2025\/06\/22\/le-dossier-fati-au-point-mort\/\"]}]},{\"@type\":\"BreadcrumbList\",\"@id\":\"https:\/\/www.ladiagonale.net\/index.php\/2025\/06\/22\/le-dossier-fati-au-point-mort\/#breadcrumb\",\"itemListElement\":[{\"@type\":\"ListItem\",\"position\":1,\"name\":\"Accueil\",\"item\":\"https:\/\/www.ladiagonale.net\/\"},{\"@type\":\"ListItem\",\"position\":2,\"name\":\"Le dossier Fati au point mort ?\"}]},{\"@type\":\"WebSite\",\"@id\":\"https:\/\/www.ladiagonale.net\/#website\",\"url\":\"https:\/\/www.ladiagonale.net\/\",\"name\":\"La Diagonale\",\"description\":\"Le site des supporters de l&#039;AS Monaco FC\",\"potentialAction\":[{\"@type\":\"SearchAction\",\"target\":{\"@type\":\"EntryPoint\",\"urlTemplate\":\"https:\/\/www.ladiagonale.net\/?s={search_term_string}\"},\"query-input\":\"required name=search_term_string\"}],\"inLanguage\":\"fr-FR\"},{\"@type\":\"Person\",\"@id\":\"https:\/\/www.ladiagonale.net\/#\/schema\/person\/79ff1e7b0853ed01b2aa26e64ad300bf\",\"name\":\"Damien Dellerba\",\"image\":{\"@type\":\"ImageObject\",\"inLanguage\":\"fr-FR\",\"@id\":\"https:\/\/www.ladiagonale.net\/#\/schema\/person\/image\/\",\"url\":\"https:\/\/secure.gravatar.com\/avatar\/c7850e06d3ff63cdbaee88b7fc16e2f0?s=96&d=mm&r=g\",\"contentUrl\":\"https:\/\/secure.gravatar.com\/avatar\/c7850e06d3ff63cdbaee88b7fc16e2f0?s=96&d=mm&r=g\",\"caption\":\"Damien Dellerba\"},\"url\":\"https:\/\/www.ladiagonale.net\/index.php\/author\/damien\/\"}]}<\/script>\n<!-- \/ Yoast SEO plugin. -->","yoast_head_json":{"title":"Le dossier Fati au point mort ? - La Diagonale","robots":{"index":"index","follow":"follow","max-snippet":"max-snippet:-1","max-image-preview":"max-image-preview:large","max-video-preview":"max-video-preview:-1"},"canonical":"https:\/\/www.ladiagonale.net\/index.php\/2025\/06\/22\/le-dossier-fati-au-point-mort\/","og_locale":"fr_FR","og_type":"article","og_title":"Le dossier Fati au point mort ? - La Diagonale","og_description":"Alors qu\u2019elle semblait en tr\u00e8s bonne voie, l\u2019arriv\u00e9e en pr\u00eat avec option d&rsquo;achat d\u2019Ansu Fati \u00e0 l\u2019AS Monaco serait en r\u00e9alit\u00e9 loin d&rsquo;\u00eatre conclue. Depuis quelques semaines, les tractations entre le club mon\u00e9gasque et le FC Barcelone feraient du surplace. Une information donn\u00e9e dans un premier temps par L&rsquo;\u00c9quipe, mais qui a \u00e9galement re\u00e7u un [...]","og_url":"https:\/\/www.ladiagonale.net\/index.php\/2025\/06\/22\/le-dossier-fati-au-point-mort\/","og_site_name":"La Diagonale","article_published_time":"2025-06-22T09:37:05+00:00","article_modified_time":"2025-07-08T00:09:09+00:00","og_image":[{"width":1160,"height":650,"url":"https:\/\/www.ladiagonale.net\/wp-content\/uploads\/2024\/09\/Fati.png","type":"image\/png"}],"author":"Damien Dellerba","twitter_card":"summary_large_image","twitter_image":"https:\/\/www.ladiagonale.net\/wp-content\/uploads\/2024\/09\/Fati.png","twitter_misc":{"\u00c9crit par":"Damien Dellerba","Dur\u00e9e de lecture estim\u00e9e":"1 minute"},"schema":{"@context":"https:\/\/schema.org","@graph":[{"@type":"WebPage","@id":"https:\/\/www.ladiagonale.net\/index.php\/2025\/06\/22\/le-dossier-fati-au-point-mort\/","url":"https:\/\/www.ladiagonale.net\/index.php\/2025\/06\/22\/le-dossier-fati-au-point-mort\/","name":"Le dossier Fati au point mort ? - La Diagonale","isPartOf":{"@id":"https:\/\/www.ladiagonale.net\/#website"},"datePublished":"2025-06-22T09:37:05+00:00","dateModified":"2025-07-08T00:09:09+00:00","author":{"@id":"https:\/\/www.ladiagonale.net\/#\/schema\/person\/79ff1e7b0853ed01b2aa26e64ad300bf"},"breadcrumb":{"@id":"https:\/\/www.ladiagonale.net\/index.php\/2025\/06\/22\/le-dossier-fati-au-point-mort\/#breadcrumb"},"inLanguage":"fr-FR","potentialAction":[{"@type":"ReadAction","target":["https:\/\/www.ladiagonale.net\/index.php\/2025\/06\/22\/le-dossier-fati-au-point-mort\/"]}]},{"@type":"BreadcrumbList","@id":"https:\/\/www.ladiagonale.net\/index.php\/2025\/06\/22\/le-dossier-fati-au-point-mort\/#breadcrumb","itemListElement":[{"@type":"ListItem","position":1,"name":"Accueil","item":"https:\/\/www.ladiagonale.net\/"},{"@type":"ListItem","position":2,"name":"Le dossier Fati au point mort ?"}]},{"@type":"WebSite","@id":"https:\/\/www.ladiagonale.net\/#website","url":"https:\/\/www.ladiagonale.net\/","name":"La Diagonale","description":"Le site des supporters de l&#039;AS Monaco FC","potentialAction":[{"@type":"SearchAction","target":{"@type":"EntryPoint","urlTemplate":"https:\/\/www.ladiagonale.net\/?s={search_term_string}"},"query-input":"required name=search_term_string"}],"inLanguage":"fr-FR"},{"@type":"Person","@id":"https:\/\/www.ladiagonale.net\/#\/schema\/person\/79ff1e7b0853ed01b2aa26e64ad300bf","name":"Damien Dellerba","image":{"@type":"ImageObject","inLanguage":"fr-FR","@id":"https:\/\/www.ladiagonale.net\/#\/schema\/person\/image\/","url":"https:\/\/secure.gravatar.com\/avatar\/c7850e06d3ff63cdbaee88b7fc16e2f0?s=96&d=mm&r=g","contentUrl":"https:\/\/secure.gravatar.com\/avatar\/c7850e06d3ff63cdbaee88b7fc16e2f0?s=96&d=mm&r=g","caption":"Damien Dellerba"},"url":"https:\/\/www.ladiagonale.net\/index.php\/author\/damien\/"}]}},"_links":{"self":[{"href":"https:\/\/www.ladiagonale.net\/index.php\/wp-json\/wp\/v2\/posts\/32068"}],"collection":[{"href":"https:\/\/www.ladiagonale.net\/index.php\/wp-json\/wp\/v2\/posts"}],"about":[{"href":"https:\/\/www.ladiagonale.net\/index.php\/wp-json\/wp\/v2\/types\/post"}],"author":[{"embeddable":true,"href":"https:\/\/www.ladiagonale.net\/index.php\/wp-json\/wp\/v2\/users\/2"}],"replies":[{"embeddable":true,"href":"https:\/\/www.ladiagonale.net\/index.php\/wp-json\/wp\/v2\/comments?post=32068"}],"version-history":[{"count":4,"href":"https:\/\/www.ladiagonale.net\/index.php\/wp-json\/wp\/v2\/posts\/32068\/revisions"}],"predecessor-version":[{"id":32087,"href":"https:\/\/www.ladiagonale.net\/index.php\/wp-json\/wp\/v2\/posts\/32068\/revisions\/32087"}],"wp:attachment":[{"href":"https:\/\/www.ladiagonale.net\/index.php\/wp-json\/wp\/v2\/media?parent=32068"}],"wp:term":[{"taxonomy":"category","embeddable":true,"href":"https:\/\/www.ladiagonale.net\/index.php\/wp-json\/wp\/v2\/categories?post=32068"},{"taxonomy":"post_tag","embeddable":true,"href":"https:\/\/www.ladiagonale.net\/index.php\/wp-json\/wp\/v2\/tags?post=32068"}],"curies":[{"name":"wp","href":"https:\/\/api.w.org\/{rel}","templated":true}]}}