{"id":32153,"date":"2025-06-25T00:41:03","date_gmt":"2025-06-24T22:41:03","guid":{"rendered":"https:\/\/www.ladiagonale.net\/?p=32153"},"modified":"2025-07-08T02:09:08","modified_gmt":"2025-07-08T00:09:08","slug":"monaco-suivrait-un-lateral-gauche-de-17-ans","status":"publish","type":"post","link":"https:\/\/www.ladiagonale.net\/index.php\/2025\/06\/25\/monaco-suivrait-un-lateral-gauche-de-17-ans\/","title":{"rendered":"Monaco suivrait un lat\u00e9ral gauche de 17 ans"},"content":{"rendered":"\n<p>Si l\u2019AS Monaco a d\u00e9j\u00e0 annonc\u00e9 la venue de <a href=\"https:\/\/www.ladiagonale.net\/index.php\/2025\/06\/13\/officiel-soubeir-bamba-et-haddani-signent-a-lasm\/\" target=\"_blank\" rel=\"noreferrer noopener\">quatre recrues<\/a> \u00e0 destination de son Academy, les grandes man\u0153uvres ne seraient pas encore forc\u00e9ment termin\u00e9es. Le club de la Principaut\u00e9, qui devrait <a href=\"https:\/\/www.ladiagonale.net\/index.php\/2025\/06\/25\/konate-vers-un-pret-au-cercle-bruges\/\" target=\"_blank\" rel=\"noreferrer noopener\">pr\u00eater Valy Konat\u00e9 au Cercle Bruges<\/a> la saison prochaine, aurait en effet des vues sur un lat\u00e9ral gauche de 17 ans qui \u00e9volue au Paris FC, F\u00e9lix Bienck, Selon <em>L\u2019\u00c9quipe<\/em>, qui a r\u00e9v\u00e9l\u00e9 l\u2019information, le joueur serait cependant plus proche de l\u2019Olympique de Marseille que du Rocher, et aurait \u00e9t\u00e9 convaincu par le projet phoc\u00e9en.<\/p>\n\n\n\n<p>International fran\u00e7ais U17 (9 s\u00e9lections), Bienck pourrait \u00e9galement jouer en d\u00e9fense centrale. Cette saison, il a \u00e9volu\u00e9 avec les U19 du PFC et disput\u00e9 21 rencontres de championnat.<\/p>\n\n\n","protected":false},"excerpt":{"rendered":"<p>Si l\u2019AS Monaco a d\u00e9j\u00e0 annonc\u00e9 la venue de quatre recrues \u00e0 destination de son Academy, les grandes man\u0153uvres ne seraient pas encore forc\u00e9ment termin\u00e9es. Le club de la Principaut\u00e9, qui devrait pr\u00eater Valy Konat\u00e9 au Cercle Bruges la saison prochaine, aurait en effet des vues sur un lat\u00e9ral gauche de 17 ans qui \u00e9volue [&#8230;]\n","protected":false},"author":2,"featured_media":0,"comment_status":"open","ping_status":"open","sticky":false,"template":"","format":"standard","meta":[],"categories":[6,1086],"tags":[76,86,1071,111,110],"yoast_head":"<!-- This site is optimized with the Yoast SEO plugin v19.8 - https:\/\/yoast.com\/wordpress\/plugins\/seo\/ -->\n<title>Monaco suivrait un lat\u00e9ral gauche de 17 ans - La Diagonale<\/title>\n<meta name=\"robots\" content=\"index, follow, max-snippet:-1, max-image-preview:large, max-video-preview:-1\" \/>\n<link rel=\"canonical\" href=\"https:\/\/www.ladiagonale.net\/index.php\/2025\/06\/25\/monaco-suivrait-un-lateral-gauche-de-17-ans\/\" \/>\n<meta property=\"og:locale\" content=\"fr_FR\" \/>\n<meta property=\"og:type\" content=\"article\" \/>\n<meta property=\"og:title\" content=\"Monaco suivrait un lat\u00e9ral gauche de 17 ans - La Diagonale\" \/>\n<meta property=\"og:description\" content=\"Si l\u2019AS Monaco a d\u00e9j\u00e0 annonc\u00e9 la venue de quatre recrues \u00e0 destination de son Academy, les grandes man\u0153uvres ne seraient pas encore forc\u00e9ment termin\u00e9es. Le club de la Principaut\u00e9, qui devrait pr\u00eater Valy Konat\u00e9 au Cercle Bruges la saison prochaine, aurait en effet des vues sur un lat\u00e9ral gauche de 17 ans qui \u00e9volue [...]\" \/>\n<meta property=\"og:url\" content=\"https:\/\/www.ladiagonale.net\/index.php\/2025\/06\/25\/monaco-suivrait-un-lateral-gauche-de-17-ans\/\" \/>\n<meta property=\"og:site_name\" content=\"La Diagonale\" \/>\n<meta property=\"article:published_time\" content=\"2025-06-24T22:41:03+00:00\" \/>\n<meta property=\"article:modified_time\" content=\"2025-07-08T00:09:08+00:00\" \/>\n<meta property=\"og:image\" content=\"https:\/\/www.ladiagonale.net\/wp-content\/uploads\/2025\/06\/Bienck.png\" \/>\n\t<meta property=\"og:image:width\" content=\"1160\" \/>\n\t<meta property=\"og:image:height\" content=\"650\" \/>\n\t<meta property=\"og:image:type\" content=\"image\/png\" \/>\n<meta name=\"author\" content=\"Damien Dellerba\" \/>\n<meta name=\"twitter:card\" content=\"summary_large_image\" \/>\n<meta name=\"twitter:image\" content=\"https:\/\/www.ladiagonale.net\/wp-content\/uploads\/2025\/06\/Bienck.png\" \/>\n<meta name=\"twitter:label1\" content=\"\u00c9crit par\" \/>\n\t<meta name=\"twitter:data1\" content=\"Damien Dellerba\" \/>\n\t<meta name=\"twitter:label2\" content=\"Dur\u00e9e de lecture estim\u00e9e\" \/>\n\t<meta name=\"twitter:data2\" content=\"1 minute\" \/>\n<script type=\"application\/ld+json\" class=\"yoast-schema-graph\">{\"@context\":\"https:\/\/schema.org\",\"@graph\":[{\"@type\":\"WebPage\",\"@id\":\"https:\/\/www.ladiagonale.net\/index.php\/2025\/06\/25\/monaco-suivrait-un-lateral-gauche-de-17-ans\/\",\"url\":\"https:\/\/www.ladiagonale.net\/index.php\/2025\/06\/25\/monaco-suivrait-un-lateral-gauche-de-17-ans\/\",\"name\":\"Monaco suivrait un lat\u00e9ral gauche de 17 ans - La Diagonale\",\"isPartOf\":{\"@id\":\"https:\/\/www.ladiagonale.net\/#website\"},\"datePublished\":\"2025-06-24T22:41:03+00:00\",\"dateModified\":\"2025-07-08T00:09:08+00:00\",\"author\":{\"@id\":\"https:\/\/www.ladiagonale.net\/#\/schema\/person\/79ff1e7b0853ed01b2aa26e64ad300bf\"},\"breadcrumb\":{\"@id\":\"https:\/\/www.ladiagonale.net\/index.php\/2025\/06\/25\/monaco-suivrait-un-lateral-gauche-de-17-ans\/#breadcrumb\"},\"inLanguage\":\"fr-FR\",\"potentialAction\":[{\"@type\":\"ReadAction\",\"target\":[\"https:\/\/www.ladiagonale.net\/index.php\/2025\/06\/25\/monaco-suivrait-un-lateral-gauche-de-17-ans\/\"]}]},{\"@type\":\"BreadcrumbList\",\"@id\":\"https:\/\/www.ladiagonale.net\/index.php\/2025\/06\/25\/monaco-suivrait-un-lateral-gauche-de-17-ans\/#breadcrumb\",\"itemListElement\":[{\"@type\":\"ListItem\",\"position\":1,\"name\":\"Accueil\",\"item\":\"https:\/\/www.ladiagonale.net\/\"},{\"@type\":\"ListItem\",\"position\":2,\"name\":\"Monaco suivrait un lat\u00e9ral gauche de 17 ans\"}]},{\"@type\":\"WebSite\",\"@id\":\"https:\/\/www.ladiagonale.net\/#website\",\"url\":\"https:\/\/www.ladiagonale.net\/\",\"name\":\"La Diagonale\",\"description\":\"Le site des supporters de l&#039;AS Monaco FC\",\"potentialAction\":[{\"@type\":\"SearchAction\",\"target\":{\"@type\":\"EntryPoint\",\"urlTemplate\":\"https:\/\/www.ladiagonale.net\/?s={search_term_string}\"},\"query-input\":\"required name=search_term_string\"}],\"inLanguage\":\"fr-FR\"},{\"@type\":\"Person\",\"@id\":\"https:\/\/www.ladiagonale.net\/#\/schema\/person\/79ff1e7b0853ed01b2aa26e64ad300bf\",\"name\":\"Damien Dellerba\",\"image\":{\"@type\":\"ImageObject\",\"inLanguage\":\"fr-FR\",\"@id\":\"https:\/\/www.ladiagonale.net\/#\/schema\/person\/image\/\",\"url\":\"https:\/\/secure.gravatar.com\/avatar\/c7850e06d3ff63cdbaee88b7fc16e2f0?s=96&d=mm&r=g\",\"contentUrl\":\"https:\/\/secure.gravatar.com\/avatar\/c7850e06d3ff63cdbaee88b7fc16e2f0?s=96&d=mm&r=g\",\"caption\":\"Damien Dellerba\"},\"url\":\"https:\/\/www.ladiagonale.net\/index.php\/author\/damien\/\"}]}<\/script>\n<!-- \/ Yoast SEO plugin. -->","yoast_head_json":{"title":"Monaco suivrait un lat\u00e9ral gauche de 17 ans - La Diagonale","robots":{"index":"index","follow":"follow","max-snippet":"max-snippet:-1","max-image-preview":"max-image-preview:large","max-video-preview":"max-video-preview:-1"},"canonical":"https:\/\/www.ladiagonale.net\/index.php\/2025\/06\/25\/monaco-suivrait-un-lateral-gauche-de-17-ans\/","og_locale":"fr_FR","og_type":"article","og_title":"Monaco suivrait un lat\u00e9ral gauche de 17 ans - La Diagonale","og_description":"Si l\u2019AS Monaco a d\u00e9j\u00e0 annonc\u00e9 la venue de quatre recrues \u00e0 destination de son Academy, les grandes man\u0153uvres ne seraient pas encore forc\u00e9ment termin\u00e9es. Le club de la Principaut\u00e9, qui devrait pr\u00eater Valy Konat\u00e9 au Cercle Bruges la saison prochaine, aurait en effet des vues sur un lat\u00e9ral gauche de 17 ans qui \u00e9volue [...]","og_url":"https:\/\/www.ladiagonale.net\/index.php\/2025\/06\/25\/monaco-suivrait-un-lateral-gauche-de-17-ans\/","og_site_name":"La Diagonale","article_published_time":"2025-06-24T22:41:03+00:00","article_modified_time":"2025-07-08T00:09:08+00:00","og_image":[{"width":1160,"height":650,"url":"https:\/\/www.ladiagonale.net\/wp-content\/uploads\/2025\/06\/Bienck.png","type":"image\/png"}],"author":"Damien Dellerba","twitter_card":"summary_large_image","twitter_image":"https:\/\/www.ladiagonale.net\/wp-content\/uploads\/2025\/06\/Bienck.png","twitter_misc":{"\u00c9crit par":"Damien Dellerba","Dur\u00e9e de lecture estim\u00e9e":"1 minute"},"schema":{"@context":"https:\/\/schema.org","@graph":[{"@type":"WebPage","@id":"https:\/\/www.ladiagonale.net\/index.php\/2025\/06\/25\/monaco-suivrait-un-lateral-gauche-de-17-ans\/","url":"https:\/\/www.ladiagonale.net\/index.php\/2025\/06\/25\/monaco-suivrait-un-lateral-gauche-de-17-ans\/","name":"Monaco suivrait un lat\u00e9ral gauche de 17 ans - La Diagonale","isPartOf":{"@id":"https:\/\/www.ladiagonale.net\/#website"},"datePublished":"2025-06-24T22:41:03+00:00","dateModified":"2025-07-08T00:09:08+00:00","author":{"@id":"https:\/\/www.ladiagonale.net\/#\/schema\/person\/79ff1e7b0853ed01b2aa26e64ad300bf"},"breadcrumb":{"@id":"https:\/\/www.ladiagonale.net\/index.php\/2025\/06\/25\/monaco-suivrait-un-lateral-gauche-de-17-ans\/#breadcrumb"},"inLanguage":"fr-FR","potentialAction":[{"@type":"ReadAction","target":["https:\/\/www.ladiagonale.net\/index.php\/2025\/06\/25\/monaco-suivrait-un-lateral-gauche-de-17-ans\/"]}]},{"@type":"BreadcrumbList","@id":"https:\/\/www.ladiagonale.net\/index.php\/2025\/06\/25\/monaco-suivrait-un-lateral-gauche-de-17-ans\/#breadcrumb","itemListElement":[{"@type":"ListItem","position":1,"name":"Accueil","item":"https:\/\/www.ladiagonale.net\/"},{"@type":"ListItem","position":2,"name":"Monaco suivrait un lat\u00e9ral gauche de 17 ans"}]},{"@type":"WebSite","@id":"https:\/\/www.ladiagonale.net\/#website","url":"https:\/\/www.ladiagonale.net\/","name":"La Diagonale","description":"Le site des supporters de l&#039;AS Monaco FC","potentialAction":[{"@type":"SearchAction","target":{"@type":"EntryPoint","urlTemplate":"https:\/\/www.ladiagonale.net\/?s={search_term_string}"},"query-input":"required name=search_term_string"}],"inLanguage":"fr-FR"},{"@type":"Person","@id":"https:\/\/www.ladiagonale.net\/#\/schema\/person\/79ff1e7b0853ed01b2aa26e64ad300bf","name":"Damien Dellerba","image":{"@type":"ImageObject","inLanguage":"fr-FR","@id":"https:\/\/www.ladiagonale.net\/#\/schema\/person\/image\/","url":"https:\/\/secure.gravatar.com\/avatar\/c7850e06d3ff63cdbaee88b7fc16e2f0?s=96&d=mm&r=g","contentUrl":"https:\/\/secure.gravatar.com\/avatar\/c7850e06d3ff63cdbaee88b7fc16e2f0?s=96&d=mm&r=g","caption":"Damien Dellerba"},"url":"https:\/\/www.ladiagonale.net\/index.php\/author\/damien\/"}]}},"_links":{"self":[{"href":"https:\/\/www.ladiagonale.net\/index.php\/wp-json\/wp\/v2\/posts\/32153"}],"collection":[{"href":"https:\/\/www.ladiagonale.net\/index.php\/wp-json\/wp\/v2\/posts"}],"about":[{"href":"https:\/\/www.ladiagonale.net\/index.php\/wp-json\/wp\/v2\/types\/post"}],"author":[{"embeddable":true,"href":"https:\/\/www.ladiagonale.net\/index.php\/wp-json\/wp\/v2\/users\/2"}],"replies":[{"embeddable":true,"href":"https:\/\/www.ladiagonale.net\/index.php\/wp-json\/wp\/v2\/comments?post=32153"}],"version-history":[{"count":1,"href":"https:\/\/www.ladiagonale.net\/index.php\/wp-json\/wp\/v2\/posts\/32153\/revisions"}],"predecessor-version":[{"id":32155,"href":"https:\/\/www.ladiagonale.net\/index.php\/wp-json\/wp\/v2\/posts\/32153\/revisions\/32155"}],"wp:attachment":[{"href":"https:\/\/www.ladiagonale.net\/index.php\/wp-json\/wp\/v2\/media?parent=32153"}],"wp:term":[{"taxonomy":"category","embeddable":true,"href":"https:\/\/www.ladiagonale.net\/index.php\/wp-json\/wp\/v2\/categories?post=32153"},{"taxonomy":"post_tag","embeddable":true,"href":"https:\/\/www.ladiagonale.net\/index.php\/wp-json\/wp\/v2\/tags?post=32153"}],"curies":[{"name":"wp","href":"https:\/\/api.w.org\/{rel}","templated":true}]}}