{"id":32556,"date":"2025-07-15T11:33:13","date_gmt":"2025-07-15T09:33:13","guid":{"rendered":"https:\/\/www.ladiagonale.net\/?p=32556"},"modified":"2025-07-16T00:32:07","modified_gmt":"2025-07-15T22:32:07","slug":"des-contacts-entre-embolo-et-lac-milan","status":"publish","type":"post","link":"https:\/\/www.ladiagonale.net\/index.php\/2025\/07\/15\/des-contacts-entre-embolo-et-lac-milan\/","title":{"rendered":"Des contacts entre Embolo et l&rsquo;AC Milan ?"},"content":{"rendered":"\n\n\n<p>Breel Embolo est d\u00e9sormais dans sa derni\u00e8re ann\u00e9e de contrat avec l&rsquo;AS Monaco. Selon les indiscr\u00e9tions de la presse ces derniers mois, l&rsquo;heure <a href=\"https:\/\/www.ladiagonale.net\/index.php\/2025\/05\/21\/embolo-ne-devrait-pas-etre-prolonge\/\" target=\"_blank\" rel=\"noreferrer noopener\">ne semblait pas \u00e0 une prolongation<\/a>, ce qui fait de l&rsquo;attaquant suisse un candidat au d\u00e9part. Si celui-ci ne semble pas avoir une envie d\u00e9mesur\u00e9e de s&rsquo;en aller, il existerait d\u00e9sormais des contacts avec l&rsquo;AC Milan, d&rsquo;apr\u00e8s Gianluca Di Marzio, puisque le club lombard chercherait un attaquant. Jusqu&rsquo;\u00e0 pr\u00e9sent, seuls de vagues int\u00e9r\u00eats venant de Turquie avaient \u00e9t\u00e9 \u00e9voqu\u00e9s.<\/p>\n\n\n\n<p>\u00c0 28 ans, Embolo sort d&rsquo;un exercice plus que mitig\u00e9 o\u00f9 il a inscrit sept buts et sign\u00e9 sept passes d\u00e9cisives en 42 rencontres. Il reste toutefois un des piliers d&rsquo;Adi H\u00fctter. Vendredi dernier, il \u00e9tait notamment titulaire pour le premier match amical de la saison contre le Cercle Bruges (1-0), align\u00e9 en pointe au c\u00f4t\u00e9 de Mika Biereth, comme en fin de saison derni\u00e8re.<\/p>\n","protected":false},"excerpt":{"rendered":"<p>Breel Embolo est d\u00e9sormais dans sa derni\u00e8re ann\u00e9e de contrat avec l&rsquo;AS Monaco. Selon les indiscr\u00e9tions de la presse ces derniers mois, l&rsquo;heure ne semblait pas \u00e0 une prolongation, ce qui fait de l&rsquo;attaquant suisse un candidat au d\u00e9part. Si celui-ci ne semble pas avoir une envie d\u00e9mesur\u00e9e de s&rsquo;en aller, il existerait d\u00e9sormais des [&#8230;]\n","protected":false},"author":2,"featured_media":0,"comment_status":"open","ping_status":"open","sticky":false,"template":"","format":"standard","meta":[],"categories":[6,1086],"tags":[86,161,111,110],"yoast_head":"<!-- This site is optimized with the Yoast SEO plugin v19.8 - https:\/\/yoast.com\/wordpress\/plugins\/seo\/ -->\n<title>Des contacts entre Embolo et l&#039;AC Milan ? - La Diagonale<\/title>\n<meta name=\"robots\" content=\"index, follow, max-snippet:-1, max-image-preview:large, max-video-preview:-1\" \/>\n<link rel=\"canonical\" href=\"https:\/\/www.ladiagonale.net\/index.php\/2025\/07\/15\/des-contacts-entre-embolo-et-lac-milan\/\" \/>\n<meta property=\"og:locale\" content=\"fr_FR\" \/>\n<meta property=\"og:type\" content=\"article\" \/>\n<meta property=\"og:title\" content=\"Des contacts entre Embolo et l&#039;AC Milan ? - La Diagonale\" \/>\n<meta property=\"og:description\" content=\"Breel Embolo est d\u00e9sormais dans sa derni\u00e8re ann\u00e9e de contrat avec l&rsquo;AS Monaco. Selon les indiscr\u00e9tions de la presse ces derniers mois, l&rsquo;heure ne semblait pas \u00e0 une prolongation, ce qui fait de l&rsquo;attaquant suisse un candidat au d\u00e9part. Si celui-ci ne semble pas avoir une envie d\u00e9mesur\u00e9e de s&rsquo;en aller, il existerait d\u00e9sormais des [...]\" \/>\n<meta property=\"og:url\" content=\"https:\/\/www.ladiagonale.net\/index.php\/2025\/07\/15\/des-contacts-entre-embolo-et-lac-milan\/\" \/>\n<meta property=\"og:site_name\" content=\"La Diagonale\" \/>\n<meta property=\"article:published_time\" content=\"2025-07-15T09:33:13+00:00\" \/>\n<meta property=\"article:modified_time\" content=\"2025-07-15T22:32:07+00:00\" \/>\n<meta property=\"og:image\" content=\"https:\/\/www.ladiagonale.net\/wp-content\/uploads\/2024\/09\/Embolo2425.png\" \/>\n\t<meta property=\"og:image:width\" content=\"1160\" \/>\n\t<meta property=\"og:image:height\" content=\"650\" \/>\n\t<meta property=\"og:image:type\" content=\"image\/png\" \/>\n<meta name=\"author\" content=\"Damien Dellerba\" \/>\n<meta name=\"twitter:card\" content=\"summary_large_image\" \/>\n<meta name=\"twitter:image\" content=\"https:\/\/www.ladiagonale.net\/wp-content\/uploads\/2024\/09\/Embolo2425.png\" \/>\n<meta name=\"twitter:label1\" content=\"\u00c9crit par\" \/>\n\t<meta name=\"twitter:data1\" content=\"Damien Dellerba\" \/>\n\t<meta name=\"twitter:label2\" content=\"Dur\u00e9e de lecture estim\u00e9e\" \/>\n\t<meta name=\"twitter:data2\" content=\"1 minute\" \/>\n<script type=\"application\/ld+json\" class=\"yoast-schema-graph\">{\"@context\":\"https:\/\/schema.org\",\"@graph\":[{\"@type\":\"WebPage\",\"@id\":\"https:\/\/www.ladiagonale.net\/index.php\/2025\/07\/15\/des-contacts-entre-embolo-et-lac-milan\/\",\"url\":\"https:\/\/www.ladiagonale.net\/index.php\/2025\/07\/15\/des-contacts-entre-embolo-et-lac-milan\/\",\"name\":\"Des contacts entre Embolo et l'AC Milan ? - La Diagonale\",\"isPartOf\":{\"@id\":\"https:\/\/www.ladiagonale.net\/#website\"},\"datePublished\":\"2025-07-15T09:33:13+00:00\",\"dateModified\":\"2025-07-15T22:32:07+00:00\",\"author\":{\"@id\":\"https:\/\/www.ladiagonale.net\/#\/schema\/person\/79ff1e7b0853ed01b2aa26e64ad300bf\"},\"breadcrumb\":{\"@id\":\"https:\/\/www.ladiagonale.net\/index.php\/2025\/07\/15\/des-contacts-entre-embolo-et-lac-milan\/#breadcrumb\"},\"inLanguage\":\"fr-FR\",\"potentialAction\":[{\"@type\":\"ReadAction\",\"target\":[\"https:\/\/www.ladiagonale.net\/index.php\/2025\/07\/15\/des-contacts-entre-embolo-et-lac-milan\/\"]}]},{\"@type\":\"BreadcrumbList\",\"@id\":\"https:\/\/www.ladiagonale.net\/index.php\/2025\/07\/15\/des-contacts-entre-embolo-et-lac-milan\/#breadcrumb\",\"itemListElement\":[{\"@type\":\"ListItem\",\"position\":1,\"name\":\"Accueil\",\"item\":\"https:\/\/www.ladiagonale.net\/\"},{\"@type\":\"ListItem\",\"position\":2,\"name\":\"Des contacts entre Embolo et l&rsquo;AC Milan ?\"}]},{\"@type\":\"WebSite\",\"@id\":\"https:\/\/www.ladiagonale.net\/#website\",\"url\":\"https:\/\/www.ladiagonale.net\/\",\"name\":\"La Diagonale\",\"description\":\"Le site des supporters de l&#039;AS Monaco FC\",\"potentialAction\":[{\"@type\":\"SearchAction\",\"target\":{\"@type\":\"EntryPoint\",\"urlTemplate\":\"https:\/\/www.ladiagonale.net\/?s={search_term_string}\"},\"query-input\":\"required name=search_term_string\"}],\"inLanguage\":\"fr-FR\"},{\"@type\":\"Person\",\"@id\":\"https:\/\/www.ladiagonale.net\/#\/schema\/person\/79ff1e7b0853ed01b2aa26e64ad300bf\",\"name\":\"Damien Dellerba\",\"image\":{\"@type\":\"ImageObject\",\"inLanguage\":\"fr-FR\",\"@id\":\"https:\/\/www.ladiagonale.net\/#\/schema\/person\/image\/\",\"url\":\"https:\/\/secure.gravatar.com\/avatar\/c7850e06d3ff63cdbaee88b7fc16e2f0?s=96&d=mm&r=g\",\"contentUrl\":\"https:\/\/secure.gravatar.com\/avatar\/c7850e06d3ff63cdbaee88b7fc16e2f0?s=96&d=mm&r=g\",\"caption\":\"Damien Dellerba\"},\"url\":\"https:\/\/www.ladiagonale.net\/index.php\/author\/damien\/\"}]}<\/script>\n<!-- \/ Yoast SEO plugin. -->","yoast_head_json":{"title":"Des contacts entre Embolo et l'AC Milan ? - La Diagonale","robots":{"index":"index","follow":"follow","max-snippet":"max-snippet:-1","max-image-preview":"max-image-preview:large","max-video-preview":"max-video-preview:-1"},"canonical":"https:\/\/www.ladiagonale.net\/index.php\/2025\/07\/15\/des-contacts-entre-embolo-et-lac-milan\/","og_locale":"fr_FR","og_type":"article","og_title":"Des contacts entre Embolo et l'AC Milan ? - La Diagonale","og_description":"Breel Embolo est d\u00e9sormais dans sa derni\u00e8re ann\u00e9e de contrat avec l&rsquo;AS Monaco. Selon les indiscr\u00e9tions de la presse ces derniers mois, l&rsquo;heure ne semblait pas \u00e0 une prolongation, ce qui fait de l&rsquo;attaquant suisse un candidat au d\u00e9part. Si celui-ci ne semble pas avoir une envie d\u00e9mesur\u00e9e de s&rsquo;en aller, il existerait d\u00e9sormais des [...]","og_url":"https:\/\/www.ladiagonale.net\/index.php\/2025\/07\/15\/des-contacts-entre-embolo-et-lac-milan\/","og_site_name":"La Diagonale","article_published_time":"2025-07-15T09:33:13+00:00","article_modified_time":"2025-07-15T22:32:07+00:00","og_image":[{"width":1160,"height":650,"url":"https:\/\/www.ladiagonale.net\/wp-content\/uploads\/2024\/09\/Embolo2425.png","type":"image\/png"}],"author":"Damien Dellerba","twitter_card":"summary_large_image","twitter_image":"https:\/\/www.ladiagonale.net\/wp-content\/uploads\/2024\/09\/Embolo2425.png","twitter_misc":{"\u00c9crit par":"Damien Dellerba","Dur\u00e9e de lecture estim\u00e9e":"1 minute"},"schema":{"@context":"https:\/\/schema.org","@graph":[{"@type":"WebPage","@id":"https:\/\/www.ladiagonale.net\/index.php\/2025\/07\/15\/des-contacts-entre-embolo-et-lac-milan\/","url":"https:\/\/www.ladiagonale.net\/index.php\/2025\/07\/15\/des-contacts-entre-embolo-et-lac-milan\/","name":"Des contacts entre Embolo et l'AC Milan ? - La Diagonale","isPartOf":{"@id":"https:\/\/www.ladiagonale.net\/#website"},"datePublished":"2025-07-15T09:33:13+00:00","dateModified":"2025-07-15T22:32:07+00:00","author":{"@id":"https:\/\/www.ladiagonale.net\/#\/schema\/person\/79ff1e7b0853ed01b2aa26e64ad300bf"},"breadcrumb":{"@id":"https:\/\/www.ladiagonale.net\/index.php\/2025\/07\/15\/des-contacts-entre-embolo-et-lac-milan\/#breadcrumb"},"inLanguage":"fr-FR","potentialAction":[{"@type":"ReadAction","target":["https:\/\/www.ladiagonale.net\/index.php\/2025\/07\/15\/des-contacts-entre-embolo-et-lac-milan\/"]}]},{"@type":"BreadcrumbList","@id":"https:\/\/www.ladiagonale.net\/index.php\/2025\/07\/15\/des-contacts-entre-embolo-et-lac-milan\/#breadcrumb","itemListElement":[{"@type":"ListItem","position":1,"name":"Accueil","item":"https:\/\/www.ladiagonale.net\/"},{"@type":"ListItem","position":2,"name":"Des contacts entre Embolo et l&rsquo;AC Milan ?"}]},{"@type":"WebSite","@id":"https:\/\/www.ladiagonale.net\/#website","url":"https:\/\/www.ladiagonale.net\/","name":"La Diagonale","description":"Le site des supporters de l&#039;AS Monaco FC","potentialAction":[{"@type":"SearchAction","target":{"@type":"EntryPoint","urlTemplate":"https:\/\/www.ladiagonale.net\/?s={search_term_string}"},"query-input":"required name=search_term_string"}],"inLanguage":"fr-FR"},{"@type":"Person","@id":"https:\/\/www.ladiagonale.net\/#\/schema\/person\/79ff1e7b0853ed01b2aa26e64ad300bf","name":"Damien Dellerba","image":{"@type":"ImageObject","inLanguage":"fr-FR","@id":"https:\/\/www.ladiagonale.net\/#\/schema\/person\/image\/","url":"https:\/\/secure.gravatar.com\/avatar\/c7850e06d3ff63cdbaee88b7fc16e2f0?s=96&d=mm&r=g","contentUrl":"https:\/\/secure.gravatar.com\/avatar\/c7850e06d3ff63cdbaee88b7fc16e2f0?s=96&d=mm&r=g","caption":"Damien Dellerba"},"url":"https:\/\/www.ladiagonale.net\/index.php\/author\/damien\/"}]}},"_links":{"self":[{"href":"https:\/\/www.ladiagonale.net\/index.php\/wp-json\/wp\/v2\/posts\/32556"}],"collection":[{"href":"https:\/\/www.ladiagonale.net\/index.php\/wp-json\/wp\/v2\/posts"}],"about":[{"href":"https:\/\/www.ladiagonale.net\/index.php\/wp-json\/wp\/v2\/types\/post"}],"author":[{"embeddable":true,"href":"https:\/\/www.ladiagonale.net\/index.php\/wp-json\/wp\/v2\/users\/2"}],"replies":[{"embeddable":true,"href":"https:\/\/www.ladiagonale.net\/index.php\/wp-json\/wp\/v2\/comments?post=32556"}],"version-history":[{"count":2,"href":"https:\/\/www.ladiagonale.net\/index.php\/wp-json\/wp\/v2\/posts\/32556\/revisions"}],"predecessor-version":[{"id":32559,"href":"https:\/\/www.ladiagonale.net\/index.php\/wp-json\/wp\/v2\/posts\/32556\/revisions\/32559"}],"wp:attachment":[{"href":"https:\/\/www.ladiagonale.net\/index.php\/wp-json\/wp\/v2\/media?parent=32556"}],"wp:term":[{"taxonomy":"category","embeddable":true,"href":"https:\/\/www.ladiagonale.net\/index.php\/wp-json\/wp\/v2\/categories?post=32556"},{"taxonomy":"post_tag","embeddable":true,"href":"https:\/\/www.ladiagonale.net\/index.php\/wp-json\/wp\/v2\/tags?post=32556"}],"curies":[{"name":"wp","href":"https:\/\/api.w.org\/{rel}","templated":true}]}}