{"id":32565,"date":"2025-07-15T20:22:05","date_gmt":"2025-07-15T18:22:05","guid":{"rendered":"https:\/\/www.ladiagonale.net\/?p=32565"},"modified":"2025-07-16T11:35:04","modified_gmt":"2025-07-16T09:35:04","slug":"embolo-pousse-vers-la-sortie","status":"publish","type":"post","link":"https:\/\/www.ladiagonale.net\/index.php\/2025\/07\/15\/embolo-pousse-vers-la-sortie\/","title":{"rendered":"Embolo pouss\u00e9 vers la sortie ?"},"content":{"rendered":"\n\n\n<p>Jeudi, le journaliste italien Gianluca Di Marzio r\u00e9v\u00e9lait que <a href=\"https:\/\/www.ladiagonale.net\/index.php\/2025\/07\/15\/des-contacts-entre-embolo-et-lac-milan\/\" target=\"_blank\" rel=\"noreferrer noopener\">des contacts existaient avec l&rsquo;AC Milan<\/a> pour un transfert de Breel Embolo, \u00e0 un an de la fin de son contrat avec l&rsquo;AS Monaco. De plus amples informations ont \u00e9t\u00e9 donn\u00e9es ce vendredi, de la part de son homologue Fabrizio Romano et du journaliste belge Sacha Tavolieri. L&rsquo;attaquant suisse aurait \u00e9t\u00e9 directement propos\u00e9 par l&rsquo;ASM au club lombard, qui n&rsquo;en ferait pas sa priorit\u00e9 malgr\u00e9 un montant demand\u00e9 de 15 millions d&rsquo;euros, soit un peu plus que le tarif pour lequel il avait \u00e9t\u00e9 achet\u00e9 \u00e0 l&rsquo;\u00e9t\u00e9 2022 au Borussia M\u00f6nchengladbach (12,5 millions d&rsquo;euros).<\/p>\n\n\n\n<p>ll semblerait que le club de la Principaut\u00e9 et Embolo aient conclu un accord tacite il y a un an pour un d\u00e9part au cours de l&rsquo;\u00e9t\u00e9, \u00e9cartant ainsi l&rsquo;id\u00e9e d&rsquo;une prolongation. Mais, comme cela a pu \u00eatre rapport\u00e9 il y a quelques semaines, le joueur de 28 ans n&rsquo;aurait aucune h\u00e2te de quitter le Rocher, o\u00f9 il se sent bien. Il aurait d&rsquo;ailleurs refus\u00e9 une offre de Besiktas alors que les deux clubs s&rsquo;\u00e9taient visiblement mis d&rsquo;accord pour un transfert aux alentours de 15 millions d&rsquo;euros. D&rsquo;autres clubs se seraient vus proposer les services d&rsquo;Embolo, sans que leur identit\u00e9 ne soit r\u00e9v\u00e9l\u00e9e. <\/p>\n","protected":false},"excerpt":{"rendered":"<p>Jeudi, le journaliste italien Gianluca Di Marzio r\u00e9v\u00e9lait que des contacts existaient avec l&rsquo;AC Milan pour un transfert de Breel Embolo, \u00e0 un an de la fin de son contrat avec l&rsquo;AS Monaco. De plus amples informations ont \u00e9t\u00e9 donn\u00e9es ce vendredi, de la part de son homologue Fabrizio Romano et du journaliste belge Sacha [&#8230;]\n","protected":false},"author":2,"featured_media":0,"comment_status":"open","ping_status":"open","sticky":false,"template":"","format":"standard","meta":[],"categories":[6,1086],"tags":[86,161,111,110],"yoast_head":"<!-- This site is optimized with the Yoast SEO plugin v19.8 - https:\/\/yoast.com\/wordpress\/plugins\/seo\/ -->\n<title>Embolo pouss\u00e9 vers la sortie ? - La Diagonale<\/title>\n<meta name=\"robots\" content=\"index, follow, max-snippet:-1, max-image-preview:large, max-video-preview:-1\" \/>\n<link rel=\"canonical\" href=\"https:\/\/www.ladiagonale.net\/index.php\/2025\/07\/15\/embolo-pousse-vers-la-sortie\/\" \/>\n<meta property=\"og:locale\" content=\"fr_FR\" \/>\n<meta property=\"og:type\" content=\"article\" \/>\n<meta property=\"og:title\" content=\"Embolo pouss\u00e9 vers la sortie ? - La Diagonale\" \/>\n<meta property=\"og:description\" content=\"Jeudi, le journaliste italien Gianluca Di Marzio r\u00e9v\u00e9lait que des contacts existaient avec l&rsquo;AC Milan pour un transfert de Breel Embolo, \u00e0 un an de la fin de son contrat avec l&rsquo;AS Monaco. De plus amples informations ont \u00e9t\u00e9 donn\u00e9es ce vendredi, de la part de son homologue Fabrizio Romano et du journaliste belge Sacha [...]\" \/>\n<meta property=\"og:url\" content=\"https:\/\/www.ladiagonale.net\/index.php\/2025\/07\/15\/embolo-pousse-vers-la-sortie\/\" \/>\n<meta property=\"og:site_name\" content=\"La Diagonale\" \/>\n<meta property=\"article:published_time\" content=\"2025-07-15T18:22:05+00:00\" \/>\n<meta property=\"article:modified_time\" content=\"2025-07-16T09:35:04+00:00\" \/>\n<meta property=\"og:image\" content=\"https:\/\/www.ladiagonale.net\/wp-content\/uploads\/2024\/09\/Embolo2425.png\" \/>\n\t<meta property=\"og:image:width\" content=\"1160\" \/>\n\t<meta property=\"og:image:height\" content=\"650\" \/>\n\t<meta property=\"og:image:type\" content=\"image\/png\" \/>\n<meta name=\"author\" content=\"Damien Dellerba\" \/>\n<meta name=\"twitter:card\" content=\"summary_large_image\" \/>\n<meta name=\"twitter:image\" content=\"https:\/\/www.ladiagonale.net\/wp-content\/uploads\/2024\/09\/Embolo2425.png\" \/>\n<meta name=\"twitter:label1\" content=\"\u00c9crit par\" \/>\n\t<meta name=\"twitter:data1\" content=\"Damien Dellerba\" \/>\n\t<meta name=\"twitter:label2\" content=\"Dur\u00e9e de lecture estim\u00e9e\" \/>\n\t<meta name=\"twitter:data2\" content=\"2 minutes\" \/>\n<script type=\"application\/ld+json\" class=\"yoast-schema-graph\">{\"@context\":\"https:\/\/schema.org\",\"@graph\":[{\"@type\":\"WebPage\",\"@id\":\"https:\/\/www.ladiagonale.net\/index.php\/2025\/07\/15\/embolo-pousse-vers-la-sortie\/\",\"url\":\"https:\/\/www.ladiagonale.net\/index.php\/2025\/07\/15\/embolo-pousse-vers-la-sortie\/\",\"name\":\"Embolo pouss\u00e9 vers la sortie ? - La Diagonale\",\"isPartOf\":{\"@id\":\"https:\/\/www.ladiagonale.net\/#website\"},\"datePublished\":\"2025-07-15T18:22:05+00:00\",\"dateModified\":\"2025-07-16T09:35:04+00:00\",\"author\":{\"@id\":\"https:\/\/www.ladiagonale.net\/#\/schema\/person\/79ff1e7b0853ed01b2aa26e64ad300bf\"},\"breadcrumb\":{\"@id\":\"https:\/\/www.ladiagonale.net\/index.php\/2025\/07\/15\/embolo-pousse-vers-la-sortie\/#breadcrumb\"},\"inLanguage\":\"fr-FR\",\"potentialAction\":[{\"@type\":\"ReadAction\",\"target\":[\"https:\/\/www.ladiagonale.net\/index.php\/2025\/07\/15\/embolo-pousse-vers-la-sortie\/\"]}]},{\"@type\":\"BreadcrumbList\",\"@id\":\"https:\/\/www.ladiagonale.net\/index.php\/2025\/07\/15\/embolo-pousse-vers-la-sortie\/#breadcrumb\",\"itemListElement\":[{\"@type\":\"ListItem\",\"position\":1,\"name\":\"Accueil\",\"item\":\"https:\/\/www.ladiagonale.net\/\"},{\"@type\":\"ListItem\",\"position\":2,\"name\":\"Embolo pouss\u00e9 vers la sortie ?\"}]},{\"@type\":\"WebSite\",\"@id\":\"https:\/\/www.ladiagonale.net\/#website\",\"url\":\"https:\/\/www.ladiagonale.net\/\",\"name\":\"La Diagonale\",\"description\":\"Le site des supporters de l&#039;AS Monaco FC\",\"potentialAction\":[{\"@type\":\"SearchAction\",\"target\":{\"@type\":\"EntryPoint\",\"urlTemplate\":\"https:\/\/www.ladiagonale.net\/?s={search_term_string}\"},\"query-input\":\"required name=search_term_string\"}],\"inLanguage\":\"fr-FR\"},{\"@type\":\"Person\",\"@id\":\"https:\/\/www.ladiagonale.net\/#\/schema\/person\/79ff1e7b0853ed01b2aa26e64ad300bf\",\"name\":\"Damien Dellerba\",\"image\":{\"@type\":\"ImageObject\",\"inLanguage\":\"fr-FR\",\"@id\":\"https:\/\/www.ladiagonale.net\/#\/schema\/person\/image\/\",\"url\":\"https:\/\/secure.gravatar.com\/avatar\/c7850e06d3ff63cdbaee88b7fc16e2f0?s=96&d=mm&r=g\",\"contentUrl\":\"https:\/\/secure.gravatar.com\/avatar\/c7850e06d3ff63cdbaee88b7fc16e2f0?s=96&d=mm&r=g\",\"caption\":\"Damien Dellerba\"},\"url\":\"https:\/\/www.ladiagonale.net\/index.php\/author\/damien\/\"}]}<\/script>\n<!-- \/ Yoast SEO plugin. -->","yoast_head_json":{"title":"Embolo pouss\u00e9 vers la sortie ? - La Diagonale","robots":{"index":"index","follow":"follow","max-snippet":"max-snippet:-1","max-image-preview":"max-image-preview:large","max-video-preview":"max-video-preview:-1"},"canonical":"https:\/\/www.ladiagonale.net\/index.php\/2025\/07\/15\/embolo-pousse-vers-la-sortie\/","og_locale":"fr_FR","og_type":"article","og_title":"Embolo pouss\u00e9 vers la sortie ? - La Diagonale","og_description":"Jeudi, le journaliste italien Gianluca Di Marzio r\u00e9v\u00e9lait que des contacts existaient avec l&rsquo;AC Milan pour un transfert de Breel Embolo, \u00e0 un an de la fin de son contrat avec l&rsquo;AS Monaco. De plus amples informations ont \u00e9t\u00e9 donn\u00e9es ce vendredi, de la part de son homologue Fabrizio Romano et du journaliste belge Sacha [...]","og_url":"https:\/\/www.ladiagonale.net\/index.php\/2025\/07\/15\/embolo-pousse-vers-la-sortie\/","og_site_name":"La Diagonale","article_published_time":"2025-07-15T18:22:05+00:00","article_modified_time":"2025-07-16T09:35:04+00:00","og_image":[{"width":1160,"height":650,"url":"https:\/\/www.ladiagonale.net\/wp-content\/uploads\/2024\/09\/Embolo2425.png","type":"image\/png"}],"author":"Damien Dellerba","twitter_card":"summary_large_image","twitter_image":"https:\/\/www.ladiagonale.net\/wp-content\/uploads\/2024\/09\/Embolo2425.png","twitter_misc":{"\u00c9crit par":"Damien Dellerba","Dur\u00e9e de lecture estim\u00e9e":"2 minutes"},"schema":{"@context":"https:\/\/schema.org","@graph":[{"@type":"WebPage","@id":"https:\/\/www.ladiagonale.net\/index.php\/2025\/07\/15\/embolo-pousse-vers-la-sortie\/","url":"https:\/\/www.ladiagonale.net\/index.php\/2025\/07\/15\/embolo-pousse-vers-la-sortie\/","name":"Embolo pouss\u00e9 vers la sortie ? - La Diagonale","isPartOf":{"@id":"https:\/\/www.ladiagonale.net\/#website"},"datePublished":"2025-07-15T18:22:05+00:00","dateModified":"2025-07-16T09:35:04+00:00","author":{"@id":"https:\/\/www.ladiagonale.net\/#\/schema\/person\/79ff1e7b0853ed01b2aa26e64ad300bf"},"breadcrumb":{"@id":"https:\/\/www.ladiagonale.net\/index.php\/2025\/07\/15\/embolo-pousse-vers-la-sortie\/#breadcrumb"},"inLanguage":"fr-FR","potentialAction":[{"@type":"ReadAction","target":["https:\/\/www.ladiagonale.net\/index.php\/2025\/07\/15\/embolo-pousse-vers-la-sortie\/"]}]},{"@type":"BreadcrumbList","@id":"https:\/\/www.ladiagonale.net\/index.php\/2025\/07\/15\/embolo-pousse-vers-la-sortie\/#breadcrumb","itemListElement":[{"@type":"ListItem","position":1,"name":"Accueil","item":"https:\/\/www.ladiagonale.net\/"},{"@type":"ListItem","position":2,"name":"Embolo pouss\u00e9 vers la sortie ?"}]},{"@type":"WebSite","@id":"https:\/\/www.ladiagonale.net\/#website","url":"https:\/\/www.ladiagonale.net\/","name":"La Diagonale","description":"Le site des supporters de l&#039;AS Monaco FC","potentialAction":[{"@type":"SearchAction","target":{"@type":"EntryPoint","urlTemplate":"https:\/\/www.ladiagonale.net\/?s={search_term_string}"},"query-input":"required name=search_term_string"}],"inLanguage":"fr-FR"},{"@type":"Person","@id":"https:\/\/www.ladiagonale.net\/#\/schema\/person\/79ff1e7b0853ed01b2aa26e64ad300bf","name":"Damien Dellerba","image":{"@type":"ImageObject","inLanguage":"fr-FR","@id":"https:\/\/www.ladiagonale.net\/#\/schema\/person\/image\/","url":"https:\/\/secure.gravatar.com\/avatar\/c7850e06d3ff63cdbaee88b7fc16e2f0?s=96&d=mm&r=g","contentUrl":"https:\/\/secure.gravatar.com\/avatar\/c7850e06d3ff63cdbaee88b7fc16e2f0?s=96&d=mm&r=g","caption":"Damien Dellerba"},"url":"https:\/\/www.ladiagonale.net\/index.php\/author\/damien\/"}]}},"_links":{"self":[{"href":"https:\/\/www.ladiagonale.net\/index.php\/wp-json\/wp\/v2\/posts\/32565"}],"collection":[{"href":"https:\/\/www.ladiagonale.net\/index.php\/wp-json\/wp\/v2\/posts"}],"about":[{"href":"https:\/\/www.ladiagonale.net\/index.php\/wp-json\/wp\/v2\/types\/post"}],"author":[{"embeddable":true,"href":"https:\/\/www.ladiagonale.net\/index.php\/wp-json\/wp\/v2\/users\/2"}],"replies":[{"embeddable":true,"href":"https:\/\/www.ladiagonale.net\/index.php\/wp-json\/wp\/v2\/comments?post=32565"}],"version-history":[{"count":3,"href":"https:\/\/www.ladiagonale.net\/index.php\/wp-json\/wp\/v2\/posts\/32565\/revisions"}],"predecessor-version":[{"id":32569,"href":"https:\/\/www.ladiagonale.net\/index.php\/wp-json\/wp\/v2\/posts\/32565\/revisions\/32569"}],"wp:attachment":[{"href":"https:\/\/www.ladiagonale.net\/index.php\/wp-json\/wp\/v2\/media?parent=32565"}],"wp:term":[{"taxonomy":"category","embeddable":true,"href":"https:\/\/www.ladiagonale.net\/index.php\/wp-json\/wp\/v2\/categories?post=32565"},{"taxonomy":"post_tag","embeddable":true,"href":"https:\/\/www.ladiagonale.net\/index.php\/wp-json\/wp\/v2\/tags?post=32565"}],"curies":[{"name":"wp","href":"https:\/\/api.w.org\/{rel}","templated":true}]}}