{"id":32603,"date":"2025-07-17T00:58:36","date_gmt":"2025-07-16T22:58:36","guid":{"rendered":"https:\/\/www.ladiagonale.net\/?p=32603"},"modified":"2025-07-17T14:34:11","modified_gmt":"2025-07-17T12:34:11","slug":"diop-vers-un-pret-au-cercle-bruges","status":"publish","type":"post","link":"https:\/\/www.ladiagonale.net\/index.php\/2025\/07\/17\/diop-vers-un-pret-au-cercle-bruges\/","title":{"rendered":"Diop vers un pr\u00eat au Cercle Bruges"},"content":{"rendered":"\n<p>S\u2019il \u00e9tait pr\u00e9sent au stage en Angleterre, Edan Diop n\u2019\u00e9tait pas sur la feuille de match pour la seconde rencontre de pr\u00e9paration face \u00e0 Coventry City, remplac\u00e9 notamment par Pape Cabral. Une absence qui s\u2019expliquerait par un d\u00e9part, selon toute vraisemblance, imminent. Selon <em>Le Parisien<\/em>, le milieu de terrain de 20 ans devrait \u00eatre pr\u00eat\u00e9 au sein du club satellite de l\u2019ASM, le Cercle Bruges, o\u00f9 il rejoindrait le lat\u00e9ral gauche ivoirien Valy Konat\u00e9.<\/p>\n\n\n\n<p>La saison derni\u00e8re, Diop n\u2019a disput\u00e9 aucun match avec l\u2019\u00e9quipe premi\u00e8re (il compte 20 apparitions en pro), apr\u00e8s avoir notamment \u00e9t\u00e9 bless\u00e9 \u00e0 un pied et pourra donc esp\u00e9rer gagner du temps de jeu en <em>Jupiler Pro League<\/em>. Contre son probable futur club, le 11 juillet, le fr\u00e8re cadet de Sofiane a jou\u00e9 la seconde p\u00e9riode du premier match de pr\u00e9paration \u00e0 un poste inhabituel de d\u00e9fenseur central. Il est sous contrat en Principaut\u00e9 jusqu&rsquo;en 2028.<\/p>\n\n\n","protected":false},"excerpt":{"rendered":"<p>S\u2019il \u00e9tait pr\u00e9sent au stage en Angleterre, Edan Diop n\u2019\u00e9tait pas sur la feuille de match pour la seconde rencontre de pr\u00e9paration face \u00e0 Coventry City, remplac\u00e9 notamment par Pape Cabral. Une absence qui s\u2019expliquerait par un d\u00e9part, selon toute vraisemblance, imminent. Selon Le Parisien, le milieu de terrain de 20 ans devrait \u00eatre pr\u00eat\u00e9 [&#8230;]\n","protected":false},"author":2,"featured_media":0,"comment_status":"open","ping_status":"open","sticky":false,"template":"","format":"standard","meta":[],"categories":[6,1086],"tags":[86,212,80,111,110],"yoast_head":"<!-- This site is optimized with the Yoast SEO plugin v19.8 - https:\/\/yoast.com\/wordpress\/plugins\/seo\/ -->\n<title>Diop vers un pr\u00eat au Cercle Bruges - La Diagonale<\/title>\n<meta name=\"robots\" content=\"index, follow, max-snippet:-1, max-image-preview:large, max-video-preview:-1\" \/>\n<link rel=\"canonical\" href=\"https:\/\/www.ladiagonale.net\/index.php\/2025\/07\/17\/diop-vers-un-pret-au-cercle-bruges\/\" \/>\n<meta property=\"og:locale\" content=\"fr_FR\" \/>\n<meta property=\"og:type\" content=\"article\" \/>\n<meta property=\"og:title\" content=\"Diop vers un pr\u00eat au Cercle Bruges - La Diagonale\" \/>\n<meta property=\"og:description\" content=\"S\u2019il \u00e9tait pr\u00e9sent au stage en Angleterre, Edan Diop n\u2019\u00e9tait pas sur la feuille de match pour la seconde rencontre de pr\u00e9paration face \u00e0 Coventry City, remplac\u00e9 notamment par Pape Cabral. Une absence qui s\u2019expliquerait par un d\u00e9part, selon toute vraisemblance, imminent. Selon Le Parisien, le milieu de terrain de 20 ans devrait \u00eatre pr\u00eat\u00e9 [...]\" \/>\n<meta property=\"og:url\" content=\"https:\/\/www.ladiagonale.net\/index.php\/2025\/07\/17\/diop-vers-un-pret-au-cercle-bruges\/\" \/>\n<meta property=\"og:site_name\" content=\"La Diagonale\" \/>\n<meta property=\"article:published_time\" content=\"2025-07-16T22:58:36+00:00\" \/>\n<meta property=\"article:modified_time\" content=\"2025-07-17T12:34:11+00:00\" \/>\n<meta property=\"og:image\" content=\"https:\/\/www.ladiagonale.net\/wp-content\/uploads\/2025\/07\/Diop.png\" \/>\n\t<meta property=\"og:image:width\" content=\"1160\" \/>\n\t<meta property=\"og:image:height\" content=\"650\" \/>\n\t<meta property=\"og:image:type\" content=\"image\/png\" \/>\n<meta name=\"author\" content=\"Damien Dellerba\" \/>\n<meta name=\"twitter:card\" content=\"summary_large_image\" \/>\n<meta name=\"twitter:image\" content=\"https:\/\/www.ladiagonale.net\/wp-content\/uploads\/2025\/07\/Diop.png\" \/>\n<meta name=\"twitter:label1\" content=\"\u00c9crit par\" \/>\n\t<meta name=\"twitter:data1\" content=\"Damien Dellerba\" \/>\n\t<meta name=\"twitter:label2\" content=\"Dur\u00e9e de lecture estim\u00e9e\" \/>\n\t<meta name=\"twitter:data2\" content=\"1 minute\" \/>\n<script type=\"application\/ld+json\" class=\"yoast-schema-graph\">{\"@context\":\"https:\/\/schema.org\",\"@graph\":[{\"@type\":\"WebPage\",\"@id\":\"https:\/\/www.ladiagonale.net\/index.php\/2025\/07\/17\/diop-vers-un-pret-au-cercle-bruges\/\",\"url\":\"https:\/\/www.ladiagonale.net\/index.php\/2025\/07\/17\/diop-vers-un-pret-au-cercle-bruges\/\",\"name\":\"Diop vers un pr\u00eat au Cercle Bruges - La Diagonale\",\"isPartOf\":{\"@id\":\"https:\/\/www.ladiagonale.net\/#website\"},\"datePublished\":\"2025-07-16T22:58:36+00:00\",\"dateModified\":\"2025-07-17T12:34:11+00:00\",\"author\":{\"@id\":\"https:\/\/www.ladiagonale.net\/#\/schema\/person\/79ff1e7b0853ed01b2aa26e64ad300bf\"},\"breadcrumb\":{\"@id\":\"https:\/\/www.ladiagonale.net\/index.php\/2025\/07\/17\/diop-vers-un-pret-au-cercle-bruges\/#breadcrumb\"},\"inLanguage\":\"fr-FR\",\"potentialAction\":[{\"@type\":\"ReadAction\",\"target\":[\"https:\/\/www.ladiagonale.net\/index.php\/2025\/07\/17\/diop-vers-un-pret-au-cercle-bruges\/\"]}]},{\"@type\":\"BreadcrumbList\",\"@id\":\"https:\/\/www.ladiagonale.net\/index.php\/2025\/07\/17\/diop-vers-un-pret-au-cercle-bruges\/#breadcrumb\",\"itemListElement\":[{\"@type\":\"ListItem\",\"position\":1,\"name\":\"Accueil\",\"item\":\"https:\/\/www.ladiagonale.net\/\"},{\"@type\":\"ListItem\",\"position\":2,\"name\":\"Diop vers un pr\u00eat au Cercle Bruges\"}]},{\"@type\":\"WebSite\",\"@id\":\"https:\/\/www.ladiagonale.net\/#website\",\"url\":\"https:\/\/www.ladiagonale.net\/\",\"name\":\"La Diagonale\",\"description\":\"Le site des supporters de l&#039;AS Monaco FC\",\"potentialAction\":[{\"@type\":\"SearchAction\",\"target\":{\"@type\":\"EntryPoint\",\"urlTemplate\":\"https:\/\/www.ladiagonale.net\/?s={search_term_string}\"},\"query-input\":\"required name=search_term_string\"}],\"inLanguage\":\"fr-FR\"},{\"@type\":\"Person\",\"@id\":\"https:\/\/www.ladiagonale.net\/#\/schema\/person\/79ff1e7b0853ed01b2aa26e64ad300bf\",\"name\":\"Damien Dellerba\",\"image\":{\"@type\":\"ImageObject\",\"inLanguage\":\"fr-FR\",\"@id\":\"https:\/\/www.ladiagonale.net\/#\/schema\/person\/image\/\",\"url\":\"https:\/\/secure.gravatar.com\/avatar\/c7850e06d3ff63cdbaee88b7fc16e2f0?s=96&d=mm&r=g\",\"contentUrl\":\"https:\/\/secure.gravatar.com\/avatar\/c7850e06d3ff63cdbaee88b7fc16e2f0?s=96&d=mm&r=g\",\"caption\":\"Damien Dellerba\"},\"url\":\"https:\/\/www.ladiagonale.net\/index.php\/author\/damien\/\"}]}<\/script>\n<!-- \/ Yoast SEO plugin. -->","yoast_head_json":{"title":"Diop vers un pr\u00eat au Cercle Bruges - La Diagonale","robots":{"index":"index","follow":"follow","max-snippet":"max-snippet:-1","max-image-preview":"max-image-preview:large","max-video-preview":"max-video-preview:-1"},"canonical":"https:\/\/www.ladiagonale.net\/index.php\/2025\/07\/17\/diop-vers-un-pret-au-cercle-bruges\/","og_locale":"fr_FR","og_type":"article","og_title":"Diop vers un pr\u00eat au Cercle Bruges - La Diagonale","og_description":"S\u2019il \u00e9tait pr\u00e9sent au stage en Angleterre, Edan Diop n\u2019\u00e9tait pas sur la feuille de match pour la seconde rencontre de pr\u00e9paration face \u00e0 Coventry City, remplac\u00e9 notamment par Pape Cabral. Une absence qui s\u2019expliquerait par un d\u00e9part, selon toute vraisemblance, imminent. Selon Le Parisien, le milieu de terrain de 20 ans devrait \u00eatre pr\u00eat\u00e9 [...]","og_url":"https:\/\/www.ladiagonale.net\/index.php\/2025\/07\/17\/diop-vers-un-pret-au-cercle-bruges\/","og_site_name":"La Diagonale","article_published_time":"2025-07-16T22:58:36+00:00","article_modified_time":"2025-07-17T12:34:11+00:00","og_image":[{"width":1160,"height":650,"url":"https:\/\/www.ladiagonale.net\/wp-content\/uploads\/2025\/07\/Diop.png","type":"image\/png"}],"author":"Damien Dellerba","twitter_card":"summary_large_image","twitter_image":"https:\/\/www.ladiagonale.net\/wp-content\/uploads\/2025\/07\/Diop.png","twitter_misc":{"\u00c9crit par":"Damien Dellerba","Dur\u00e9e de lecture estim\u00e9e":"1 minute"},"schema":{"@context":"https:\/\/schema.org","@graph":[{"@type":"WebPage","@id":"https:\/\/www.ladiagonale.net\/index.php\/2025\/07\/17\/diop-vers-un-pret-au-cercle-bruges\/","url":"https:\/\/www.ladiagonale.net\/index.php\/2025\/07\/17\/diop-vers-un-pret-au-cercle-bruges\/","name":"Diop vers un pr\u00eat au Cercle Bruges - La Diagonale","isPartOf":{"@id":"https:\/\/www.ladiagonale.net\/#website"},"datePublished":"2025-07-16T22:58:36+00:00","dateModified":"2025-07-17T12:34:11+00:00","author":{"@id":"https:\/\/www.ladiagonale.net\/#\/schema\/person\/79ff1e7b0853ed01b2aa26e64ad300bf"},"breadcrumb":{"@id":"https:\/\/www.ladiagonale.net\/index.php\/2025\/07\/17\/diop-vers-un-pret-au-cercle-bruges\/#breadcrumb"},"inLanguage":"fr-FR","potentialAction":[{"@type":"ReadAction","target":["https:\/\/www.ladiagonale.net\/index.php\/2025\/07\/17\/diop-vers-un-pret-au-cercle-bruges\/"]}]},{"@type":"BreadcrumbList","@id":"https:\/\/www.ladiagonale.net\/index.php\/2025\/07\/17\/diop-vers-un-pret-au-cercle-bruges\/#breadcrumb","itemListElement":[{"@type":"ListItem","position":1,"name":"Accueil","item":"https:\/\/www.ladiagonale.net\/"},{"@type":"ListItem","position":2,"name":"Diop vers un pr\u00eat au Cercle Bruges"}]},{"@type":"WebSite","@id":"https:\/\/www.ladiagonale.net\/#website","url":"https:\/\/www.ladiagonale.net\/","name":"La Diagonale","description":"Le site des supporters de l&#039;AS Monaco FC","potentialAction":[{"@type":"SearchAction","target":{"@type":"EntryPoint","urlTemplate":"https:\/\/www.ladiagonale.net\/?s={search_term_string}"},"query-input":"required name=search_term_string"}],"inLanguage":"fr-FR"},{"@type":"Person","@id":"https:\/\/www.ladiagonale.net\/#\/schema\/person\/79ff1e7b0853ed01b2aa26e64ad300bf","name":"Damien Dellerba","image":{"@type":"ImageObject","inLanguage":"fr-FR","@id":"https:\/\/www.ladiagonale.net\/#\/schema\/person\/image\/","url":"https:\/\/secure.gravatar.com\/avatar\/c7850e06d3ff63cdbaee88b7fc16e2f0?s=96&d=mm&r=g","contentUrl":"https:\/\/secure.gravatar.com\/avatar\/c7850e06d3ff63cdbaee88b7fc16e2f0?s=96&d=mm&r=g","caption":"Damien Dellerba"},"url":"https:\/\/www.ladiagonale.net\/index.php\/author\/damien\/"}]}},"_links":{"self":[{"href":"https:\/\/www.ladiagonale.net\/index.php\/wp-json\/wp\/v2\/posts\/32603"}],"collection":[{"href":"https:\/\/www.ladiagonale.net\/index.php\/wp-json\/wp\/v2\/posts"}],"about":[{"href":"https:\/\/www.ladiagonale.net\/index.php\/wp-json\/wp\/v2\/types\/post"}],"author":[{"embeddable":true,"href":"https:\/\/www.ladiagonale.net\/index.php\/wp-json\/wp\/v2\/users\/2"}],"replies":[{"embeddable":true,"href":"https:\/\/www.ladiagonale.net\/index.php\/wp-json\/wp\/v2\/comments?post=32603"}],"version-history":[{"count":6,"href":"https:\/\/www.ladiagonale.net\/index.php\/wp-json\/wp\/v2\/posts\/32603\/revisions"}],"predecessor-version":[{"id":32629,"href":"https:\/\/www.ladiagonale.net\/index.php\/wp-json\/wp\/v2\/posts\/32603\/revisions\/32629"}],"wp:attachment":[{"href":"https:\/\/www.ladiagonale.net\/index.php\/wp-json\/wp\/v2\/media?parent=32603"}],"wp:term":[{"taxonomy":"category","embeddable":true,"href":"https:\/\/www.ladiagonale.net\/index.php\/wp-json\/wp\/v2\/categories?post=32603"},{"taxonomy":"post_tag","embeddable":true,"href":"https:\/\/www.ladiagonale.net\/index.php\/wp-json\/wp\/v2\/tags?post=32603"}],"curies":[{"name":"wp","href":"https:\/\/api.w.org\/{rel}","templated":true}]}}