{"id":32609,"date":"2025-07-17T01:57:42","date_gmt":"2025-07-16T23:57:42","guid":{"rendered":"https:\/\/www.ladiagonale.net\/?p=32609"},"modified":"2025-07-17T01:57:43","modified_gmt":"2025-07-16T23:57:43","slug":"hutter-une-vraie-difference-avec-le-match-contre-le-cercle-bruges","status":"publish","type":"post","link":"https:\/\/www.ladiagonale.net\/index.php\/2025\/07\/17\/hutter-une-vraie-difference-avec-le-match-contre-le-cercle-bruges\/","title":{"rendered":"H\u00fctter : \u00ab\u00a0Une vraie diff\u00e9rence avec le match contre le Cercle Bruges\u00a0\u00bb"},"content":{"rendered":"\n\n\n<p>L\u2019AS Monaco a remport\u00e9 son second match de pr\u00e9paration en \u00e9crasant l\u2019\u00e9quipe de Coventry (5-0), qui \u00e9volue au deuxi\u00e8me \u00e9chelon en Angleterre. Un succ\u00e8s qui a bien plus satisfait son entra\u00eeneur Adi H\u00fctter que celui de la semaine pr\u00e9c\u00e9dente contre le Cercle Bruges : \u00ab <em>Coventry a \u00e9t\u00e9 proche de monter en Premier League la saison derni\u00e8re donc c\u2019\u00e9tait un bon test pour nous. Ce que j\u2019ai appr\u00e9ci\u00e9 aujourd\u2019hui, c\u2019est qu\u2019il y avait une vraie diff\u00e9rence avec le dernier match contre le Cercle Bruges. Nous avons fait un bon match aujourd\u2019hui, surtout en seconde p\u00e9riode.<\/em>\u00a0\u00bb<\/p>\n\n\n\n<p>L\u2019Autrichien a notamment expliqu\u00e9 pourquoi cette seconde p\u00e9riode avait \u00e9t\u00e9 meilleure que la premi\u00e8re : \u00ab\u00a0<em>J\u2019ai \u00e9t\u00e9 davantage satisfait en deuxi\u00e8me mi-temps par rapport \u00e0 la fa\u00e7on dont nous avons jou\u00e9 au football. \u00c0 mon avis, on a \u00e9t\u00e9 meilleurs balle au pied. Nous avons \u00e9galement mieux press\u00e9 qu\u2019en premi\u00e8re mi-temps. On a \u00e9t\u00e9 plus matures.<\/em>\u00a0\u00bb<\/p>\n\n\n\n<p>H\u00fctter a aussi expliqu\u00e9 comment les temps de jeu avaient \u00e9t\u00e9 r\u00e9partis sur ces deux premiers matches de pr\u00e9paration, ajoutant que cela \u00e9voluerait pour le suivant : \u00ab\u00a0<em>Certains joueurs auront peut-\u00eatre 60 minutes contre Nottingham samedi. Mais depuis que je suis entra\u00eeneur, j\u2019aime que tout le monde soit sur un pied d\u2019\u00e9galit\u00e9, parce que \u00e7a n\u2019a aucun sens de laisser certains jouer 70 minutes et les autres 30.<\/em>\u00a0\u00bb<\/p>\n\n\n\n<p class=\"has-text-align-right\">Source : <em>Nice-Matin<\/em><\/p>\n","protected":false},"excerpt":{"rendered":"<p>L\u2019AS Monaco a remport\u00e9 son second match de pr\u00e9paration en \u00e9crasant l\u2019\u00e9quipe de Coventry (5-0), qui \u00e9volue au deuxi\u00e8me \u00e9chelon en Angleterre. Un succ\u00e8s qui a bien plus satisfait son entra\u00eeneur Adi H\u00fctter que celui de la semaine pr\u00e9c\u00e9dente contre le Cercle Bruges : \u00ab Coventry a \u00e9t\u00e9 proche de monter en Premier League la [&#8230;]\n","protected":false},"author":2,"featured_media":0,"comment_status":"open","ping_status":"open","sticky":false,"template":"","format":"standard","meta":[],"categories":[6],"tags":[576,87,86,592],"yoast_head":"<!-- This site is optimized with the Yoast SEO plugin v19.8 - https:\/\/yoast.com\/wordpress\/plugins\/seo\/ -->\n<title>H\u00fctter : \u00ab\u00a0Une vraie diff\u00e9rence avec le match contre le Cercle Bruges\u00a0\u00bb - La Diagonale<\/title>\n<meta name=\"robots\" content=\"index, follow, max-snippet:-1, max-image-preview:large, max-video-preview:-1\" \/>\n<link rel=\"canonical\" href=\"https:\/\/www.ladiagonale.net\/index.php\/2025\/07\/17\/hutter-une-vraie-difference-avec-le-match-contre-le-cercle-bruges\/\" \/>\n<meta property=\"og:locale\" content=\"fr_FR\" \/>\n<meta property=\"og:type\" content=\"article\" \/>\n<meta property=\"og:title\" content=\"H\u00fctter : \u00ab\u00a0Une vraie diff\u00e9rence avec le match contre le Cercle Bruges\u00a0\u00bb - La Diagonale\" \/>\n<meta property=\"og:description\" content=\"L\u2019AS Monaco a remport\u00e9 son second match de pr\u00e9paration en \u00e9crasant l\u2019\u00e9quipe de Coventry (5-0), qui \u00e9volue au deuxi\u00e8me \u00e9chelon en Angleterre. Un succ\u00e8s qui a bien plus satisfait son entra\u00eeneur Adi H\u00fctter que celui de la semaine pr\u00e9c\u00e9dente contre le Cercle Bruges : \u00ab Coventry a \u00e9t\u00e9 proche de monter en Premier League la [...]\" \/>\n<meta property=\"og:url\" content=\"https:\/\/www.ladiagonale.net\/index.php\/2025\/07\/17\/hutter-une-vraie-difference-avec-le-match-contre-le-cercle-bruges\/\" \/>\n<meta property=\"og:site_name\" content=\"La Diagonale\" \/>\n<meta property=\"article:published_time\" content=\"2025-07-16T23:57:42+00:00\" \/>\n<meta property=\"article:modified_time\" content=\"2025-07-16T23:57:43+00:00\" \/>\n<meta property=\"og:image\" content=\"https:\/\/www.ladiagonale.net\/wp-content\/uploads\/2025\/07\/hutter25.png\" \/>\n\t<meta property=\"og:image:width\" content=\"1160\" \/>\n\t<meta property=\"og:image:height\" content=\"650\" \/>\n\t<meta property=\"og:image:type\" content=\"image\/png\" \/>\n<meta name=\"author\" content=\"Damien Dellerba\" \/>\n<meta name=\"twitter:card\" content=\"summary_large_image\" \/>\n<meta name=\"twitter:image\" content=\"https:\/\/www.ladiagonale.net\/wp-content\/uploads\/2025\/07\/hutter25.png\" \/>\n<meta name=\"twitter:label1\" content=\"\u00c9crit par\" \/>\n\t<meta name=\"twitter:data1\" content=\"Damien Dellerba\" \/>\n\t<meta name=\"twitter:label2\" content=\"Dur\u00e9e de lecture estim\u00e9e\" \/>\n\t<meta name=\"twitter:data2\" content=\"2 minutes\" \/>\n<script type=\"application\/ld+json\" class=\"yoast-schema-graph\">{\"@context\":\"https:\/\/schema.org\",\"@graph\":[{\"@type\":\"WebPage\",\"@id\":\"https:\/\/www.ladiagonale.net\/index.php\/2025\/07\/17\/hutter-une-vraie-difference-avec-le-match-contre-le-cercle-bruges\/\",\"url\":\"https:\/\/www.ladiagonale.net\/index.php\/2025\/07\/17\/hutter-une-vraie-difference-avec-le-match-contre-le-cercle-bruges\/\",\"name\":\"H\u00fctter : \u00ab\u00a0Une vraie diff\u00e9rence avec le match contre le Cercle Bruges\u00a0\u00bb - La Diagonale\",\"isPartOf\":{\"@id\":\"https:\/\/www.ladiagonale.net\/#website\"},\"datePublished\":\"2025-07-16T23:57:42+00:00\",\"dateModified\":\"2025-07-16T23:57:43+00:00\",\"author\":{\"@id\":\"https:\/\/www.ladiagonale.net\/#\/schema\/person\/79ff1e7b0853ed01b2aa26e64ad300bf\"},\"breadcrumb\":{\"@id\":\"https:\/\/www.ladiagonale.net\/index.php\/2025\/07\/17\/hutter-une-vraie-difference-avec-le-match-contre-le-cercle-bruges\/#breadcrumb\"},\"inLanguage\":\"fr-FR\",\"potentialAction\":[{\"@type\":\"ReadAction\",\"target\":[\"https:\/\/www.ladiagonale.net\/index.php\/2025\/07\/17\/hutter-une-vraie-difference-avec-le-match-contre-le-cercle-bruges\/\"]}]},{\"@type\":\"BreadcrumbList\",\"@id\":\"https:\/\/www.ladiagonale.net\/index.php\/2025\/07\/17\/hutter-une-vraie-difference-avec-le-match-contre-le-cercle-bruges\/#breadcrumb\",\"itemListElement\":[{\"@type\":\"ListItem\",\"position\":1,\"name\":\"Accueil\",\"item\":\"https:\/\/www.ladiagonale.net\/\"},{\"@type\":\"ListItem\",\"position\":2,\"name\":\"H\u00fctter : \u00ab\u00a0Une vraie diff\u00e9rence avec le match contre le Cercle Bruges\u00a0\u00bb\"}]},{\"@type\":\"WebSite\",\"@id\":\"https:\/\/www.ladiagonale.net\/#website\",\"url\":\"https:\/\/www.ladiagonale.net\/\",\"name\":\"La Diagonale\",\"description\":\"Le site des supporters de l&#039;AS Monaco FC\",\"potentialAction\":[{\"@type\":\"SearchAction\",\"target\":{\"@type\":\"EntryPoint\",\"urlTemplate\":\"https:\/\/www.ladiagonale.net\/?s={search_term_string}\"},\"query-input\":\"required name=search_term_string\"}],\"inLanguage\":\"fr-FR\"},{\"@type\":\"Person\",\"@id\":\"https:\/\/www.ladiagonale.net\/#\/schema\/person\/79ff1e7b0853ed01b2aa26e64ad300bf\",\"name\":\"Damien Dellerba\",\"image\":{\"@type\":\"ImageObject\",\"inLanguage\":\"fr-FR\",\"@id\":\"https:\/\/www.ladiagonale.net\/#\/schema\/person\/image\/\",\"url\":\"https:\/\/secure.gravatar.com\/avatar\/c7850e06d3ff63cdbaee88b7fc16e2f0?s=96&d=mm&r=g\",\"contentUrl\":\"https:\/\/secure.gravatar.com\/avatar\/c7850e06d3ff63cdbaee88b7fc16e2f0?s=96&d=mm&r=g\",\"caption\":\"Damien Dellerba\"},\"url\":\"https:\/\/www.ladiagonale.net\/index.php\/author\/damien\/\"}]}<\/script>\n<!-- \/ Yoast SEO plugin. -->","yoast_head_json":{"title":"H\u00fctter : \u00ab\u00a0Une vraie diff\u00e9rence avec le match contre le Cercle Bruges\u00a0\u00bb - La Diagonale","robots":{"index":"index","follow":"follow","max-snippet":"max-snippet:-1","max-image-preview":"max-image-preview:large","max-video-preview":"max-video-preview:-1"},"canonical":"https:\/\/www.ladiagonale.net\/index.php\/2025\/07\/17\/hutter-une-vraie-difference-avec-le-match-contre-le-cercle-bruges\/","og_locale":"fr_FR","og_type":"article","og_title":"H\u00fctter : \u00ab\u00a0Une vraie diff\u00e9rence avec le match contre le Cercle Bruges\u00a0\u00bb - La Diagonale","og_description":"L\u2019AS Monaco a remport\u00e9 son second match de pr\u00e9paration en \u00e9crasant l\u2019\u00e9quipe de Coventry (5-0), qui \u00e9volue au deuxi\u00e8me \u00e9chelon en Angleterre. Un succ\u00e8s qui a bien plus satisfait son entra\u00eeneur Adi H\u00fctter que celui de la semaine pr\u00e9c\u00e9dente contre le Cercle Bruges : \u00ab Coventry a \u00e9t\u00e9 proche de monter en Premier League la [...]","og_url":"https:\/\/www.ladiagonale.net\/index.php\/2025\/07\/17\/hutter-une-vraie-difference-avec-le-match-contre-le-cercle-bruges\/","og_site_name":"La Diagonale","article_published_time":"2025-07-16T23:57:42+00:00","article_modified_time":"2025-07-16T23:57:43+00:00","og_image":[{"width":1160,"height":650,"url":"https:\/\/www.ladiagonale.net\/wp-content\/uploads\/2025\/07\/hutter25.png","type":"image\/png"}],"author":"Damien Dellerba","twitter_card":"summary_large_image","twitter_image":"https:\/\/www.ladiagonale.net\/wp-content\/uploads\/2025\/07\/hutter25.png","twitter_misc":{"\u00c9crit par":"Damien Dellerba","Dur\u00e9e de lecture estim\u00e9e":"2 minutes"},"schema":{"@context":"https:\/\/schema.org","@graph":[{"@type":"WebPage","@id":"https:\/\/www.ladiagonale.net\/index.php\/2025\/07\/17\/hutter-une-vraie-difference-avec-le-match-contre-le-cercle-bruges\/","url":"https:\/\/www.ladiagonale.net\/index.php\/2025\/07\/17\/hutter-une-vraie-difference-avec-le-match-contre-le-cercle-bruges\/","name":"H\u00fctter : \u00ab\u00a0Une vraie diff\u00e9rence avec le match contre le Cercle Bruges\u00a0\u00bb - La Diagonale","isPartOf":{"@id":"https:\/\/www.ladiagonale.net\/#website"},"datePublished":"2025-07-16T23:57:42+00:00","dateModified":"2025-07-16T23:57:43+00:00","author":{"@id":"https:\/\/www.ladiagonale.net\/#\/schema\/person\/79ff1e7b0853ed01b2aa26e64ad300bf"},"breadcrumb":{"@id":"https:\/\/www.ladiagonale.net\/index.php\/2025\/07\/17\/hutter-une-vraie-difference-avec-le-match-contre-le-cercle-bruges\/#breadcrumb"},"inLanguage":"fr-FR","potentialAction":[{"@type":"ReadAction","target":["https:\/\/www.ladiagonale.net\/index.php\/2025\/07\/17\/hutter-une-vraie-difference-avec-le-match-contre-le-cercle-bruges\/"]}]},{"@type":"BreadcrumbList","@id":"https:\/\/www.ladiagonale.net\/index.php\/2025\/07\/17\/hutter-une-vraie-difference-avec-le-match-contre-le-cercle-bruges\/#breadcrumb","itemListElement":[{"@type":"ListItem","position":1,"name":"Accueil","item":"https:\/\/www.ladiagonale.net\/"},{"@type":"ListItem","position":2,"name":"H\u00fctter : \u00ab\u00a0Une vraie diff\u00e9rence avec le match contre le Cercle Bruges\u00a0\u00bb"}]},{"@type":"WebSite","@id":"https:\/\/www.ladiagonale.net\/#website","url":"https:\/\/www.ladiagonale.net\/","name":"La Diagonale","description":"Le site des supporters de l&#039;AS Monaco FC","potentialAction":[{"@type":"SearchAction","target":{"@type":"EntryPoint","urlTemplate":"https:\/\/www.ladiagonale.net\/?s={search_term_string}"},"query-input":"required name=search_term_string"}],"inLanguage":"fr-FR"},{"@type":"Person","@id":"https:\/\/www.ladiagonale.net\/#\/schema\/person\/79ff1e7b0853ed01b2aa26e64ad300bf","name":"Damien Dellerba","image":{"@type":"ImageObject","inLanguage":"fr-FR","@id":"https:\/\/www.ladiagonale.net\/#\/schema\/person\/image\/","url":"https:\/\/secure.gravatar.com\/avatar\/c7850e06d3ff63cdbaee88b7fc16e2f0?s=96&d=mm&r=g","contentUrl":"https:\/\/secure.gravatar.com\/avatar\/c7850e06d3ff63cdbaee88b7fc16e2f0?s=96&d=mm&r=g","caption":"Damien Dellerba"},"url":"https:\/\/www.ladiagonale.net\/index.php\/author\/damien\/"}]}},"_links":{"self":[{"href":"https:\/\/www.ladiagonale.net\/index.php\/wp-json\/wp\/v2\/posts\/32609"}],"collection":[{"href":"https:\/\/www.ladiagonale.net\/index.php\/wp-json\/wp\/v2\/posts"}],"about":[{"href":"https:\/\/www.ladiagonale.net\/index.php\/wp-json\/wp\/v2\/types\/post"}],"author":[{"embeddable":true,"href":"https:\/\/www.ladiagonale.net\/index.php\/wp-json\/wp\/v2\/users\/2"}],"replies":[{"embeddable":true,"href":"https:\/\/www.ladiagonale.net\/index.php\/wp-json\/wp\/v2\/comments?post=32609"}],"version-history":[{"count":1,"href":"https:\/\/www.ladiagonale.net\/index.php\/wp-json\/wp\/v2\/posts\/32609\/revisions"}],"predecessor-version":[{"id":32611,"href":"https:\/\/www.ladiagonale.net\/index.php\/wp-json\/wp\/v2\/posts\/32609\/revisions\/32611"}],"wp:attachment":[{"href":"https:\/\/www.ladiagonale.net\/index.php\/wp-json\/wp\/v2\/media?parent=32609"}],"wp:term":[{"taxonomy":"category","embeddable":true,"href":"https:\/\/www.ladiagonale.net\/index.php\/wp-json\/wp\/v2\/categories?post=32609"},{"taxonomy":"post_tag","embeddable":true,"href":"https:\/\/www.ladiagonale.net\/index.php\/wp-json\/wp\/v2\/tags?post=32609"}],"curies":[{"name":"wp","href":"https:\/\/api.w.org\/{rel}","templated":true}]}}